{"id":102490,"date":"2018-08-31T14:40:45","date_gmt":"2018-08-31T14:40:45","guid":{"rendered":"https:\/\/lavozdehellin.com\/noticias\/v01-069-el-circuito-btt-diputacion-de-albacete-hace-parada-en-ferez\/"},"modified":"2024-01-04T14:08:50","modified_gmt":"2024-01-04T14:08:50","slug":"v01-069-el-circuito-btt-diputacion-de-albacete-hace-parada-en-ferez","status":"publish","type":"post","link":"https:\/\/lavozdehellin.com\/noticias\/v01-069-el-circuito-btt-diputacion-de-albacete-hace-parada-en-ferez\/","title":{"rendered":"LVH NOTICIAS | EL CIRCUITO BTT DIPUTACI\u00d3N DE ALBACETE HACE PARADA EN F\u00c9REZ"},"content":{"rendered":"<p style=\"text-align: justify;\">Este domingo, el XII Circuito Provincial BTT Diputaci\u00f3n de Albacete, se detiene en la localidad serrana de F\u00e9rez, municipio situado al sur de la provincia y una de las \u00faltimas estribaciones de la Sierra del Segura, lo que augura una singular\u00a0 prueba de BTT, y en la que se podr\u00e1 disfrutar de la belleza paisaj\u00edstica del lugar.<\/p>\n<p><!--more--><br \/>\n<!--publicidad-voz01--><a href=\"https:\/\/www.facebook.com\/SoloRadioHellin\/?locale=es_ES\"><img decoding=\"async\" class=\"alignnone size-medium\" src=\"https:\/\/blogger.googleusercontent.com\/img\/b\/R29vZ2xl\/AVvXsEiNncirNnyGedv00mhjZjh5Wl4_YPdJGanoAl8tL8zH-HwqE8uHqjEfSt340RHdx-9tuCSIkZ8rFamZiGyYlgDGxCsmXjCH_1xk5eYM3ntFZRvJP_jndOKR7w1UAo9Tu0vrZyOLfqRpHIxYI5SymJJ-pfGCQw6QVpggBH-UgfjiFQ2JOxqxG0Jx94kW83c\/s1600\/logo-principal.jpg\" width=\"100%\" height=\"100\" \/><\/a><!--bestpublic-voz01--><!--desk-in-out-voz01--><br \/>\n<!--publicidad-voz02--><a href=\"https:\/\/www.hellincf.com\/\"><img decoding=\"async\" class=\"alignnone size-medium\" src=\"https:\/\/blogger.googleusercontent.com\/img\/b\/R29vZ2xl\/AVvXsEhuZ4-XfBVj3UtdP8-RZugy3WVrg-Zv28c53m4oV47qYCxL1rX_dqWX_YddsGSnpH5SRDqZ7bZeKPIfDVCDncpjVlhy3aQs2vojcJBn7Gdv9hC2_Nzct_pRFrnFE1a7KTCdY1bT_kAgnY3-iadRZrGeJf1fR2P5fu11bokx0pWjaypoy-ctwCjklldpEbA\/s1600\/logo-principal7.jpg\" width=\"100%\" height=\"100\" \/><\/a><!--bestpublic-voz02--><!--desk-in-out-voz02--><\/p>\n<p style=\"text-align: justify;\">El pistoletazo de salida tendr\u00e1 lugar a las diez de la ma\u00f1ana, desde el Paseo del Pilar, reuniendo en la salida a doscientos noventa participantes, lo que demuestra la gran aceptaci\u00f3n que estas pruebas tienen.<\/p>\n<p style=\"text-align: justify;\">Entre los corredores que no toman la salida, destacar las ausencias de Jos\u00e9 Luis Pastor (IGM\u2013EUROCICLO) y C\u00e9sar Ruiz (TEAM PREMIER HELL\u00cdN), primer y tercer clasificados de la general. A pesar de ello, habr\u00e1 un importante elenco de ciclistas dispuestos a proclamarse vencedores de esta exigente prueba, entre ellos, Alberto L\u00f3pez (BICIS EL HELLINERO\u2013ACECHO), Juan Moreno (GOBIK LOS BRONCES RACING TEAM), Pedro Jes\u00fas Rodr\u00edguez y Manuel Garijo (INGETEAM RUMBO BTT), habituales en los puestos cabeceros en las diferentes pruebas que congrega el Circuito Provincial.<\/p>\n<p style=\"text-align: justify;\">En la categor\u00eda femenina significar tambi\u00e9n importantes ausencias como las de A\u00edda Mil\u00e1n (INGETEAM RUMBO BTT) y Ver\u00f3nica Gonz\u00e1lez (BICICLETAS APARICIO BTT), primera y segunda clasificadas de la general femenina, Celia Pina (LOS RASPETAS), etc. Sin embargo, igual que en la categor\u00eda masculina, habr\u00e1 corredoras de acreditada solvencia en este tipo de pruebas, tales como Alfonsi Villar (FERRO ICE\u2013CONTRALLANO BTT), Almudena Jim\u00e9nez (ARTE BICIS C.C.), Mar\u00eda \u00c1ngeles Alegre y Maxi T\u00e1rraga (DEPOR BIKE SPORTECNIC CLUB CICLISTA).<\/p>\n<p style=\"text-align: justify;\">El recorrido de la prueba se compone de 39 kil\u00f3metros con un perfil t\u00edpico de sierra, con un grado medio alto tanto f\u00edsicamente como t\u00e9cnicamente. La ruta transcurre por el cerezo y el calar de F\u00e9rez, pasando por la aldea la Abejuela de Letur, por el m\u00edtico puente de madera, recorriendo diferentes sendas, caminos y trialeras de gran belleza paisaj\u00edstica del entorno con nuevas sendas.<\/p>\n<p style=\"text-align: justify;\">El recorrido alternativo contar\u00e1 con la presencia de 40 participantes, entre los que se incluyen\u00a0 a los corredores de categor\u00eda junior. Son 21 kil\u00f3metros, menos exigentes que los de la marcha larga, pero que igualmente transcurrir\u00e1 por terreno monta\u00f1oso, luego hay que tener unas m\u00ednimas nociones t\u00e9cnicas, en el manejo de la bicicleta, para poderlo superar.<\/p>\n<p style=\"text-align: justify;\">Una vez terminado la carrera, todos los participantes podr\u00e1n disfrutar de un copioso aperitivo final, momento utilizado para comentar con los compa\u00f1eros y compa\u00f1eras los mejores momentos de la prueba, instante en el que tendr\u00e1 lugar la entrega de trofeos, que en esta ocasi\u00f3n se realizar\u00e1 a los tres primeros de la general, masculina y femenina, a los primeros de cada una de las categor\u00edas, y a los ganadores del circuito alternativo. Adem\u00e1s tendr\u00e1 premio el club m\u00e1s numeroso, y los corredores locales.<\/p>\n<p style=\"text-align: justify;\">Todo preparado por tanto para que comience una nueva prueba del XI Circuito Provincial de BTT organizado por la Diputaci\u00f3n Provincial de Albacete.<\/p>\n<p><!--publicidad-voz03--><a href=\"https:\/\/www.facebook.com\/profile.php?id=100063593791305&amp;locale=es_ES\"><img decoding=\"async\" class=\"alignnone size-medium\" src=\"https:\/\/blogger.googleusercontent.com\/img\/b\/R29vZ2xl\/AVvXsEi8_n_ll8UOcGxCqzFvb_9Io4ICczlGC990BPtPj2w9Px-u7B3oqWUW5vtjZUqPNJ-nyjiUIorE0ATsib_l5tV8BVN-UJ03RTnU__IHJF_4DgDBtY4LIqXNG-FomrO-7ywes20CBCRM2Hcm7EJSh3UUw1dO-c_uTflUrtgY1i7uBRezj_DpympmEFkfbQY\/s1600\/logo-principal2.jpg\" width=\"100%\" height=\"100\" \/><\/a><!--bestpublic-voz03--><!--desk-in-out-voz03--><br \/>\n<!--publicidad-voz04--><a href=\"https:\/\/www.facebook.com\/profile.php?id=61557370768692&amp;locale=es_ES\"><img decoding=\"async\" class=\"alignnone size-medium\" src=\"https:\/\/blogger.googleusercontent.com\/img\/b\/R29vZ2xl\/AVvXsEgy5RdcfffrnrItnYTcV9bCJjgJwldsQLWssfVfrLbyfXeBNTFKgBf0rMIvhrUaGUhiXzVr9_eQgCbi-j63ZDpfTvLIty9w7s140y-m1yHe7eKmEK7v2NAHUJDVYGdfeiQFeRCqUjdwWmN1MX_AUxxz4IVdJ4WIM0APxit8bjWkXzrnEFGqBvW_1F13H1g\/s1600\/logo-principal5.jpg\" width=\"100%\" height=\"100\" \/><\/a><!--bestpublic-voz04--><!--desk-in-out-voz04--><br \/>\n<!--publicidad-voz05--><a href=\"https:\/\/www.facebook.com\/asociaciontamborileroshellin?locale=es_ES\"><img decoding=\"async\" class=\"alignnone size-medium\" src=\"https:\/\/blogger.googleusercontent.com\/img\/b\/R29vZ2xl\/AVvXsEhHEEpZsKK1VpwiYMrS7aE2ujtqIDZoLd4B5wtbiseSU9s2HdTdQfhF84So2XwEB1fv0BLw95GADm6hUl1bkKtzh-eIgVigXONuu_5RxeIMPhjk8q6uNX4EaEHbooKkbu7pCADWPpVJjhKIH5NQSJpWqedC-YBez4QAQeJYokkLot9bhrIaUAeztsGis6M\/s1600\/logo-principal3.jpg\" width=\"100%\" height=\"100\" \/><\/a><!--bestpublic-voz05--><!--desk-in-out-voz05--><br \/>\n<!--publicidad-voz06--><!--bestpublic-voz06--><!--desk-in-out-voz06--><br \/>\n<!--publicidad-voz07--><!--bestpublic-voz07--><!--desk-in-out-voz07--><br \/>\n<!--publicidad-voz08--><!--bestpublic-voz08--><!--desk-in-out-voz08--><br \/>\n<!--publicidad-voz09--><!--bestpublic-voz09--><!--desk-in-out-voz09--><br \/>\n<!--publicidad-voz10--><!--bestpublic-voz10--><!--desk-in-out-voz10--><br \/>\n<!--publicidad-voz11--><!--bestpublic-voz11--><!--desk-in-out-voz11--><br \/>\n<!--publicidad-voz12--><!--bestpublic-voz12--><!--desk-in-out-voz12--><br \/>\n<!--publicidad-voz13--><!--bestpublic-voz13--><!--desk-in-out-voz13--><br \/>\n<!--publicidad-voz14--><!--bestpublic-voz14--><!--desk-in-out-voz14--><br \/>\n<!--publicidad-voz15--><!--bestpublic-voz15--><!--desk-in-out-voz15--><br \/>\n<!--publicidad-voz16--><!--bestpublic-voz16--><!--desk-in-out-voz16--><\/p>\n","protected":false},"excerpt":{"rendered":"<p>EL CIRCUITO BTT DIPUTACI\u00d3N DE ALBACETE HACE PARADA EN F\u00c9REZ<\/p>\n","protected":false},"author":2,"featured_media":90585,"comment_status":"closed","ping_status":"closed","sticky":false,"template":"","format":"standard","meta":{"footnotes":""},"categories":[723,718,715,716,717],"tags":[],"class_list":["post-102490","post","type-post","status-publish","format-standard","has-post-thumbnail","hentry","category-blog-lv005","category-blogger","category-la-voz-de-hellin","category-la-voz-de-hellin-la-voz-de-hellin","category-noticias"],"_links":{"self":[{"href":"https:\/\/lavozdehellin.com\/noticias\/wp-json\/wp\/v2\/posts\/102490","targetHints":{"allow":["GET"]}}],"collection":[{"href":"https:\/\/lavozdehellin.com\/noticias\/wp-json\/wp\/v2\/posts"}],"about":[{"href":"https:\/\/lavozdehellin.com\/noticias\/wp-json\/wp\/v2\/types\/post"}],"author":[{"embeddable":true,"href":"https:\/\/lavozdehellin.com\/noticias\/wp-json\/wp\/v2\/users\/2"}],"replies":[{"embeddable":true,"href":"https:\/\/lavozdehellin.com\/noticias\/wp-json\/wp\/v2\/comments?post=102490"}],"version-history":[{"count":0,"href":"https:\/\/lavozdehellin.com\/noticias\/wp-json\/wp\/v2\/posts\/102490\/revisions"}],"wp:featuredmedia":[{"embeddable":true,"href":"https:\/\/lavozdehellin.com\/noticias\/wp-json\/wp\/v2\/media\/90585"}],"wp:attachment":[{"href":"https:\/\/lavozdehellin.com\/noticias\/wp-json\/wp\/v2\/media?parent=102490"}],"wp:term":[{"taxonomy":"category","embeddable":true,"href":"https:\/\/lavozdehellin.com\/noticias\/wp-json\/wp\/v2\/categories?post=102490"},{"taxonomy":"post_tag","embeddable":true,"href":"https:\/\/lavozdehellin.com\/noticias\/wp-json\/wp\/v2\/tags?post=102490"}],"curies":[{"name":"wp","href":"https:\/\/api.w.org\/{rel}","templated":true}]}}