{"id":102492,"date":"2018-08-24T09:07:20","date_gmt":"2018-08-24T09:07:20","guid":{"rendered":"https:\/\/lavozdehellin.com\/noticias\/v01-071-los-embalses-de-la-cuenca-del-segura-se-encuentran-al-24-de-su-capacidad-un-6-mas-que-en-el-mismo-periodo-del-ano-pasado\/"},"modified":"2024-01-04T14:08:51","modified_gmt":"2024-01-04T14:08:51","slug":"v01-071-los-embalses-de-la-cuenca-del-segura-se-encuentran-al-24-de-su-capacidad-un-6-mas-que-en-el-mismo-periodo-del-ano-pasado","status":"publish","type":"post","link":"https:\/\/lavozdehellin.com\/noticias\/v01-071-los-embalses-de-la-cuenca-del-segura-se-encuentran-al-24-de-su-capacidad-un-6-mas-que-en-el-mismo-periodo-del-ano-pasado\/","title":{"rendered":"LVH NOTICIAS | LOS EMBALSES DE LA CUENCA DEL SEGURA SE ENCUENTRAN AL 24% DE SU CAPACIDAD, UN 6% M\u00c1S QUE EN EL MISMO PERIODO DEL A\u00d1O PASADO"},"content":{"rendered":"<p style=\"text-align: justify;\">Los embalses de la demarcaci\u00f3n hidrogr\u00e1fica del Segura almacenan 273 hect\u00f3metros c\u00fabicos de agua (hm3), lo que supone que se encuentran al 24% de su capacidad total. Estos datos en la reserva de agua mejoran los del a\u00f1o pasado por estas fechas, ya que en esos momentos se almacenaban 207 hm3 (66 menos que este a\u00f1o) y los embalses se encontraban al 18% de su capacidad.<\/p>\n<p><!--more--><br \/>\n<!--publicidad-voz01--><a href=\"https:\/\/www.facebook.com\/SoloRadioHellin\/?locale=es_ES\"><img decoding=\"async\" class=\"alignnone size-medium\" src=\"https:\/\/blogger.googleusercontent.com\/img\/b\/R29vZ2xl\/AVvXsEiNncirNnyGedv00mhjZjh5Wl4_YPdJGanoAl8tL8zH-HwqE8uHqjEfSt340RHdx-9tuCSIkZ8rFamZiGyYlgDGxCsmXjCH_1xk5eYM3ntFZRvJP_jndOKR7w1UAo9Tu0vrZyOLfqRpHIxYI5SymJJ-pfGCQw6QVpggBH-UgfjiFQ2JOxqxG0Jx94kW83c\/s1600\/logo-principal.jpg\" width=\"100%\" height=\"100\" \/><\/a><!--bestpublic-voz01--><!--desk-in-out-voz01--><br \/>\n<!--publicidad-voz02--><a href=\"https:\/\/www.hellincf.com\/\"><img decoding=\"async\" class=\"alignnone size-medium\" src=\"https:\/\/blogger.googleusercontent.com\/img\/b\/R29vZ2xl\/AVvXsEhuZ4-XfBVj3UtdP8-RZugy3WVrg-Zv28c53m4oV47qYCxL1rX_dqWX_YddsGSnpH5SRDqZ7bZeKPIfDVCDncpjVlhy3aQs2vojcJBn7Gdv9hC2_Nzct_pRFrnFE1a7KTCdY1bT_kAgnY3-iadRZrGeJf1fR2P5fu11bokx0pWjaypoy-ctwCjklldpEbA\/s1600\/logo-principal7.jpg\" width=\"100%\" height=\"100\" \/><\/a><!--bestpublic-voz02--><!--desk-in-out-voz02--><\/p>\n<p style=\"text-align: justify;\">El \u00cdndice de Estado Global de la Cuenca (que se compone de los subsistemas Cuenca y Trasvase) se encuentra en situaci\u00f3n de Prealerta. Actualmente, el subsistema Cuenca est\u00e1 en situaci\u00f3n de Normalidad y el subsistema Trasvase en Prealerta, si bien los tres \u00edndices muestran una tendencia descendente. Hace 12 meses, el \u00cdndice de Estado Global de la Cuenca se encontraba en situaci\u00f3n de Emergencia. Las medidas de ahorro que est\u00e1n siguiendo todos los usuarios de la demarcaci\u00f3n del Segura se est\u00e1n mostrando como una medida eficaz que est\u00e1 ayudando a controlar el consumo de agua.<\/p>\n<p style=\"text-align: justify;\">Lluvias y aportaciones a los embalses<\/p>\n<p style=\"text-align: justify;\">Esta mejora en las reservas se ha producido pese a que en lo que llevamos de a\u00f1o hidrol\u00f3gico (desde el 1 de octubre de 2017) la precipitaci\u00f3n media acumulada en la cuenca del Segura ha sido de 230,9 mm, es decir, 100 mm menos que en el mismo periodo de tiempo el a\u00f1o pasado (330,3 mm en el ciclo 2016-2017). A\u00fan as\u00ed, las lluvias han estado m\u00e1s concentradas en la zona de cabecera, donde se encuentran los grandes embalses de regulaci\u00f3n, lo que ha permitido que entre octubre y julio las aportaciones hayan sido de 349,371 hm3, 159,8 hm3 m\u00e1s de agua que en el mismo periodo del a\u00f1o anterior, en el que las aportaciones alcanzaron los 189,584 hm3.<\/p>\n<p style=\"text-align: justify;\">Trasvase Tajo-Segura<\/p>\n<p style=\"text-align: justify;\">En particular, las existencias de los recursos asignados al acueducto Tajo-Segura son 80,1 hm3, lo que supone 29,7 hm3 m\u00e1s que en la misma fecha del a\u00f1o pasado. Cabe se\u00f1alar que en los meses de junio, julio y agosto se ha autorizado la llegada a la cuenca del Segura de 96 hm3 de agua procedente del trasvase. En estos tres mismos meses del a\u00f1o pasado, no se autoriz\u00f3 ning\u00fan env\u00edo a trav\u00e9s del acueducto.<\/p>\n<p style=\"text-align: justify;\">A pesar de esta ligera mejora en la situaci\u00f3n de los embalses, la cuenca del Segura sigue atravesando una situaci\u00f3n de sequ\u00eda, que se prolonga desde el a\u00f1o hidrol\u00f3gico 2014-2015. En este sentido, la Confederaci\u00f3n Hidrogr\u00e1fica del Segura, organismo adscrito al Ministerio para la Transici\u00f3n Ecol\u00f3gica, ha comenzado los tr\u00e1mites para que se prorrogue el Decreto de Sequ\u00eda (en vigor desde mayo de 2015) que permite obtener recursos de agua extraordinarios procedentes de bater\u00edas estrat\u00e9gicas de sondeos, desalaci\u00f3n y cesiones de derechos.<\/p>\n<p><!--publicidad-voz03--><a href=\"https:\/\/www.facebook.com\/profile.php?id=100063593791305&amp;locale=es_ES\"><img decoding=\"async\" class=\"alignnone size-medium\" src=\"https:\/\/blogger.googleusercontent.com\/img\/b\/R29vZ2xl\/AVvXsEi8_n_ll8UOcGxCqzFvb_9Io4ICczlGC990BPtPj2w9Px-u7B3oqWUW5vtjZUqPNJ-nyjiUIorE0ATsib_l5tV8BVN-UJ03RTnU__IHJF_4DgDBtY4LIqXNG-FomrO-7ywes20CBCRM2Hcm7EJSh3UUw1dO-c_uTflUrtgY1i7uBRezj_DpympmEFkfbQY\/s1600\/logo-principal2.jpg\" width=\"100%\" height=\"100\" \/><\/a><!--bestpublic-voz03--><!--desk-in-out-voz03--><br \/>\n<!--publicidad-voz04--><a href=\"https:\/\/www.facebook.com\/profile.php?id=61557370768692&amp;locale=es_ES\"><img decoding=\"async\" class=\"alignnone size-medium\" src=\"https:\/\/blogger.googleusercontent.com\/img\/b\/R29vZ2xl\/AVvXsEgy5RdcfffrnrItnYTcV9bCJjgJwldsQLWssfVfrLbyfXeBNTFKgBf0rMIvhrUaGUhiXzVr9_eQgCbi-j63ZDpfTvLIty9w7s140y-m1yHe7eKmEK7v2NAHUJDVYGdfeiQFeRCqUjdwWmN1MX_AUxxz4IVdJ4WIM0APxit8bjWkXzrnEFGqBvW_1F13H1g\/s1600\/logo-principal5.jpg\" width=\"100%\" height=\"100\" \/><\/a><!--bestpublic-voz04--><!--desk-in-out-voz04--><br \/>\n<!--publicidad-voz05--><a href=\"https:\/\/www.facebook.com\/asociaciontamborileroshellin?locale=es_ES\"><img decoding=\"async\" class=\"alignnone size-medium\" src=\"https:\/\/blogger.googleusercontent.com\/img\/b\/R29vZ2xl\/AVvXsEhHEEpZsKK1VpwiYMrS7aE2ujtqIDZoLd4B5wtbiseSU9s2HdTdQfhF84So2XwEB1fv0BLw95GADm6hUl1bkKtzh-eIgVigXONuu_5RxeIMPhjk8q6uNX4EaEHbooKkbu7pCADWPpVJjhKIH5NQSJpWqedC-YBez4QAQeJYokkLot9bhrIaUAeztsGis6M\/s1600\/logo-principal3.jpg\" width=\"100%\" height=\"100\" \/><\/a><!--bestpublic-voz05--><!--desk-in-out-voz05--><br \/>\n<!--publicidad-voz06--><!--bestpublic-voz06--><!--desk-in-out-voz06--><br \/>\n<!--publicidad-voz07--><!--bestpublic-voz07--><!--desk-in-out-voz07--><br \/>\n<!--publicidad-voz08--><!--bestpublic-voz08--><!--desk-in-out-voz08--><br \/>\n<!--publicidad-voz09--><!--bestpublic-voz09--><!--desk-in-out-voz09--><br \/>\n<!--publicidad-voz10--><!--bestpublic-voz10--><!--desk-in-out-voz10--><br \/>\n<!--publicidad-voz11--><!--bestpublic-voz11--><!--desk-in-out-voz11--><br \/>\n<!--publicidad-voz12--><!--bestpublic-voz12--><!--desk-in-out-voz12--><br \/>\n<!--publicidad-voz13--><!--bestpublic-voz13--><!--desk-in-out-voz13--><br \/>\n<!--publicidad-voz14--><!--bestpublic-voz14--><!--desk-in-out-voz14--><br \/>\n<!--publicidad-voz15--><!--bestpublic-voz15--><!--desk-in-out-voz15--><br \/>\n<!--publicidad-voz16--><!--bestpublic-voz16--><!--desk-in-out-voz16--><\/p>\n","protected":false},"excerpt":{"rendered":"<p>LOS EMBALSES DE LA CUENCA DEL SEGURA SE ENCUENTRAN AL 24% DE SU CAPACIDAD, UN 6% M\u00c1S QUE EN EL MISMO PERIODO DEL A\u00d1O PASADO<\/p>\n","protected":false},"author":2,"featured_media":90585,"comment_status":"closed","ping_status":"closed","sticky":false,"template":"","format":"standard","meta":{"footnotes":""},"categories":[723,718,715,716,717],"tags":[],"class_list":["post-102492","post","type-post","status-publish","format-standard","has-post-thumbnail","hentry","category-blog-lv005","category-blogger","category-la-voz-de-hellin","category-la-voz-de-hellin-la-voz-de-hellin","category-noticias"],"_links":{"self":[{"href":"https:\/\/lavozdehellin.com\/noticias\/wp-json\/wp\/v2\/posts\/102492","targetHints":{"allow":["GET"]}}],"collection":[{"href":"https:\/\/lavozdehellin.com\/noticias\/wp-json\/wp\/v2\/posts"}],"about":[{"href":"https:\/\/lavozdehellin.com\/noticias\/wp-json\/wp\/v2\/types\/post"}],"author":[{"embeddable":true,"href":"https:\/\/lavozdehellin.com\/noticias\/wp-json\/wp\/v2\/users\/2"}],"replies":[{"embeddable":true,"href":"https:\/\/lavozdehellin.com\/noticias\/wp-json\/wp\/v2\/comments?post=102492"}],"version-history":[{"count":0,"href":"https:\/\/lavozdehellin.com\/noticias\/wp-json\/wp\/v2\/posts\/102492\/revisions"}],"wp:featuredmedia":[{"embeddable":true,"href":"https:\/\/lavozdehellin.com\/noticias\/wp-json\/wp\/v2\/media\/90585"}],"wp:attachment":[{"href":"https:\/\/lavozdehellin.com\/noticias\/wp-json\/wp\/v2\/media?parent=102492"}],"wp:term":[{"taxonomy":"category","embeddable":true,"href":"https:\/\/lavozdehellin.com\/noticias\/wp-json\/wp\/v2\/categories?post=102492"},{"taxonomy":"post_tag","embeddable":true,"href":"https:\/\/lavozdehellin.com\/noticias\/wp-json\/wp\/v2\/tags?post=102492"}],"curies":[{"name":"wp","href":"https:\/\/api.w.org\/{rel}","templated":true}]}}