{"id":102493,"date":"2018-08-24T09:00:23","date_gmt":"2018-08-24T09:00:23","guid":{"rendered":"https:\/\/lavozdehellin.com\/noticias\/v01-072-desciende-en-un-42-8-el-numero-de-incendios-forestales-registrados-en-lo-que-llevamos-de-verano-con-respecto-al-ano-pasado\/"},"modified":"2024-01-04T14:08:51","modified_gmt":"2024-01-04T14:08:51","slug":"v01-072-desciende-en-un-42-8-el-numero-de-incendios-forestales-registrados-en-lo-que-llevamos-de-verano-con-respecto-al-ano-pasado","status":"publish","type":"post","link":"https:\/\/lavozdehellin.com\/noticias\/v01-072-desciende-en-un-42-8-el-numero-de-incendios-forestales-registrados-en-lo-que-llevamos-de-verano-con-respecto-al-ano-pasado\/","title":{"rendered":"LVH NOTICIAS | DESCIENDE EN UN 42.8% EL N\u00daMERO DE INCENDIOS FORESTALES REGISTRADOS EN LO QUE LLEVAMOS DE VERANO CON RESPECTO AL A\u00d1O PASADO"},"content":{"rendered":"<p style=\"text-align: justify;\">Desde que se activ\u00f3 el Plan Infocam de lucha contra incendios, se han registrado en nuestra provincia 73 siniestros, de los que el 80% han sido conatos y solo 8, incendios forestales.<\/p>\n<p><!--more--><br \/>\n<!--publicidad-voz01--><a href=\"https:\/\/www.facebook.com\/SoloRadioHellin\/?locale=es_ES\"><img decoding=\"async\" class=\"alignnone size-medium\" src=\"https:\/\/blogger.googleusercontent.com\/img\/b\/R29vZ2xl\/AVvXsEiNncirNnyGedv00mhjZjh5Wl4_YPdJGanoAl8tL8zH-HwqE8uHqjEfSt340RHdx-9tuCSIkZ8rFamZiGyYlgDGxCsmXjCH_1xk5eYM3ntFZRvJP_jndOKR7w1UAo9Tu0vrZyOLfqRpHIxYI5SymJJ-pfGCQw6QVpggBH-UgfjiFQ2JOxqxG0Jx94kW83c\/s1600\/logo-principal.jpg\" width=\"100%\" height=\"100\" \/><\/a><!--bestpublic-voz01--><!--desk-in-out-voz01--><br \/>\n<!--publicidad-voz02--><a href=\"https:\/\/www.hellincf.com\/\"><img decoding=\"async\" class=\"alignnone size-medium\" src=\"https:\/\/blogger.googleusercontent.com\/img\/b\/R29vZ2xl\/AVvXsEhuZ4-XfBVj3UtdP8-RZugy3WVrg-Zv28c53m4oV47qYCxL1rX_dqWX_YddsGSnpH5SRDqZ7bZeKPIfDVCDncpjVlhy3aQs2vojcJBn7Gdv9hC2_Nzct_pRFrnFE1a7KTCdY1bT_kAgnY3-iadRZrGeJf1fR2P5fu11bokx0pWjaypoy-ctwCjklldpEbA\/s1600\/logo-principal7.jpg\" width=\"100%\" height=\"100\" \/><\/a><!--bestpublic-voz02--><!--desk-in-out-voz02--><\/p>\n<p style=\"text-align: justify;\">El Gobierno de Castilla-La Mancha ha reconocido la profesionalidad y entrega de todos los trabajadores del Dispositivo para la lucha contra los incendios forestales de la Comunidad Aut\u00f3noma en la provincia de Albacete, tanto en la campa\u00f1a de prevenci\u00f3n como extinci\u00f3n, durante todos los d\u00edas del a\u00f1o.<\/p>\n<p style=\"text-align: justify;\">As\u00ed lo ha afirmado el director provincial de Agricultura, Medio Ambiente y Desarrollo Rural, Manuel Miranda durante la visita que ha realizado al Centro Operativo Provincial (COP) de lucha contra los incendios, ubicado en el Centro para la Recuperaci\u00f3n de la Fauna Silvestre de Albacete, de titularidad de la Junta de Comunidades de Castilla-La Mancha.<\/p>\n<p style=\"text-align: justify;\">Durante la atenci\u00f3n a los medios de comunicaci\u00f3n, Miranda ha trasladado el agradecimiento del Ejecutivo auton\u00f3mico al trabajo de estos profesionales del Plan Infocam en la provincia de Albacete, conformado por 535 trabajadores, y ha destacado el crecimiento en personal especializado para este Operativo, gracias a la contrataci\u00f3n de 17 trabajadores m\u00e1s en la presente campa\u00f1a, -14 en las autobombas ret\u00e9n, y 3 en una nueva patrulla de vigilancia creada en el t\u00e9rmino municipal de Yeste-.<\/p>\n<p style=\"text-align: justify;\">Adem\u00e1s, el director provincial de Agricultura, Medio Ambiente y Desarrollo Rural ha resaltado que en la presente Legislatura \u201cse han mejorado los trabajos de prevenci\u00f3n de incendios, al ampliar los contratos del personal de GEACAM de 8 a 12 meses, lo que implica m\u00e1s profesionalizaci\u00f3n y m\u00e1s a en actuaciones en invierno y oto\u00f1o\u201d.<\/p>\n<p style=\"text-align: justify;\">Precauci\u00f3n ante riesgo extremo y alto<\/p>\n<p style=\"text-align: justify;\">Por otro lado, el representante provincial de la Consejer\u00eda de Agricultura, Medio Ambiente y Desarrollo Rural, que ha estado acompa\u00f1ado del jefe de Servicio de Espacios Naturales, Jos\u00e9 Luis Fern\u00e1ndez, y el coordinador de los agentes medioambientales, Miguel Fajardo ha pedido a la ciudadan\u00eda en general, \u201cextremar la precauci\u00f3n y adoptar medidas de cautela\u201d, en su relaci\u00f3n con el entorno natural, al estar actualmente dentro de la \u00e9poca de peligro extremo de incendios forestales hasta el pr\u00f3ximo 30 de agosto debido a las altas temperaturas, y en peligro alto hasta el 30 de septiembre.<\/p>\n<p style=\"text-align: justify;\">La campa\u00f1a de prevenci\u00f3n y extinci\u00f3n de incendios forestales en la provincia de Albacete cuenta con un presupuesto global en este a\u00f1o 2018 de 17 millones de euros, de los que 9 millones de euros se destinan a tareas y labores prevenci\u00f3n, y m\u00e1s de 8 millones al dispositivo de vigilancia y extinci\u00f3n de incendios.<\/p>\n<p style=\"text-align: justify;\">El \u00e1mbito territorial de actuaci\u00f3n del denominado Plan Infocam en esta provincia de Albacete, alcanza las 622.064 hect\u00e1reas, con 473.290 hect\u00e1reas de masa forestal arbolada, y 148.774 de matorral, pastizal, herbazal y monte bajo.<\/p>\n<p style=\"text-align: justify;\">Miranda tambi\u00e9n ha apuntado que hasta la fecha, desde el pasado 1 de enero de 2018, se han contabilizado en la provincia de Albacete, 8 incendios forestales y 65 conatos, registr\u00e1ndose un descenso del 42,86 por ciento y del 10,98 por ciento respectivamente, en relaci\u00f3n al mismo periodo del a\u00f1o anterior.<\/p>\n<p style=\"text-align: justify;\">Con respecto a los siniestros e incidencias, el director provincial ha aclarado que pr\u00e1cticamente el 90 por ciento son conatos, \u201cdebido a la rapidez y la actuaci\u00f3n inmediata del personal y de los medios con los que se combaten los incendios forestales\u201d, ha aseverado.<\/p>\n<p><!--publicidad-voz03--><a href=\"https:\/\/www.facebook.com\/profile.php?id=100063593791305&amp;locale=es_ES\"><img decoding=\"async\" class=\"alignnone size-medium\" src=\"https:\/\/blogger.googleusercontent.com\/img\/b\/R29vZ2xl\/AVvXsEi8_n_ll8UOcGxCqzFvb_9Io4ICczlGC990BPtPj2w9Px-u7B3oqWUW5vtjZUqPNJ-nyjiUIorE0ATsib_l5tV8BVN-UJ03RTnU__IHJF_4DgDBtY4LIqXNG-FomrO-7ywes20CBCRM2Hcm7EJSh3UUw1dO-c_uTflUrtgY1i7uBRezj_DpympmEFkfbQY\/s1600\/logo-principal2.jpg\" width=\"100%\" height=\"100\" \/><\/a><!--bestpublic-voz03--><!--desk-in-out-voz03--><br \/>\n<!--publicidad-voz04--><a href=\"https:\/\/www.facebook.com\/profile.php?id=61557370768692&amp;locale=es_ES\"><img decoding=\"async\" class=\"alignnone size-medium\" src=\"https:\/\/blogger.googleusercontent.com\/img\/b\/R29vZ2xl\/AVvXsEgy5RdcfffrnrItnYTcV9bCJjgJwldsQLWssfVfrLbyfXeBNTFKgBf0rMIvhrUaGUhiXzVr9_eQgCbi-j63ZDpfTvLIty9w7s140y-m1yHe7eKmEK7v2NAHUJDVYGdfeiQFeRCqUjdwWmN1MX_AUxxz4IVdJ4WIM0APxit8bjWkXzrnEFGqBvW_1F13H1g\/s1600\/logo-principal5.jpg\" width=\"100%\" height=\"100\" \/><\/a><!--bestpublic-voz04--><!--desk-in-out-voz04--><br \/>\n<!--publicidad-voz05--><a href=\"https:\/\/www.facebook.com\/asociaciontamborileroshellin?locale=es_ES\"><img decoding=\"async\" class=\"alignnone size-medium\" src=\"https:\/\/blogger.googleusercontent.com\/img\/b\/R29vZ2xl\/AVvXsEhHEEpZsKK1VpwiYMrS7aE2ujtqIDZoLd4B5wtbiseSU9s2HdTdQfhF84So2XwEB1fv0BLw95GADm6hUl1bkKtzh-eIgVigXONuu_5RxeIMPhjk8q6uNX4EaEHbooKkbu7pCADWPpVJjhKIH5NQSJpWqedC-YBez4QAQeJYokkLot9bhrIaUAeztsGis6M\/s1600\/logo-principal3.jpg\" width=\"100%\" height=\"100\" \/><\/a><!--bestpublic-voz05--><!--desk-in-out-voz05--><br \/>\n<!--publicidad-voz06--><!--bestpublic-voz06--><!--desk-in-out-voz06--><br \/>\n<!--publicidad-voz07--><!--bestpublic-voz07--><!--desk-in-out-voz07--><br \/>\n<!--publicidad-voz08--><!--bestpublic-voz08--><!--desk-in-out-voz08--><br \/>\n<!--publicidad-voz09--><!--bestpublic-voz09--><!--desk-in-out-voz09--><br \/>\n<!--publicidad-voz10--><!--bestpublic-voz10--><!--desk-in-out-voz10--><br \/>\n<!--publicidad-voz11--><!--bestpublic-voz11--><!--desk-in-out-voz11--><br \/>\n<!--publicidad-voz12--><!--bestpublic-voz12--><!--desk-in-out-voz12--><br \/>\n<!--publicidad-voz13--><!--bestpublic-voz13--><!--desk-in-out-voz13--><br \/>\n<!--publicidad-voz14--><!--bestpublic-voz14--><!--desk-in-out-voz14--><br \/>\n<!--publicidad-voz15--><!--bestpublic-voz15--><!--desk-in-out-voz15--><br \/>\n<!--publicidad-voz16--><!--bestpublic-voz16--><!--desk-in-out-voz16--><\/p>\n","protected":false},"excerpt":{"rendered":"<p>DESCIENDE EN UN 42.8% EL N\u00daMERO DE INCENDIOS FORESTALES REGISTRADOS EN LO QUE LLEVAMOS DE VERANO CON RESPECTO AL A\u00d1O PASADO<\/p>\n","protected":false},"author":2,"featured_media":90583,"comment_status":"closed","ping_status":"closed","sticky":false,"template":"","format":"standard","meta":{"footnotes":""},"categories":[723,718,715,716,717],"tags":[],"class_list":["post-102493","post","type-post","status-publish","format-standard","has-post-thumbnail","hentry","category-blog-lv005","category-blogger","category-la-voz-de-hellin","category-la-voz-de-hellin-la-voz-de-hellin","category-noticias"],"_links":{"self":[{"href":"https:\/\/lavozdehellin.com\/noticias\/wp-json\/wp\/v2\/posts\/102493","targetHints":{"allow":["GET"]}}],"collection":[{"href":"https:\/\/lavozdehellin.com\/noticias\/wp-json\/wp\/v2\/posts"}],"about":[{"href":"https:\/\/lavozdehellin.com\/noticias\/wp-json\/wp\/v2\/types\/post"}],"author":[{"embeddable":true,"href":"https:\/\/lavozdehellin.com\/noticias\/wp-json\/wp\/v2\/users\/2"}],"replies":[{"embeddable":true,"href":"https:\/\/lavozdehellin.com\/noticias\/wp-json\/wp\/v2\/comments?post=102493"}],"version-history":[{"count":0,"href":"https:\/\/lavozdehellin.com\/noticias\/wp-json\/wp\/v2\/posts\/102493\/revisions"}],"wp:featuredmedia":[{"embeddable":true,"href":"https:\/\/lavozdehellin.com\/noticias\/wp-json\/wp\/v2\/media\/90583"}],"wp:attachment":[{"href":"https:\/\/lavozdehellin.com\/noticias\/wp-json\/wp\/v2\/media?parent=102493"}],"wp:term":[{"taxonomy":"category","embeddable":true,"href":"https:\/\/lavozdehellin.com\/noticias\/wp-json\/wp\/v2\/categories?post=102493"},{"taxonomy":"post_tag","embeddable":true,"href":"https:\/\/lavozdehellin.com\/noticias\/wp-json\/wp\/v2\/tags?post=102493"}],"curies":[{"name":"wp","href":"https:\/\/api.w.org\/{rel}","templated":true}]}}