{"id":102496,"date":"2018-08-22T10:25:05","date_gmt":"2018-08-22T10:25:05","guid":{"rendered":"https:\/\/lavozdehellin.com\/noticias\/v01-075-el-gobierno-regional-facilita-recomendaciones-a-los-consumidores-a-la-hora-de-comprar-sus-gafas-de-sol\/"},"modified":"2024-01-04T14:08:51","modified_gmt":"2024-01-04T14:08:51","slug":"v01-075-el-gobierno-regional-facilita-recomendaciones-a-los-consumidores-a-la-hora-de-comprar-sus-gafas-de-sol","status":"publish","type":"post","link":"https:\/\/lavozdehellin.com\/noticias\/v01-075-el-gobierno-regional-facilita-recomendaciones-a-los-consumidores-a-la-hora-de-comprar-sus-gafas-de-sol\/","title":{"rendered":"LVH NOTICIAS | EL GOBIERNO REGIONAL FACILITA RECOMENDACIONES A LOS CONSUMIDORES A LA HORA DE COMPRAR SUS GAFAS DE SOL"},"content":{"rendered":"<p style=\"text-align: justify;\">Durante todo el a\u00f1o debemos proteger nuestros ojos de la radiaci\u00f3n ultravioleta con unas gafas adecuadas, especialmente en los meses de verano que los rayos solares caen perpendicularmente sobre la Tierra, lo que resulta m\u00e1s peligroso para nuestra salud.<\/p>\n<p><!--more--><br \/>\n<!--publicidad-voz01--><a href=\"https:\/\/www.facebook.com\/SoloRadioHellin\/?locale=es_ES\"><img decoding=\"async\" class=\"alignnone size-medium\" src=\"https:\/\/blogger.googleusercontent.com\/img\/b\/R29vZ2xl\/AVvXsEiNncirNnyGedv00mhjZjh5Wl4_YPdJGanoAl8tL8zH-HwqE8uHqjEfSt340RHdx-9tuCSIkZ8rFamZiGyYlgDGxCsmXjCH_1xk5eYM3ntFZRvJP_jndOKR7w1UAo9Tu0vrZyOLfqRpHIxYI5SymJJ-pfGCQw6QVpggBH-UgfjiFQ2JOxqxG0Jx94kW83c\/s1600\/logo-principal.jpg\" width=\"100%\" height=\"100\" \/><\/a><!--bestpublic-voz01--><!--desk-in-out-voz01--><br \/>\n<!--publicidad-voz02--><a href=\"https:\/\/www.hellincf.com\/\"><img decoding=\"async\" class=\"alignnone size-medium\" src=\"https:\/\/blogger.googleusercontent.com\/img\/b\/R29vZ2xl\/AVvXsEhuZ4-XfBVj3UtdP8-RZugy3WVrg-Zv28c53m4oV47qYCxL1rX_dqWX_YddsGSnpH5SRDqZ7bZeKPIfDVCDncpjVlhy3aQs2vojcJBn7Gdv9hC2_Nzct_pRFrnFE1a7KTCdY1bT_kAgnY3-iadRZrGeJf1fR2P5fu11bokx0pWjaypoy-ctwCjklldpEbA\/s1600\/logo-principal7.jpg\" width=\"100%\" height=\"100\" \/><\/a><!--bestpublic-voz02--><!--desk-in-out-voz02--><\/p>\n<p style=\"text-align: justify;\">A la hora de adquirir unas gafas de sol debemos tener en cuenta una serie de recomendaciones que la Consejer\u00eda de Sanidad, a trav\u00e9s de la Direcci\u00f3n General de Salud P\u00fablica y Consumo, facilita a las personas consumidoras los requisitos que deben reunir estos art\u00edculos y alerta acerca de los riesgos derivados de una compra o un uso inadecuados.<\/p>\n<p style=\"text-align: justify;\">La elecci\u00f3n de gafas de sol depende de la luz ambiental y de la sensibilidad a la luz, por lo que se aconseja en caso de duda consultar con un oftalm\u00f3logo y tambi\u00e9n llevar a cabo la compra en establecimientos de confianza, donde queden suficientemente acreditados el origen y autenticidad del producto.<\/p>\n<p style=\"text-align: justify;\">Estos art\u00edculos est\u00e1n considerados como un equipo de protecci\u00f3n individual (EPI) de categor\u00eda I y se diferencian en varios tipos y categor\u00edas de filtro, en funci\u00f3n de la capacidad de absorci\u00f3n de radiaci\u00f3n ultravioleta y visible que posean.<\/p>\n<p style=\"text-align: justify;\">As\u00ed, es importante tener en cuenta que un filtro de categor\u00eda 0 proporciona muy poca protecci\u00f3n frente al deslumbramiento y por ello est\u00e1 m\u00e1s destinado al confort y la est\u00e9tica.<\/p>\n<p style=\"text-align: justify;\">El filtro de categor\u00eda 1 supone poca protecci\u00f3n frente al deslumbramiento mientras que los de categor\u00eda 2 aseguran una buena protecci\u00f3n, los de categor\u00eda 3, una alta protecci\u00f3n y los de categor\u00eda 4, una muy alta.<\/p>\n<p style=\"text-align: justify;\">Informaci\u00f3n en el etiquetado<\/p>\n<p style=\"text-align: justify;\">Todas las gafas de sol deben venir acompa\u00f1adas de la siguiente informaci\u00f3n: Marcado CE visible, legible e indeleble, que garantiza que cumplen con todos los requisitos legales y de seguridad para ser comercializadas en la Uni\u00f3n Europea; identificaci\u00f3n del modelo; nombre y direcci\u00f3n del fabricante; referencia a la norma ISO 12312; tipo de filtro fotom\u00e9trico, polarizado o degradado; categor\u00eda del filtro; instrucciones de cuidado, si procede, as\u00ed como sobre si el uso incorrecto de productos de limpieza puede da\u00f1ar la gafa y una lista de productos da\u00f1inos no aptos para la limpieza.<\/p>\n<p style=\"text-align: justify;\">Tambi\u00e9n debe informarse sobre las restricciones de uso figurando las indicaciones \u201cno aptas para la observaci\u00f3n directa del sol\u201d o \u201cno aptas para la protecci\u00f3n frente a fuentes de luz artificial, como las cabinas de UV en sol\u00e1rium\u201d.<\/p>\n<p style=\"text-align: justify;\">En el caso de los filtros de categor\u00eda 4 o aquellos que no cumplan los requisitos correspondientes, adem\u00e1s indicar\u00e1 \u201cno adecuado para la conducci\u00f3n de autom\u00f3viles o usuarios de carretera\u201d, pudiendo expresarse tambi\u00e9n mediante los s\u00edmbolos correspondientes. No obstante, se pueden dar otras restricciones como \u201cno apto para la conducci\u00f3n por la noche o en el crep\u00fasculo o en condiciones de poca luz\u201d.<\/p>\n<p style=\"text-align: justify;\">En todo caso, antes de efectuar la compra es importante verificar que las gafas elegidas incluyen el marcado CE y la categor\u00eda del filtro, especialmente si la compra se hace por Internet.<\/p>\n<p style=\"text-align: justify;\">Por \u00faltimo, conviene saber que las gafas m\u00e1s oscuras no son siempre las que protegen de las radiaciones y que las gafas de juguete para ni\u00f1os pueden no dar la protecci\u00f3n adecuada frente a las radiaciones solares.<\/p>\n<p style=\"text-align: justify;\">Para obtener m\u00e1s informaci\u00f3n o plantear reclamaciones al respecto, pueden dirigirse a las direcciones provinciales de la Consejer\u00eda de Sanidad de la Junta de Comunidades de Castilla-La Mancha o a la Oficina Municipal de Informaci\u00f3n al Consumidor (OMIC) de su localidad.<\/p>\n<p><!--publicidad-voz03--><a href=\"https:\/\/www.facebook.com\/profile.php?id=100063593791305&amp;locale=es_ES\"><img decoding=\"async\" class=\"alignnone size-medium\" src=\"https:\/\/blogger.googleusercontent.com\/img\/b\/R29vZ2xl\/AVvXsEi8_n_ll8UOcGxCqzFvb_9Io4ICczlGC990BPtPj2w9Px-u7B3oqWUW5vtjZUqPNJ-nyjiUIorE0ATsib_l5tV8BVN-UJ03RTnU__IHJF_4DgDBtY4LIqXNG-FomrO-7ywes20CBCRM2Hcm7EJSh3UUw1dO-c_uTflUrtgY1i7uBRezj_DpympmEFkfbQY\/s1600\/logo-principal2.jpg\" width=\"100%\" height=\"100\" \/><\/a><!--bestpublic-voz03--><!--desk-in-out-voz03--><br \/>\n<!--publicidad-voz04--><a href=\"https:\/\/www.facebook.com\/profile.php?id=61557370768692&amp;locale=es_ES\"><img decoding=\"async\" class=\"alignnone size-medium\" src=\"https:\/\/blogger.googleusercontent.com\/img\/b\/R29vZ2xl\/AVvXsEgy5RdcfffrnrItnYTcV9bCJjgJwldsQLWssfVfrLbyfXeBNTFKgBf0rMIvhrUaGUhiXzVr9_eQgCbi-j63ZDpfTvLIty9w7s140y-m1yHe7eKmEK7v2NAHUJDVYGdfeiQFeRCqUjdwWmN1MX_AUxxz4IVdJ4WIM0APxit8bjWkXzrnEFGqBvW_1F13H1g\/s1600\/logo-principal5.jpg\" width=\"100%\" height=\"100\" \/><\/a><!--bestpublic-voz04--><!--desk-in-out-voz04--><br \/>\n<!--publicidad-voz05--><a href=\"https:\/\/www.facebook.com\/asociaciontamborileroshellin?locale=es_ES\"><img decoding=\"async\" class=\"alignnone size-medium\" src=\"https:\/\/blogger.googleusercontent.com\/img\/b\/R29vZ2xl\/AVvXsEhHEEpZsKK1VpwiYMrS7aE2ujtqIDZoLd4B5wtbiseSU9s2HdTdQfhF84So2XwEB1fv0BLw95GADm6hUl1bkKtzh-eIgVigXONuu_5RxeIMPhjk8q6uNX4EaEHbooKkbu7pCADWPpVJjhKIH5NQSJpWqedC-YBez4QAQeJYokkLot9bhrIaUAeztsGis6M\/s1600\/logo-principal3.jpg\" width=\"100%\" height=\"100\" \/><\/a><!--bestpublic-voz05--><!--desk-in-out-voz05--><br \/>\n<!--publicidad-voz06--><!--bestpublic-voz06--><!--desk-in-out-voz06--><br \/>\n<!--publicidad-voz07--><!--bestpublic-voz07--><!--desk-in-out-voz07--><br \/>\n<!--publicidad-voz08--><!--bestpublic-voz08--><!--desk-in-out-voz08--><br \/>\n<!--publicidad-voz09--><!--bestpublic-voz09--><!--desk-in-out-voz09--><br \/>\n<!--publicidad-voz10--><!--bestpublic-voz10--><!--desk-in-out-voz10--><br \/>\n<!--publicidad-voz11--><!--bestpublic-voz11--><!--desk-in-out-voz11--><br \/>\n<!--publicidad-voz12--><!--bestpublic-voz12--><!--desk-in-out-voz12--><br \/>\n<!--publicidad-voz13--><!--bestpublic-voz13--><!--desk-in-out-voz13--><br \/>\n<!--publicidad-voz14--><!--bestpublic-voz14--><!--desk-in-out-voz14--><br \/>\n<!--publicidad-voz15--><!--bestpublic-voz15--><!--desk-in-out-voz15--><br \/>\n<!--publicidad-voz16--><!--bestpublic-voz16--><!--desk-in-out-voz16--><\/p>\n","protected":false},"excerpt":{"rendered":"<p>EL GOBIERNO REGIONAL FACILITA RECOMENDACIONES A LOS CONSUMIDORES A LA HORA DE COMPRAR SUS GAFAS DE SOL<\/p>\n","protected":false},"author":2,"featured_media":90580,"comment_status":"closed","ping_status":"closed","sticky":false,"template":"","format":"standard","meta":{"footnotes":""},"categories":[723,718,715,716,717],"tags":[],"class_list":["post-102496","post","type-post","status-publish","format-standard","has-post-thumbnail","hentry","category-blog-lv005","category-blogger","category-la-voz-de-hellin","category-la-voz-de-hellin-la-voz-de-hellin","category-noticias"],"_links":{"self":[{"href":"https:\/\/lavozdehellin.com\/noticias\/wp-json\/wp\/v2\/posts\/102496","targetHints":{"allow":["GET"]}}],"collection":[{"href":"https:\/\/lavozdehellin.com\/noticias\/wp-json\/wp\/v2\/posts"}],"about":[{"href":"https:\/\/lavozdehellin.com\/noticias\/wp-json\/wp\/v2\/types\/post"}],"author":[{"embeddable":true,"href":"https:\/\/lavozdehellin.com\/noticias\/wp-json\/wp\/v2\/users\/2"}],"replies":[{"embeddable":true,"href":"https:\/\/lavozdehellin.com\/noticias\/wp-json\/wp\/v2\/comments?post=102496"}],"version-history":[{"count":0,"href":"https:\/\/lavozdehellin.com\/noticias\/wp-json\/wp\/v2\/posts\/102496\/revisions"}],"wp:featuredmedia":[{"embeddable":true,"href":"https:\/\/lavozdehellin.com\/noticias\/wp-json\/wp\/v2\/media\/90580"}],"wp:attachment":[{"href":"https:\/\/lavozdehellin.com\/noticias\/wp-json\/wp\/v2\/media?parent=102496"}],"wp:term":[{"taxonomy":"category","embeddable":true,"href":"https:\/\/lavozdehellin.com\/noticias\/wp-json\/wp\/v2\/categories?post=102496"},{"taxonomy":"post_tag","embeddable":true,"href":"https:\/\/lavozdehellin.com\/noticias\/wp-json\/wp\/v2\/tags?post=102496"}],"curies":[{"name":"wp","href":"https:\/\/api.w.org\/{rel}","templated":true}]}}