{"id":102498,"date":"2018-08-22T09:28:12","date_gmt":"2018-08-22T09:28:12","guid":{"rendered":"https:\/\/lavozdehellin.com\/noticias\/v01-077-cerca-de-20-200-castellano-manchegos-evaluaron-su-agudeza-visual-en-opticas-de-la-region-de-manera-gratuita\/"},"modified":"2024-01-04T14:08:51","modified_gmt":"2024-01-04T14:08:51","slug":"v01-077-cerca-de-20-200-castellano-manchegos-evaluaron-su-agudeza-visual-en-opticas-de-la-region-de-manera-gratuita","status":"publish","type":"post","link":"https:\/\/lavozdehellin.com\/noticias\/v01-077-cerca-de-20-200-castellano-manchegos-evaluaron-su-agudeza-visual-en-opticas-de-la-region-de-manera-gratuita\/","title":{"rendered":"LVH NOTICIAS | CERCA DE 20.200 CASTELLANO-MANCHEGOS EVALUARON SU AGUDEZA VISUAL EN \u00d3PTICAS DE LA REGI\u00d3N DE MANERA GRATUITA"},"content":{"rendered":"<p style=\"text-align: justify;\">Un total de 20.173 ciudadanos de Castilla-La Mancha se beneficiaron el a\u00f1o pasado, de manera totalmente gratuita de la realizaci\u00f3n de pruebas optom\u00e9tricas prescritas por su m\u00e9dico de Atenci\u00f3n Primaria para evaluar su agudeza visual en el establecimiento \u00f3ptico de la comunidad aut\u00f3noma que eligieron.<\/p>\n<p><!--more--><br \/>\n<!--publicidad-voz01--><a href=\"https:\/\/www.facebook.com\/SoloRadioHellin\/?locale=es_ES\"><img decoding=\"async\" class=\"alignnone size-medium\" src=\"https:\/\/blogger.googleusercontent.com\/img\/b\/R29vZ2xl\/AVvXsEiNncirNnyGedv00mhjZjh5Wl4_YPdJGanoAl8tL8zH-HwqE8uHqjEfSt340RHdx-9tuCSIkZ8rFamZiGyYlgDGxCsmXjCH_1xk5eYM3ntFZRvJP_jndOKR7w1UAo9Tu0vrZyOLfqRpHIxYI5SymJJ-pfGCQw6QVpggBH-UgfjiFQ2JOxqxG0Jx94kW83c\/s1600\/logo-principal.jpg\" width=\"100%\" height=\"100\" \/><\/a><!--bestpublic-voz01--><!--desk-in-out-voz01--><br \/>\n<!--publicidad-voz02--><a href=\"https:\/\/www.hellincf.com\/\"><img decoding=\"async\" class=\"alignnone size-medium\" src=\"https:\/\/blogger.googleusercontent.com\/img\/b\/R29vZ2xl\/AVvXsEhuZ4-XfBVj3UtdP8-RZugy3WVrg-Zv28c53m4oV47qYCxL1rX_dqWX_YddsGSnpH5SRDqZ7bZeKPIfDVCDncpjVlhy3aQs2vojcJBn7Gdv9hC2_Nzct_pRFrnFE1a7KTCdY1bT_kAgnY3-iadRZrGeJf1fR2P5fu11bokx0pWjaypoy-ctwCjklldpEbA\/s1600\/logo-principal7.jpg\" width=\"100%\" height=\"100\" \/><\/a><!--bestpublic-voz02--><!--desk-in-out-voz02--><\/p>\n<p style=\"text-align: justify;\">Hasta el mes de junio de este a\u00f1o son ya casi 10.900 los ciudadanos que han accedido a esta prestaci\u00f3n que se enmarca dentro del convenio suscrito entre la Consejer\u00eda de Sanidad y la primera delegaci\u00f3n regional del Colegio Nacional de \u00d3pticos hace 13 a\u00f1os, al que est\u00e1n adheridos cerca de 300 establecimientos de la Comunidad y que tiene muy buena acogida entre los pacientes.<\/p>\n<p style=\"text-align: justify;\">Este convenio permite a los m\u00e9dicos de Atenci\u00f3n Primaria prescribir pruebas optom\u00e9tricas \u2013agudeza visual, evaluaci\u00f3n de la reacci\u00f3n pupilar, tonometr\u00edas y otras t\u00e9cnicas no invasivas-, y a los pacientes realizarlas con todas las garant\u00edas en el establecimiento que elijan para lo que cuentan con una gu\u00eda actualizada anualmente publicada en la web del SESCAM y en el sistema informativo \u2018Turriano\u2019 que utilizan los profesionales de Atenci\u00f3n Primaria.<\/p>\n<p style=\"text-align: justify;\">Una vez realizada la revisi\u00f3n, los \u00f3pticos-optometristas entregan al paciente un informe sobre el resultado de la exploraci\u00f3n efectuada y env\u00edan una copia del mismo al facultativo que deriv\u00f3 al ciudadano.<\/p>\n<p style=\"text-align: justify;\">En el caso de que en esa exploraci\u00f3n se aprecien alteraciones de la visi\u00f3n que, a juicio del \u00f3ptico-optometrista, precisen ser m\u00e1s ampliamente examinados por los servicios sanitarios del SESCAM, el paciente es remitido a su centro sanitario de procedencia para ser derivado en su caso al especialista en Oftalmolog\u00eda.<\/p>\n<p style=\"text-align: justify;\">Del total de pacientes revisados el a\u00f1o pasado por los \u00f3pticos-optometristas, 2.620 corresponden a la provincia de Albacete; 6.665 a la de Ciudad Real; 1.596 a la provincia de Cuenca; 4.470 a la de Guadalajara; y 4.822 a la provincia de Toledo.<\/p>\n<p style=\"text-align: justify;\">Los establecimientos de \u00f3ptica colaboradores exhiben en un lugar visible un documento expedido por la primera delegaci\u00f3n regional del Colegio Nacional de \u00d3pticos-Optometristas, en el que figura su condici\u00f3n de adherido al convenio, nombre, apellidos y n\u00famero de colegiado de los \u00f3pticos-optometristas que desarrollan su actividad en el mismo y el d\u00eda o d\u00edas que se comprometen a atender a los ciudadanos remitidos desde los centros sanitarios del SESCAM.<\/p>\n<p><!--publicidad-voz03--><a href=\"https:\/\/www.facebook.com\/profile.php?id=100063593791305&amp;locale=es_ES\"><img decoding=\"async\" class=\"alignnone size-medium\" src=\"https:\/\/blogger.googleusercontent.com\/img\/b\/R29vZ2xl\/AVvXsEi8_n_ll8UOcGxCqzFvb_9Io4ICczlGC990BPtPj2w9Px-u7B3oqWUW5vtjZUqPNJ-nyjiUIorE0ATsib_l5tV8BVN-UJ03RTnU__IHJF_4DgDBtY4LIqXNG-FomrO-7ywes20CBCRM2Hcm7EJSh3UUw1dO-c_uTflUrtgY1i7uBRezj_DpympmEFkfbQY\/s1600\/logo-principal2.jpg\" width=\"100%\" height=\"100\" \/><\/a><!--bestpublic-voz03--><!--desk-in-out-voz03--><br \/>\n<!--publicidad-voz04--><a href=\"https:\/\/www.facebook.com\/profile.php?id=61557370768692&amp;locale=es_ES\"><img decoding=\"async\" class=\"alignnone size-medium\" src=\"https:\/\/blogger.googleusercontent.com\/img\/b\/R29vZ2xl\/AVvXsEgy5RdcfffrnrItnYTcV9bCJjgJwldsQLWssfVfrLbyfXeBNTFKgBf0rMIvhrUaGUhiXzVr9_eQgCbi-j63ZDpfTvLIty9w7s140y-m1yHe7eKmEK7v2NAHUJDVYGdfeiQFeRCqUjdwWmN1MX_AUxxz4IVdJ4WIM0APxit8bjWkXzrnEFGqBvW_1F13H1g\/s1600\/logo-principal5.jpg\" width=\"100%\" height=\"100\" \/><\/a><!--bestpublic-voz04--><!--desk-in-out-voz04--><br \/>\n<!--publicidad-voz05--><a href=\"https:\/\/www.facebook.com\/asociaciontamborileroshellin?locale=es_ES\"><img decoding=\"async\" class=\"alignnone size-medium\" src=\"https:\/\/blogger.googleusercontent.com\/img\/b\/R29vZ2xl\/AVvXsEhHEEpZsKK1VpwiYMrS7aE2ujtqIDZoLd4B5wtbiseSU9s2HdTdQfhF84So2XwEB1fv0BLw95GADm6hUl1bkKtzh-eIgVigXONuu_5RxeIMPhjk8q6uNX4EaEHbooKkbu7pCADWPpVJjhKIH5NQSJpWqedC-YBez4QAQeJYokkLot9bhrIaUAeztsGis6M\/s1600\/logo-principal3.jpg\" width=\"100%\" height=\"100\" \/><\/a><!--bestpublic-voz05--><!--desk-in-out-voz05--><br \/>\n<!--publicidad-voz06--><!--bestpublic-voz06--><!--desk-in-out-voz06--><br \/>\n<!--publicidad-voz07--><!--bestpublic-voz07--><!--desk-in-out-voz07--><br \/>\n<!--publicidad-voz08--><!--bestpublic-voz08--><!--desk-in-out-voz08--><br \/>\n<!--publicidad-voz09--><!--bestpublic-voz09--><!--desk-in-out-voz09--><br \/>\n<!--publicidad-voz10--><!--bestpublic-voz10--><!--desk-in-out-voz10--><br \/>\n<!--publicidad-voz11--><!--bestpublic-voz11--><!--desk-in-out-voz11--><br \/>\n<!--publicidad-voz12--><!--bestpublic-voz12--><!--desk-in-out-voz12--><br \/>\n<!--publicidad-voz13--><!--bestpublic-voz13--><!--desk-in-out-voz13--><br \/>\n<!--publicidad-voz14--><!--bestpublic-voz14--><!--desk-in-out-voz14--><br \/>\n<!--publicidad-voz15--><!--bestpublic-voz15--><!--desk-in-out-voz15--><br \/>\n<!--publicidad-voz16--><!--bestpublic-voz16--><!--desk-in-out-voz16--><\/p>\n","protected":false},"excerpt":{"rendered":"<p>CERCA DE 20.200 CASTELLANO-MANCHEGOS EVALUARON SU AGUDEZA VISUAL EN \u00d3PTICAS DE LA REGI\u00d3N DE MANERA GRATUITA<\/p>\n","protected":false},"author":2,"featured_media":90579,"comment_status":"closed","ping_status":"closed","sticky":false,"template":"","format":"standard","meta":{"footnotes":""},"categories":[723,718,715,716,717],"tags":[],"class_list":["post-102498","post","type-post","status-publish","format-standard","has-post-thumbnail","hentry","category-blog-lv005","category-blogger","category-la-voz-de-hellin","category-la-voz-de-hellin-la-voz-de-hellin","category-noticias"],"_links":{"self":[{"href":"https:\/\/lavozdehellin.com\/noticias\/wp-json\/wp\/v2\/posts\/102498","targetHints":{"allow":["GET"]}}],"collection":[{"href":"https:\/\/lavozdehellin.com\/noticias\/wp-json\/wp\/v2\/posts"}],"about":[{"href":"https:\/\/lavozdehellin.com\/noticias\/wp-json\/wp\/v2\/types\/post"}],"author":[{"embeddable":true,"href":"https:\/\/lavozdehellin.com\/noticias\/wp-json\/wp\/v2\/users\/2"}],"replies":[{"embeddable":true,"href":"https:\/\/lavozdehellin.com\/noticias\/wp-json\/wp\/v2\/comments?post=102498"}],"version-history":[{"count":0,"href":"https:\/\/lavozdehellin.com\/noticias\/wp-json\/wp\/v2\/posts\/102498\/revisions"}],"wp:featuredmedia":[{"embeddable":true,"href":"https:\/\/lavozdehellin.com\/noticias\/wp-json\/wp\/v2\/media\/90579"}],"wp:attachment":[{"href":"https:\/\/lavozdehellin.com\/noticias\/wp-json\/wp\/v2\/media?parent=102498"}],"wp:term":[{"taxonomy":"category","embeddable":true,"href":"https:\/\/lavozdehellin.com\/noticias\/wp-json\/wp\/v2\/categories?post=102498"},{"taxonomy":"post_tag","embeddable":true,"href":"https:\/\/lavozdehellin.com\/noticias\/wp-json\/wp\/v2\/tags?post=102498"}],"curies":[{"name":"wp","href":"https:\/\/api.w.org\/{rel}","templated":true}]}}