{"id":102505,"date":"2018-08-17T09:07:42","date_gmt":"2018-08-17T09:07:42","guid":{"rendered":"https:\/\/lavozdehellin.com\/noticias\/v01-084-hasta-el-8-de-octubre-esta-abierto-el-plazo-de-solicitudes-de-ayudas-al-alquiler-y-rehabilitacion-de-edificios\/"},"modified":"2024-01-04T14:08:52","modified_gmt":"2024-01-04T14:08:52","slug":"v01-084-hasta-el-8-de-octubre-esta-abierto-el-plazo-de-solicitudes-de-ayudas-al-alquiler-y-rehabilitacion-de-edificios","status":"publish","type":"post","link":"https:\/\/lavozdehellin.com\/noticias\/v01-084-hasta-el-8-de-octubre-esta-abierto-el-plazo-de-solicitudes-de-ayudas-al-alquiler-y-rehabilitacion-de-edificios\/","title":{"rendered":"LVH NOTICIAS | HASTA EL 8 DE OCTUBRE EST\u00c1 ABIERTO EL PLAZO DE SOLICITUDES DE AYUDAS AL ALQUILER Y REHABILITACI\u00d3N DE EDIFICIOS"},"content":{"rendered":"<p style=\"text-align: justify;\">El director provincial de Fomento ha informado que entre las novedades de la nueva convocatoria se encuentra una l\u00ednea espec\u00edfica de ayuda a j\u00f3venes de menos 35 a\u00f1os con hasta el 50 por ciento del alquiler, para rentas menores de 500 euros, incluyendo la comunidad; o la apertura de estas subvenciones con fondos propios de la Junta para las asociaciones del Tercer Sector, con alquileres de hasta 600 euros.<\/p>\n<p><!--more--><br \/>\n<!--publicidad-voz01--><a href=\"https:\/\/www.facebook.com\/SoloRadioHellin\/?locale=es_ES\"><img decoding=\"async\" class=\"alignnone size-medium\" src=\"https:\/\/blogger.googleusercontent.com\/img\/b\/R29vZ2xl\/AVvXsEiNncirNnyGedv00mhjZjh5Wl4_YPdJGanoAl8tL8zH-HwqE8uHqjEfSt340RHdx-9tuCSIkZ8rFamZiGyYlgDGxCsmXjCH_1xk5eYM3ntFZRvJP_jndOKR7w1UAo9Tu0vrZyOLfqRpHIxYI5SymJJ-pfGCQw6QVpggBH-UgfjiFQ2JOxqxG0Jx94kW83c\/s1600\/logo-principal.jpg\" width=\"100%\" height=\"100\" \/><\/a><!--bestpublic-voz01--><!--desk-in-out-voz01--><br \/>\n<!--publicidad-voz02--><a href=\"https:\/\/www.hellincf.com\/\"><img decoding=\"async\" class=\"alignnone size-medium\" src=\"https:\/\/blogger.googleusercontent.com\/img\/b\/R29vZ2xl\/AVvXsEhuZ4-XfBVj3UtdP8-RZugy3WVrg-Zv28c53m4oV47qYCxL1rX_dqWX_YddsGSnpH5SRDqZ7bZeKPIfDVCDncpjVlhy3aQs2vojcJBn7Gdv9hC2_Nzct_pRFrnFE1a7KTCdY1bT_kAgnY3-iadRZrGeJf1fR2P5fu11bokx0pWjaypoy-ctwCjklldpEbA\/s1600\/logo-principal7.jpg\" width=\"100%\" height=\"100\" \/><\/a><!--bestpublic-voz02--><!--desk-in-out-voz02--><\/p>\n<p style=\"text-align: justify;\">El Gobierno de Castilla-La Mancha ha destinado en la presente legislatura, m\u00e1s de 12 millones de euros en ayudas al alquiler y rehabilitaci\u00f3n edificatoria, en la provincia de Albacete. En concreto, en el periodo comprendido entre los a\u00f1os 2015 y 2017, la Consejer\u00eda de Fomento invirti\u00f3 5 millones de euros, beneficiando con ayudas al alquiler a 3.306 personas; y movilizando 7,3 millones de euros en rehabilitaci\u00f3n edificatoria con 4.397 subvenciones, todas ellas en la provincia de Albacete.<\/p>\n<p style=\"text-align: justify;\">El Ejecutivo auton\u00f3mico aprob\u00f3, s\u00f3lo en el pasado a\u00f1o 2017 en nuestra provincia, 1.830 ayudas al alquiler en Albacete con 3 millones de euros de presupuesto, y 1.770 para rehabilitaci\u00f3n edificatoria, con otros 3 millones de euros.<\/p>\n<p style=\"text-align: justify;\">El delegado de la Junta en Albacete, Pedro Antonio Ruiz Santos; el director general de Vivienda y Urbanismo, Jos\u00e9 Antonio Carrillo; y el director provincial de Fomento, C\u00e9sar L\u00f3pez Ballesteros han ofrecido estos datos, al informar de la nueva convocatoria de ayudas de alquiler y rehabilitaci\u00f3n edificatoria, tras firmarse el nuevo Plan de Vivienda 2017-2018, y que estar\u00e1 abierta durante los dos pr\u00f3ximos meses, tras su publicaci\u00f3n en el Diario Oficial de Castilla-La Mancha (DOCM), el pasado 9 de agosto, y cuyo plazo finalizar\u00e1 el pr\u00f3ximo 8 de octubre para presentar solicitudes.<\/p>\n<p style=\"text-align: justify;\">Ruiz Santos ha puesto de manifiesto, \u201cel gran esfuerzo realizado por el Gobierno del presidente Emiliano Garc\u00eda-Page con las familias que m\u00e1s necesitan ayudas para acceder al alquiler o realizar rehabilitaci\u00f3n de inmuebles\u201d, y ha puesto como ejemplo, la importancia que ha tenido la provincia de Albacete, registrando un 18 por ciento de las ayudas al alquiler, y m\u00e1s del 40 por ciento, de las de rehabilitaci\u00f3n edificatoria.<\/p>\n<p>Novedades de las ayudas al alquiler<\/p>\n<p style=\"text-align: justify;\">El director provincial de Fomento, C\u00e9sar L\u00f3pez Ballesteros ha explicado que entre las novedades que se incluyen en esta nueva convocatoria se establece una l\u00ednea joven reservada para los j\u00f3venes menores de 35 a\u00f1os, con rentas inferiores a 500 euros, incluidos los gatos de la comunidad, y ayudas del 50 por ciento.<\/p>\n<p style=\"text-align: justify;\">Adem\u00e1s hay otra l\u00ednea para para mayores de 35 a\u00f1os, con rentas inferiores a 500 euros incluidos los gastos de la comunidad; para supuestos generales, de hasta un 40 por ciento del arrendamiento, y para mayores de 65 a\u00f1os, con el 50 por ciento.<\/p>\n<p style=\"text-align: justify;\">Por otro lado, L\u00f3pez Ballesteros ha informado de la incorporaci\u00f3n de ayudas dirigidas al tercer sector para que las entidades y fundaciones con vivienda puedan optar a esta convocatoria con alquileres de hasta 600 euros. Una l\u00ednea, &#8211; ha remarcado- que est\u00e1 dotada con fondos propios de la Junta, y que alcanza los 100.000 euros en toda la Comunidad Aut\u00f3noma.<\/p>\n<p style=\"text-align: justify;\">Durante la rueda de prensa, el director provincial de la Consejer\u00eda de Fomento tambi\u00e9n ha resaltado que el 50 por ciento de bonificaci\u00f3n en el alquiler tambi\u00e9n se extiende a otros colectivos como familias monoparentales, aquellas que ha sufrido un desahucio, mujeres v\u00edctimas de violencia de g\u00e9nero, o colectivos en riesgos de exclusi\u00f3n social, entre otros.<\/p>\n<p style=\"text-align: justify;\">Esta convocatoria, al igual que la pasada, incluye subvenciones para materiales para aquellos ayuntamientos que han solicitado a trav\u00e9s del Plan Extraordinario por el Empleo arreglar una vivienda social.<\/p>\n<p style=\"text-align: justify;\">Nuevas ayudas a la rehabilitaci\u00f3n edificatoria<\/p>\n<p style=\"text-align: justify;\">Por otro lado, el director provincial de Fomento, C\u00e9sar L\u00f3pez Ballesteros ha se\u00f1alado que las nuevas ayudas para rehabilitaci\u00f3n edificatoria van dirigidas a dos apartados como son; la mejora de eficiencia energ\u00e9tica y sostenibilidad; y para conservaci\u00f3n, seguridad y accesibilidad.<\/p>\n<p style=\"text-align: justify;\">L\u00f3pez Ballesteros ha explicado que estas subvenciones van destinadas a actuaciones en viviendas ubicadas en zonas residenciales colectivas, y para viviendas unifamiliares. En el caso de las comunidades de propietarios, el Gobierno regional espera poder sacar una nueva convocatoria pr\u00f3ximamente para subvencionar incluso el 80 por ciento de la rehabilitaci\u00f3n.<\/p>\n<p style=\"text-align: justify;\">Sobre estos complementos en las ayudas, el director provincial de Fomento ha apuntado que se subvenciona hasta el 40 por ciento del coste total en el caso de eficiencia energ\u00e9tica, alanzando incluso el 75 por ciento, en situaciones concretas, y ha puesto de manifiesto algunas situaciones como en edificios BIC con 1.000 euros adicionales o para el fomento de poblaci\u00f3n en localidades peque\u00f1as con incrementos de un 20 por ciento, si el solicitante es joven en un municipio de menos de 5.000 habitantes.<\/p>\n<p style=\"text-align: justify;\">En el caso de conservaci\u00f3n, seguridad y accesibilidad, L\u00f3pez Ballesteros ha se\u00f1alado que se subvenciona el 40 por ciento, pudiendo alcanzar el 74 por ciento, y al igual que antes, en caso de BIC, o para luchar contra la despoblaci\u00f3n, con un 35 por ciento adicional, en la \u00faltima hip\u00f3tesis.<\/p>\n<p style=\"text-align: justify;\">Tramitaciones provinciales<\/p>\n<p style=\"text-align: justify;\">Las solicitudes podr\u00e1n presentarse en la Direcci\u00f3n provincial de Fomento de Albacete, donde recibir\u00e1n un trato personalizado y con cita previa, del mismo modo que toda la informaci\u00f3n relativa puede consultarse en los enlaces:<\/p>\n<p style=\"text-align: justify;\"><a target=\"_blank\" rel=\"nofollow noopener noreferrer\" href=\"https:\/\/www.castillalamancha.es\/node\/276064\">https:\/\/www.castillalamancha.es\/node\/276064<\/a>\u00a0y\u00a0<a target=\"_blank\" rel=\"nofollow noopener noreferrer\" href=\"https:\/\/www.castillalamancha.es\/node\/276069\">https:\/\/www.castillalamancha.es\/node\/276069<\/a><\/p>\n<p style=\"text-align: justify;\">Las ayudas de alquiler se abonar\u00e1n con car\u00e1cter retroactivo desde el 1 de enero a aquellos que resulten beneficiarios.<\/p>\n<p style=\"text-align: justify;\">Por \u00faltimo, el director provincial de Fomento ha explicado que hasta la fecha, en la nueva convocatoria se han recibido ya 260 citas previas, y que en la pasada convocatoria, se registraron en Albacete, 2.200 solicitudes.<\/p>\n<p style=\"text-align: justify;\">Adem\u00e1s, C\u00e9sar L\u00f3pez Ballesteros ha valorado el trabajo que se realiza en la Direcci\u00f3n provincial que cuenta con un refuerzo de plantilla de 6 trabajadores m\u00e1s.<\/p>\n<p><!--publicidad-voz03--><a href=\"https:\/\/www.facebook.com\/profile.php?id=100063593791305&amp;locale=es_ES\"><img decoding=\"async\" class=\"alignnone size-medium\" src=\"https:\/\/blogger.googleusercontent.com\/img\/b\/R29vZ2xl\/AVvXsEi8_n_ll8UOcGxCqzFvb_9Io4ICczlGC990BPtPj2w9Px-u7B3oqWUW5vtjZUqPNJ-nyjiUIorE0ATsib_l5tV8BVN-UJ03RTnU__IHJF_4DgDBtY4LIqXNG-FomrO-7ywes20CBCRM2Hcm7EJSh3UUw1dO-c_uTflUrtgY1i7uBRezj_DpympmEFkfbQY\/s1600\/logo-principal2.jpg\" width=\"100%\" height=\"100\" \/><\/a><!--bestpublic-voz03--><!--desk-in-out-voz03--><br \/>\n<!--publicidad-voz04--><a href=\"https:\/\/www.facebook.com\/profile.php?id=61557370768692&amp;locale=es_ES\"><img decoding=\"async\" class=\"alignnone size-medium\" src=\"https:\/\/blogger.googleusercontent.com\/img\/b\/R29vZ2xl\/AVvXsEgy5RdcfffrnrItnYTcV9bCJjgJwldsQLWssfVfrLbyfXeBNTFKgBf0rMIvhrUaGUhiXzVr9_eQgCbi-j63ZDpfTvLIty9w7s140y-m1yHe7eKmEK7v2NAHUJDVYGdfeiQFeRCqUjdwWmN1MX_AUxxz4IVdJ4WIM0APxit8bjWkXzrnEFGqBvW_1F13H1g\/s1600\/logo-principal5.jpg\" width=\"100%\" height=\"100\" \/><\/a><!--bestpublic-voz04--><!--desk-in-out-voz04--><br \/>\n<!--publicidad-voz05--><a href=\"https:\/\/www.facebook.com\/asociaciontamborileroshellin?locale=es_ES\"><img decoding=\"async\" class=\"alignnone size-medium\" src=\"https:\/\/blogger.googleusercontent.com\/img\/b\/R29vZ2xl\/AVvXsEhHEEpZsKK1VpwiYMrS7aE2ujtqIDZoLd4B5wtbiseSU9s2HdTdQfhF84So2XwEB1fv0BLw95GADm6hUl1bkKtzh-eIgVigXONuu_5RxeIMPhjk8q6uNX4EaEHbooKkbu7pCADWPpVJjhKIH5NQSJpWqedC-YBez4QAQeJYokkLot9bhrIaUAeztsGis6M\/s1600\/logo-principal3.jpg\" width=\"100%\" height=\"100\" \/><\/a><!--bestpublic-voz05--><!--desk-in-out-voz05--><br \/>\n<!--publicidad-voz06--><!--bestpublic-voz06--><!--desk-in-out-voz06--><br \/>\n<!--publicidad-voz07--><!--bestpublic-voz07--><!--desk-in-out-voz07--><br \/>\n<!--publicidad-voz08--><!--bestpublic-voz08--><!--desk-in-out-voz08--><br \/>\n<!--publicidad-voz09--><!--bestpublic-voz09--><!--desk-in-out-voz09--><br \/>\n<!--publicidad-voz10--><!--bestpublic-voz10--><!--desk-in-out-voz10--><br \/>\n<!--publicidad-voz11--><!--bestpublic-voz11--><!--desk-in-out-voz11--><br \/>\n<!--publicidad-voz12--><!--bestpublic-voz12--><!--desk-in-out-voz12--><br \/>\n<!--publicidad-voz13--><!--bestpublic-voz13--><!--desk-in-out-voz13--><br \/>\n<!--publicidad-voz14--><!--bestpublic-voz14--><!--desk-in-out-voz14--><br \/>\n<!--publicidad-voz15--><!--bestpublic-voz15--><!--desk-in-out-voz15--><br \/>\n<!--publicidad-voz16--><!--bestpublic-voz16--><!--desk-in-out-voz16--><\/p>\n","protected":false},"excerpt":{"rendered":"<p>HASTA EL 8 DE OCTUBRE EST\u00c1 ABIERTO EL PLAZO DE SOLICITUDES DE AYUDAS AL ALQUILER Y REHABILITACI\u00d3N DE EDIFICIOS<\/p>\n","protected":false},"author":2,"featured_media":90587,"comment_status":"closed","ping_status":"closed","sticky":false,"template":"","format":"standard","meta":{"footnotes":""},"categories":[723,718,715,716,717],"tags":[],"class_list":["post-102505","post","type-post","status-publish","format-standard","has-post-thumbnail","hentry","category-blog-lv005","category-blogger","category-la-voz-de-hellin","category-la-voz-de-hellin-la-voz-de-hellin","category-noticias"],"_links":{"self":[{"href":"https:\/\/lavozdehellin.com\/noticias\/wp-json\/wp\/v2\/posts\/102505","targetHints":{"allow":["GET"]}}],"collection":[{"href":"https:\/\/lavozdehellin.com\/noticias\/wp-json\/wp\/v2\/posts"}],"about":[{"href":"https:\/\/lavozdehellin.com\/noticias\/wp-json\/wp\/v2\/types\/post"}],"author":[{"embeddable":true,"href":"https:\/\/lavozdehellin.com\/noticias\/wp-json\/wp\/v2\/users\/2"}],"replies":[{"embeddable":true,"href":"https:\/\/lavozdehellin.com\/noticias\/wp-json\/wp\/v2\/comments?post=102505"}],"version-history":[{"count":0,"href":"https:\/\/lavozdehellin.com\/noticias\/wp-json\/wp\/v2\/posts\/102505\/revisions"}],"wp:featuredmedia":[{"embeddable":true,"href":"https:\/\/lavozdehellin.com\/noticias\/wp-json\/wp\/v2\/media\/90587"}],"wp:attachment":[{"href":"https:\/\/lavozdehellin.com\/noticias\/wp-json\/wp\/v2\/media?parent=102505"}],"wp:term":[{"taxonomy":"category","embeddable":true,"href":"https:\/\/lavozdehellin.com\/noticias\/wp-json\/wp\/v2\/categories?post=102505"},{"taxonomy":"post_tag","embeddable":true,"href":"https:\/\/lavozdehellin.com\/noticias\/wp-json\/wp\/v2\/tags?post=102505"}],"curies":[{"name":"wp","href":"https:\/\/api.w.org\/{rel}","templated":true}]}}