{"id":102508,"date":"2018-07-19T10:38:35","date_gmt":"2018-07-19T10:38:35","guid":{"rendered":"https:\/\/lavozdehellin.com\/noticias\/v01-087-unos-70-socios-de-la-pena-madridista-la-gran-familia-hellin-disfrutaron-a-lo-grande-de-la-cena-charla-coloquio-con-tomas-roncero-como-invitado\/"},"modified":"2024-01-04T14:08:53","modified_gmt":"2024-01-04T14:08:53","slug":"v01-087-unos-70-socios-de-la-pena-madridista-la-gran-familia-hellin-disfrutaron-a-lo-grande-de-la-cena-charla-coloquio-con-tomas-roncero-como-invitado","status":"publish","type":"post","link":"https:\/\/lavozdehellin.com\/noticias\/v01-087-unos-70-socios-de-la-pena-madridista-la-gran-familia-hellin-disfrutaron-a-lo-grande-de-la-cena-charla-coloquio-con-tomas-roncero-como-invitado\/","title":{"rendered":"LVH NOTICIAS | UNOS 70 SOCIOS DE LA PE\u00d1A MADRIDISTA LA GRAN FAMILIA HELL\u00cdN DISFRUTARON A LO GRANDE DE LA CENA-CHARLA-COLOQUIO CON TOM\u00c1S RONCERO COMO INVITADO"},"content":{"rendered":"<p style=\"text-align: justify;\">La Pe\u00f1a Madridista La Gran Familia Hell\u00edn celebr\u00f3 una cena-charla-coloquio madridista el pasado fin de semana en nuestra localidad, evento en el que se dieron cita alrededor de 70 socios de esta pe\u00f1a madridista , en la cual pudieron compartir y dialogar sobre madridismo con la presencia del periodista Tom\u00e1s Roncero que hizo honor a su simpat\u00eda y entusiasmo con los socios pe\u00f1istas.<\/p>\n<p><!--more--><br \/>\n<!--publicidad-voz01--><a href=\"https:\/\/www.facebook.com\/SoloRadioHellin\/?locale=es_ES\"><img decoding=\"async\" class=\"alignnone size-medium\" src=\"https:\/\/blogger.googleusercontent.com\/img\/b\/R29vZ2xl\/AVvXsEiNncirNnyGedv00mhjZjh5Wl4_YPdJGanoAl8tL8zH-HwqE8uHqjEfSt340RHdx-9tuCSIkZ8rFamZiGyYlgDGxCsmXjCH_1xk5eYM3ntFZRvJP_jndOKR7w1UAo9Tu0vrZyOLfqRpHIxYI5SymJJ-pfGCQw6QVpggBH-UgfjiFQ2JOxqxG0Jx94kW83c\/s1600\/logo-principal.jpg\" width=\"100%\" height=\"100\" \/><\/a><!--bestpublic-voz01--><!--desk-in-out-voz01--><br \/>\n<!--publicidad-voz02--><a href=\"https:\/\/www.hellincf.com\/\"><img decoding=\"async\" class=\"alignnone size-medium\" src=\"https:\/\/blogger.googleusercontent.com\/img\/b\/R29vZ2xl\/AVvXsEhuZ4-XfBVj3UtdP8-RZugy3WVrg-Zv28c53m4oV47qYCxL1rX_dqWX_YddsGSnpH5SRDqZ7bZeKPIfDVCDncpjVlhy3aQs2vojcJBn7Gdv9hC2_Nzct_pRFrnFE1a7KTCdY1bT_kAgnY3-iadRZrGeJf1fR2P5fu11bokx0pWjaypoy-ctwCjklldpEbA\/s1600\/logo-principal7.jpg\" width=\"100%\" height=\"100\" \/><\/a><!--bestpublic-voz02--><!--desk-in-out-voz02--><\/p>\n<p style=\"text-align: justify;\">Tampoco faltaron las actuaciones del coro rociero Del Perd\u00f3n interpretando canciones madridistas y la exhibici\u00f3n de toque de tambor por parte de Melissa Pedrosa, adem\u00e1s tambi\u00e9n hubo sorteos de camisetas del Real Madrid y viajes con entradas para presenciar el pr\u00f3ximo partido del Trofeo Santiago Bernabeu.<\/p>\n<p style=\"text-align: justify;\">Una noche m\u00e1gica de convivencia madridista con la presencia de Tomas Roncero que declar\u00f3 estar disfrutando enormemente con esta pe\u00f1a llena de juventud y de c\u00f3mo se vive el madridismo dentro de ella.<\/p>\n<p style=\"text-align: justify;\">Ahora La Gran Familia Hell\u00edn como pr\u00f3xima actividad preparar\u00e1 un viaje para presenciar el Trofeo Santiago Bernabeu en Madrid nada m\u00e1s se sepa la fecha de dicho partido, que en un principio todo hace indicar que ser\u00e1 en Agosto una vez jugado el partido de la Supercopa frente al At. Madrid en Estonia.<\/p>\n<p><!--publicidad-voz03--><a href=\"https:\/\/www.facebook.com\/profile.php?id=100063593791305&amp;locale=es_ES\"><img decoding=\"async\" class=\"alignnone size-medium\" src=\"https:\/\/blogger.googleusercontent.com\/img\/b\/R29vZ2xl\/AVvXsEi8_n_ll8UOcGxCqzFvb_9Io4ICczlGC990BPtPj2w9Px-u7B3oqWUW5vtjZUqPNJ-nyjiUIorE0ATsib_l5tV8BVN-UJ03RTnU__IHJF_4DgDBtY4LIqXNG-FomrO-7ywes20CBCRM2Hcm7EJSh3UUw1dO-c_uTflUrtgY1i7uBRezj_DpympmEFkfbQY\/s1600\/logo-principal2.jpg\" width=\"100%\" height=\"100\" \/><\/a><!--bestpublic-voz03--><!--desk-in-out-voz03--><br \/>\n<!--publicidad-voz04--><a href=\"https:\/\/www.facebook.com\/profile.php?id=61557370768692&amp;locale=es_ES\"><img decoding=\"async\" class=\"alignnone size-medium\" src=\"https:\/\/blogger.googleusercontent.com\/img\/b\/R29vZ2xl\/AVvXsEgy5RdcfffrnrItnYTcV9bCJjgJwldsQLWssfVfrLbyfXeBNTFKgBf0rMIvhrUaGUhiXzVr9_eQgCbi-j63ZDpfTvLIty9w7s140y-m1yHe7eKmEK7v2NAHUJDVYGdfeiQFeRCqUjdwWmN1MX_AUxxz4IVdJ4WIM0APxit8bjWkXzrnEFGqBvW_1F13H1g\/s1600\/logo-principal5.jpg\" width=\"100%\" height=\"100\" \/><\/a><!--bestpublic-voz04--><!--desk-in-out-voz04--><br \/>\n<!--publicidad-voz05--><a href=\"https:\/\/www.facebook.com\/asociaciontamborileroshellin?locale=es_ES\"><img decoding=\"async\" class=\"alignnone size-medium\" src=\"https:\/\/blogger.googleusercontent.com\/img\/b\/R29vZ2xl\/AVvXsEhHEEpZsKK1VpwiYMrS7aE2ujtqIDZoLd4B5wtbiseSU9s2HdTdQfhF84So2XwEB1fv0BLw95GADm6hUl1bkKtzh-eIgVigXONuu_5RxeIMPhjk8q6uNX4EaEHbooKkbu7pCADWPpVJjhKIH5NQSJpWqedC-YBez4QAQeJYokkLot9bhrIaUAeztsGis6M\/s1600\/logo-principal3.jpg\" width=\"100%\" height=\"100\" \/><\/a><!--bestpublic-voz05--><!--desk-in-out-voz05--><br \/>\n<!--publicidad-voz06--><!--bestpublic-voz06--><!--desk-in-out-voz06--><br \/>\n<!--publicidad-voz07--><!--bestpublic-voz07--><!--desk-in-out-voz07--><br \/>\n<!--publicidad-voz08--><!--bestpublic-voz08--><!--desk-in-out-voz08--><br \/>\n<!--publicidad-voz09--><!--bestpublic-voz09--><!--desk-in-out-voz09--><br \/>\n<!--publicidad-voz10--><!--bestpublic-voz10--><!--desk-in-out-voz10--><br \/>\n<!--publicidad-voz11--><!--bestpublic-voz11--><!--desk-in-out-voz11--><br \/>\n<!--publicidad-voz12--><!--bestpublic-voz12--><!--desk-in-out-voz12--><br \/>\n<!--publicidad-voz13--><!--bestpublic-voz13--><!--desk-in-out-voz13--><br \/>\n<!--publicidad-voz14--><!--bestpublic-voz14--><!--desk-in-out-voz14--><br \/>\n<!--publicidad-voz15--><!--bestpublic-voz15--><!--desk-in-out-voz15--><br \/>\n<!--publicidad-voz16--><!--bestpublic-voz16--><!--desk-in-out-voz16--><\/p>\n","protected":false},"excerpt":{"rendered":"<p>UNOS 70 SOCIOS DE LA PE\u00d1A MADRIDISTA LA GRAN FAMILIA HELL\u00cdN DISFRUTARON A LO GRANDE DE LA CENA-CHARLA-COLOQUIO CON TOM\u00c1S RONCERO COMO INVITADO<\/p>\n","protected":false},"author":2,"featured_media":90585,"comment_status":"closed","ping_status":"closed","sticky":false,"template":"","format":"standard","meta":{"footnotes":""},"categories":[723,718,715,716,717],"tags":[],"class_list":["post-102508","post","type-post","status-publish","format-standard","has-post-thumbnail","hentry","category-blog-lv005","category-blogger","category-la-voz-de-hellin","category-la-voz-de-hellin-la-voz-de-hellin","category-noticias"],"_links":{"self":[{"href":"https:\/\/lavozdehellin.com\/noticias\/wp-json\/wp\/v2\/posts\/102508","targetHints":{"allow":["GET"]}}],"collection":[{"href":"https:\/\/lavozdehellin.com\/noticias\/wp-json\/wp\/v2\/posts"}],"about":[{"href":"https:\/\/lavozdehellin.com\/noticias\/wp-json\/wp\/v2\/types\/post"}],"author":[{"embeddable":true,"href":"https:\/\/lavozdehellin.com\/noticias\/wp-json\/wp\/v2\/users\/2"}],"replies":[{"embeddable":true,"href":"https:\/\/lavozdehellin.com\/noticias\/wp-json\/wp\/v2\/comments?post=102508"}],"version-history":[{"count":0,"href":"https:\/\/lavozdehellin.com\/noticias\/wp-json\/wp\/v2\/posts\/102508\/revisions"}],"wp:featuredmedia":[{"embeddable":true,"href":"https:\/\/lavozdehellin.com\/noticias\/wp-json\/wp\/v2\/media\/90585"}],"wp:attachment":[{"href":"https:\/\/lavozdehellin.com\/noticias\/wp-json\/wp\/v2\/media?parent=102508"}],"wp:term":[{"taxonomy":"category","embeddable":true,"href":"https:\/\/lavozdehellin.com\/noticias\/wp-json\/wp\/v2\/categories?post=102508"},{"taxonomy":"post_tag","embeddable":true,"href":"https:\/\/lavozdehellin.com\/noticias\/wp-json\/wp\/v2\/tags?post=102508"}],"curies":[{"name":"wp","href":"https:\/\/api.w.org\/{rel}","templated":true}]}}