{"id":102512,"date":"2018-07-17T10:41:04","date_gmt":"2018-07-17T10:41:04","guid":{"rendered":"https:\/\/lavozdehellin.com\/noticias\/v01-091-el-programa-de-telepresencia-del-servicio-de-atencion-ciudadana-de-la-diputacion-de-albacete-despierta-el-interes-de-la-jccm-y-podria-llegar-a-otros-puntos-de-c-lm\/"},"modified":"2024-01-04T14:08:53","modified_gmt":"2024-01-04T14:08:53","slug":"v01-091-el-programa-de-telepresencia-del-servicio-de-atencion-ciudadana-de-la-diputacion-de-albacete-despierta-el-interes-de-la-jccm-y-podria-llegar-a-otros-puntos-de-c-lm","status":"publish","type":"post","link":"https:\/\/lavozdehellin.com\/noticias\/v01-091-el-programa-de-telepresencia-del-servicio-de-atencion-ciudadana-de-la-diputacion-de-albacete-despierta-el-interes-de-la-jccm-y-podria-llegar-a-otros-puntos-de-c-lm\/","title":{"rendered":"LVH NOTICIAS | EL PROGRAMA DE TELEPRESENCIA DEL SERVICIO DE ATENCI\u00d3N CIUDADANA DE LA DIPUTACI\u00d3N DE ALBACETE DESPIERTA EL INTER\u00c9S DE LA JCCM Y PODR\u00cdA LLEGAR A OTROS PUNTOS DE C-LM"},"content":{"rendered":"<p style=\"text-align: justify;\">La sede del Servicio Provincial de Atenci\u00f3n Ciudadana (antiguo Consorcio Provincial de Consumo) dependiente de la Diputaci\u00f3n de Albacete ha recibido\u00a0 la visita de la consejera de Fomento de Castilla-La Mancha, Agustina Garc\u00eda \u00c9lez.<\/p>\n<p><!--more--><br \/>\n<!--publicidad-voz01--><a href=\"https:\/\/www.facebook.com\/SoloRadioHellin\/?locale=es_ES\"><img decoding=\"async\" class=\"alignnone size-medium\" src=\"https:\/\/blogger.googleusercontent.com\/img\/b\/R29vZ2xl\/AVvXsEiNncirNnyGedv00mhjZjh5Wl4_YPdJGanoAl8tL8zH-HwqE8uHqjEfSt340RHdx-9tuCSIkZ8rFamZiGyYlgDGxCsmXjCH_1xk5eYM3ntFZRvJP_jndOKR7w1UAo9Tu0vrZyOLfqRpHIxYI5SymJJ-pfGCQw6QVpggBH-UgfjiFQ2JOxqxG0Jx94kW83c\/s1600\/logo-principal.jpg\" width=\"100%\" height=\"100\" \/><\/a><!--bestpublic-voz01--><!--desk-in-out-voz01--><br \/>\n<!--publicidad-voz02--><a href=\"https:\/\/www.hellincf.com\/\"><img decoding=\"async\" class=\"alignnone size-medium\" src=\"https:\/\/blogger.googleusercontent.com\/img\/b\/R29vZ2xl\/AVvXsEhuZ4-XfBVj3UtdP8-RZugy3WVrg-Zv28c53m4oV47qYCxL1rX_dqWX_YddsGSnpH5SRDqZ7bZeKPIfDVCDncpjVlhy3aQs2vojcJBn7Gdv9hC2_Nzct_pRFrnFE1a7KTCdY1bT_kAgnY3-iadRZrGeJf1fR2P5fu11bokx0pWjaypoy-ctwCjklldpEbA\/s1600\/logo-principal7.jpg\" width=\"100%\" height=\"100\" \/><\/a><!--bestpublic-voz02--><!--desk-in-out-voz02--><\/p>\n<p style=\"text-align: justify;\">Acompa\u00f1ada por el presidente de la Diputaci\u00f3n albacete\u00f1a, Santiago Caba\u00f1ero, la consejera ha podido conocer todos los detalles sobre el novedoso programa de Telepresencia que han ideado los propios trabajadores de este Servicio Provincial tal y como le ha explicado la gerente del mismo, M\u00aa Dolores G\u00f3mez.<\/p>\n<p style=\"text-align: justify;\">Sin desplazamientos, gastos, esperas ni certificados digitales (que pocos tienen y que a muchos supone un freno burocr\u00e1tico), cualquier persona podr\u00e1 relacionarse con la Administraci\u00f3n para realizar diferentes tr\u00e1mites desde su propia localidad y, sobre todo, de manera sencilla, a trav\u00e9s de este programa totalmente pionero.<\/p>\n<p style=\"text-align: justify;\">De forma experimental, comenzar\u00e1 a funcionar en el Ayuntamiento de El Bonillo para, posteriormente, poder ser implementado al resto de los\u00a0 74 municipios atendidos por el Servicio, con la idea de que acabe llegando al conjunto de la provincia albacete\u00f1a.<\/p>\n<p style=\"text-align: justify;\">No obstante, se trata de una iniciativa tan novedosa y \u00fatil, que ha despertado el inter\u00e9s de la propia Junta de Comunidades de Castilla-La Mancha con el objetivo de poder implantarla tambi\u00e9n en otras provincias de la regi\u00f3n. De ah\u00ed esta visita de la consejera de Fomento que, en primera persona, ha podido comprobar el sencillo funcionamiento de este programa pensado para facilitar los tr\u00e1mites con la Administraci\u00f3n a toda la ciudadan\u00eda en cualquier punto de nuestra geograf\u00eda , impidiendo as\u00ed que alguien quede \u2018digitalmente aislado\u2019 poniendo fin a la llamada \u2018brecha digital\u2019.<\/p>\n<p style=\"text-align: justify;\">La idea fundamental de este programa es la \u2018simplicidad\u2019 de uso para quienes lo utilicen desde los diferentes puntos de la geograf\u00eda, sin necesidad de tener ning\u00fan tipo de conocimiento en materia digital o de nuevas tecnolog\u00edas. El usuario tan s\u00f3lo ha de acudir al espacio que se habilite en su correspondiente Ayuntamiento para \u00a0este dispositivo de Telepresencia cuyo gran protagonista es un sencillo bot\u00f3n amarillo que el ciudadano o ciudadana deber\u00e1 pulsar para iniciar su consulta.<\/p>\n<p style=\"text-align: justify;\">De esa simple forma contactar\u00e1, en vivo y en directo, con un trabajador o trabajadora del Servicio Provincial de Atenci\u00f3n Ciudadana, a quien contar\u00e1 el tr\u00e1mite que necesita realizar o la duda que desea resolver; ese empleado o empleada le ofrecer\u00e1 las explicaciones correspondientes y, paso a paso, guiar\u00e1 al usuario hasta obtener ese tr\u00e1mite deseado siendo preciso tan s\u00f3lo su r\u00fabrica en una sencilla tableta de firma biom\u00e9trica.<\/p>\n<p><!--publicidad-voz03--><a href=\"https:\/\/www.facebook.com\/profile.php?id=100063593791305&amp;locale=es_ES\"><img decoding=\"async\" class=\"alignnone size-medium\" src=\"https:\/\/blogger.googleusercontent.com\/img\/b\/R29vZ2xl\/AVvXsEi8_n_ll8UOcGxCqzFvb_9Io4ICczlGC990BPtPj2w9Px-u7B3oqWUW5vtjZUqPNJ-nyjiUIorE0ATsib_l5tV8BVN-UJ03RTnU__IHJF_4DgDBtY4LIqXNG-FomrO-7ywes20CBCRM2Hcm7EJSh3UUw1dO-c_uTflUrtgY1i7uBRezj_DpympmEFkfbQY\/s1600\/logo-principal2.jpg\" width=\"100%\" height=\"100\" \/><\/a><!--bestpublic-voz03--><!--desk-in-out-voz03--><br \/>\n<!--publicidad-voz04--><a href=\"https:\/\/www.facebook.com\/profile.php?id=61557370768692&amp;locale=es_ES\"><img decoding=\"async\" class=\"alignnone size-medium\" src=\"https:\/\/blogger.googleusercontent.com\/img\/b\/R29vZ2xl\/AVvXsEgy5RdcfffrnrItnYTcV9bCJjgJwldsQLWssfVfrLbyfXeBNTFKgBf0rMIvhrUaGUhiXzVr9_eQgCbi-j63ZDpfTvLIty9w7s140y-m1yHe7eKmEK7v2NAHUJDVYGdfeiQFeRCqUjdwWmN1MX_AUxxz4IVdJ4WIM0APxit8bjWkXzrnEFGqBvW_1F13H1g\/s1600\/logo-principal5.jpg\" width=\"100%\" height=\"100\" \/><\/a><!--bestpublic-voz04--><!--desk-in-out-voz04--><br \/>\n<!--publicidad-voz05--><a href=\"https:\/\/www.facebook.com\/asociaciontamborileroshellin?locale=es_ES\"><img decoding=\"async\" class=\"alignnone size-medium\" src=\"https:\/\/blogger.googleusercontent.com\/img\/b\/R29vZ2xl\/AVvXsEhHEEpZsKK1VpwiYMrS7aE2ujtqIDZoLd4B5wtbiseSU9s2HdTdQfhF84So2XwEB1fv0BLw95GADm6hUl1bkKtzh-eIgVigXONuu_5RxeIMPhjk8q6uNX4EaEHbooKkbu7pCADWPpVJjhKIH5NQSJpWqedC-YBez4QAQeJYokkLot9bhrIaUAeztsGis6M\/s1600\/logo-principal3.jpg\" width=\"100%\" height=\"100\" \/><\/a><!--bestpublic-voz05--><!--desk-in-out-voz05--><br \/>\n<!--publicidad-voz06--><!--bestpublic-voz06--><!--desk-in-out-voz06--><br \/>\n<!--publicidad-voz07--><!--bestpublic-voz07--><!--desk-in-out-voz07--><br \/>\n<!--publicidad-voz08--><!--bestpublic-voz08--><!--desk-in-out-voz08--><br \/>\n<!--publicidad-voz09--><!--bestpublic-voz09--><!--desk-in-out-voz09--><br \/>\n<!--publicidad-voz10--><!--bestpublic-voz10--><!--desk-in-out-voz10--><br \/>\n<!--publicidad-voz11--><!--bestpublic-voz11--><!--desk-in-out-voz11--><br \/>\n<!--publicidad-voz12--><!--bestpublic-voz12--><!--desk-in-out-voz12--><br \/>\n<!--publicidad-voz13--><!--bestpublic-voz13--><!--desk-in-out-voz13--><br \/>\n<!--publicidad-voz14--><!--bestpublic-voz14--><!--desk-in-out-voz14--><br \/>\n<!--publicidad-voz15--><!--bestpublic-voz15--><!--desk-in-out-voz15--><br \/>\n<!--publicidad-voz16--><!--bestpublic-voz16--><!--desk-in-out-voz16--><\/p>\n","protected":false},"excerpt":{"rendered":"<p>EL PROGRAMA DE TELEPRESENCIA DEL SERVICIO DE ATENCI\u00d3N CIUDADANA DE LA DIPUTACI\u00d3N DE ALBACETE DESPIERTA EL INTER\u00c9S DE LA JCCM Y PODR\u00cdA LLEGAR A OTROS PUNTOS DE C-LM<\/p>\n","protected":false},"author":2,"featured_media":90588,"comment_status":"closed","ping_status":"closed","sticky":false,"template":"","format":"standard","meta":{"footnotes":""},"categories":[723,718,715,716,717],"tags":[],"class_list":["post-102512","post","type-post","status-publish","format-standard","has-post-thumbnail","hentry","category-blog-lv005","category-blogger","category-la-voz-de-hellin","category-la-voz-de-hellin-la-voz-de-hellin","category-noticias"],"_links":{"self":[{"href":"https:\/\/lavozdehellin.com\/noticias\/wp-json\/wp\/v2\/posts\/102512","targetHints":{"allow":["GET"]}}],"collection":[{"href":"https:\/\/lavozdehellin.com\/noticias\/wp-json\/wp\/v2\/posts"}],"about":[{"href":"https:\/\/lavozdehellin.com\/noticias\/wp-json\/wp\/v2\/types\/post"}],"author":[{"embeddable":true,"href":"https:\/\/lavozdehellin.com\/noticias\/wp-json\/wp\/v2\/users\/2"}],"replies":[{"embeddable":true,"href":"https:\/\/lavozdehellin.com\/noticias\/wp-json\/wp\/v2\/comments?post=102512"}],"version-history":[{"count":0,"href":"https:\/\/lavozdehellin.com\/noticias\/wp-json\/wp\/v2\/posts\/102512\/revisions"}],"wp:featuredmedia":[{"embeddable":true,"href":"https:\/\/lavozdehellin.com\/noticias\/wp-json\/wp\/v2\/media\/90588"}],"wp:attachment":[{"href":"https:\/\/lavozdehellin.com\/noticias\/wp-json\/wp\/v2\/media?parent=102512"}],"wp:term":[{"taxonomy":"category","embeddable":true,"href":"https:\/\/lavozdehellin.com\/noticias\/wp-json\/wp\/v2\/categories?post=102512"},{"taxonomy":"post_tag","embeddable":true,"href":"https:\/\/lavozdehellin.com\/noticias\/wp-json\/wp\/v2\/tags?post=102512"}],"curies":[{"name":"wp","href":"https:\/\/api.w.org\/{rel}","templated":true}]}}