{"id":102514,"date":"2020-04-20T15:31:32","date_gmt":"2020-04-20T15:31:32","guid":{"rendered":"https:\/\/lavozdehellin.com\/noticias\/v01-093-el-ayuntamiento-elogia-la-importancia-de-los-agricultores-en-este-momento-clave-del-ano\/"},"modified":"2024-01-04T14:03:49","modified_gmt":"2024-01-04T14:03:49","slug":"v01-093-el-ayuntamiento-elogia-la-importancia-de-los-agricultores-en-este-momento-clave-del-ano","status":"publish","type":"post","link":"https:\/\/lavozdehellin.com\/noticias\/v01-093-el-ayuntamiento-elogia-la-importancia-de-los-agricultores-en-este-momento-clave-del-ano\/","title":{"rendered":"LVH NOTICIAS | EL AYUNTAMIENTO ELOGIA LA IMPORTANCIA DE LOS AGRICULTORES EN ESTE MOMENTO CLAVE DEL A\u00d1O"},"content":{"rendered":"<p style=\"text-align: justify;\">El concejal de Medioambiente y Agricultura y Agua de Hell\u00edn, Juli\u00e1n Mart\u00ednez, ha comparecido telem\u00e1ticamente para animar a los hellineros que se encuentren sin empleo a unirse a las tareas del campo, dentro de un sector, el de la agricultura, que afronta unos meses esenciales en su planificaci\u00f3n anual.<\/p>\n<p><!--more--><br \/>\n<!--publicidad-voz01--><a href=\"https:\/\/www.facebook.com\/SoloRadioHellin\/?locale=es_ES\"><img decoding=\"async\" class=\"alignnone size-medium\" src=\"https:\/\/blogger.googleusercontent.com\/img\/b\/R29vZ2xl\/AVvXsEiNncirNnyGedv00mhjZjh5Wl4_YPdJGanoAl8tL8zH-HwqE8uHqjEfSt340RHdx-9tuCSIkZ8rFamZiGyYlgDGxCsmXjCH_1xk5eYM3ntFZRvJP_jndOKR7w1UAo9Tu0vrZyOLfqRpHIxYI5SymJJ-pfGCQw6QVpggBH-UgfjiFQ2JOxqxG0Jx94kW83c\/s1600\/logo-principal.jpg\" width=\"100%\" height=\"100\" \/><\/a><!--bestpublic-voz01--><!--desk-in-out-voz01--><br \/>\n<!--publicidad-voz02--><a href=\"https:\/\/www.hellincf.com\/\"><img decoding=\"async\" class=\"alignnone size-medium\" src=\"https:\/\/blogger.googleusercontent.com\/img\/b\/R29vZ2xl\/AVvXsEhuZ4-XfBVj3UtdP8-RZugy3WVrg-Zv28c53m4oV47qYCxL1rX_dqWX_YddsGSnpH5SRDqZ7bZeKPIfDVCDncpjVlhy3aQs2vojcJBn7Gdv9hC2_Nzct_pRFrnFE1a7KTCdY1bT_kAgnY3-iadRZrGeJf1fR2P5fu11bokx0pWjaypoy-ctwCjklldpEbA\/s1600\/logo-principal7.jpg\" width=\"100%\" height=\"100\" \/><\/a><!--bestpublic-voz02--><!--desk-in-out-voz02--><\/p>\n<p style=\"text-align: justify;\">\u00abQueremos lanzar un mensaje de \u00e1nimo a todas las personas y un sincero agradecimiento a los sectores que est\u00e1n haciendo posible el desarrollo de nuestras vidas, con los importantes y dif\u00edciles condicionantes que ofrece el confinamiento\u00bb, comenzaba el concejal. \u00abY por eso quiero destacar c\u00f3mo es de esencial ahora m\u00e1s que nunca al sector primario, como garante de la producci\u00f3n de alimentos, imprescindibles para todos nosotros\u00bb.<\/p>\n<p style=\"text-align: justify;\">\u00abDesde la Concejal\u00eda y la propia ciudadan\u00eda debemos hacer un ejercicio de responsabilidad y ayuda a este sector e incidir en la recuperaci\u00f3n econ\u00f3mica de nuestro municipio y comarca. Nos encontramos en unas fechas clave para el adecuado desarrollo de los cultivos de frutas y hortalizas de nuestra comarca, que necesitan imperiosamente mano de obra para poder desarrollarlos\u00bb, prosegu\u00eda Juli\u00e1n Mart\u00ednez.<\/p>\n<p style=\"text-align: justify;\">El edil de Agricultura hac\u00eda por tanto \u00abun llamamiento para apoyar al sector agropecuario, y as\u00ed conseguir un doble objetivo: garantizar el futuro abastecimiento de alimentos y poder obtener un ingreso econ\u00f3mico que ayude al mantenimiento de nuestras familias. En estos momentos creo que se dispone de capacidad para ofrecer trabajo por parte de nuestros empresarios agr\u00edcolas y para ejercitarlo por parte de muchos de los demandantes de empleo que tenemos en el municipio\u00bb.<\/p>\n<p style=\"text-align: justify;\">Para poder facilitar el empleo necesario en la agricultura en este momento, el Gobierno de la naci\u00f3n ha articulado una serie de medidas que posibilitar\u00e1n los contratos que se puedan ofrecer y que \u00abesperemos que se acojan todos los desempleados posibles para los 100.000 jornales que se calcula se necesitan en la comarca en las pr\u00f3ximas semanas\u00bb, seg\u00fan palabras de Mart\u00ednez.<\/p>\n<p style=\"text-align: justify;\">En el tema de seguridad y movilidad, el concejal precisaba que \u00absomos conscientes del problema que supone el desplazamiento de trabajadores en estos momentos, pero para contener la expansi\u00f3n del virus y por propia seguridad de los trabajadores se deber\u00e1 llevar consigo en los desplazamientos el correspondiente contrato de trabajo\u00bb.<\/p>\n<p style=\"text-align: justify;\">Junto a estas medidas, el Ayuntamiento har\u00e1 las gestiones necesarias para facilitar el contacto entre empresarios y trabajadores para la realizaci\u00f3n de los trabajos poniendo en conocimiento del SEPE la demanda solicitada de empleo. Las condiciones de este empleo agrario con compatibilidad de prestaciones laborales se pueden consultar en la p\u00e1gina de empleo de la Junta de Comunidades de Castilla-La Mancha y en www.hellin.es<\/p>\n<p><!--publicidad-voz03--><a href=\"https:\/\/www.facebook.com\/profile.php?id=100063593791305&amp;locale=es_ES\"><img decoding=\"async\" class=\"alignnone size-medium\" src=\"https:\/\/blogger.googleusercontent.com\/img\/b\/R29vZ2xl\/AVvXsEi8_n_ll8UOcGxCqzFvb_9Io4ICczlGC990BPtPj2w9Px-u7B3oqWUW5vtjZUqPNJ-nyjiUIorE0ATsib_l5tV8BVN-UJ03RTnU__IHJF_4DgDBtY4LIqXNG-FomrO-7ywes20CBCRM2Hcm7EJSh3UUw1dO-c_uTflUrtgY1i7uBRezj_DpympmEFkfbQY\/s1600\/logo-principal2.jpg\" width=\"100%\" height=\"100\" \/><\/a><!--bestpublic-voz03--><!--desk-in-out-voz03--><br \/>\n<!--publicidad-voz04--><a href=\"https:\/\/www.facebook.com\/profile.php?id=61557370768692&amp;locale=es_ES\"><img decoding=\"async\" class=\"alignnone size-medium\" src=\"https:\/\/blogger.googleusercontent.com\/img\/b\/R29vZ2xl\/AVvXsEgy5RdcfffrnrItnYTcV9bCJjgJwldsQLWssfVfrLbyfXeBNTFKgBf0rMIvhrUaGUhiXzVr9_eQgCbi-j63ZDpfTvLIty9w7s140y-m1yHe7eKmEK7v2NAHUJDVYGdfeiQFeRCqUjdwWmN1MX_AUxxz4IVdJ4WIM0APxit8bjWkXzrnEFGqBvW_1F13H1g\/s1600\/logo-principal5.jpg\" width=\"100%\" height=\"100\" \/><\/a><!--bestpublic-voz04--><!--desk-in-out-voz04--><br \/>\n<!--publicidad-voz05--><a href=\"https:\/\/www.facebook.com\/asociaciontamborileroshellin?locale=es_ES\"><img decoding=\"async\" class=\"alignnone size-medium\" src=\"https:\/\/blogger.googleusercontent.com\/img\/b\/R29vZ2xl\/AVvXsEhHEEpZsKK1VpwiYMrS7aE2ujtqIDZoLd4B5wtbiseSU9s2HdTdQfhF84So2XwEB1fv0BLw95GADm6hUl1bkKtzh-eIgVigXONuu_5RxeIMPhjk8q6uNX4EaEHbooKkbu7pCADWPpVJjhKIH5NQSJpWqedC-YBez4QAQeJYokkLot9bhrIaUAeztsGis6M\/s1600\/logo-principal3.jpg\" width=\"100%\" height=\"100\" \/><\/a><!--bestpublic-voz05--><!--desk-in-out-voz05--><br \/>\n<!--publicidad-voz06--><!--bestpublic-voz06--><!--desk-in-out-voz06--><br \/>\n<!--publicidad-voz07--><!--bestpublic-voz07--><!--desk-in-out-voz07--><br \/>\n<!--publicidad-voz08--><!--bestpublic-voz08--><!--desk-in-out-voz08--><br \/>\n<!--publicidad-voz09--><!--bestpublic-voz09--><!--desk-in-out-voz09--><br \/>\n<!--publicidad-voz10--><!--bestpublic-voz10--><!--desk-in-out-voz10--><br \/>\n<!--publicidad-voz11--><!--bestpublic-voz11--><!--desk-in-out-voz11--><br \/>\n<!--publicidad-voz12--><!--bestpublic-voz12--><!--desk-in-out-voz12--><br \/>\n<!--publicidad-voz13--><!--bestpublic-voz13--><!--desk-in-out-voz13--><br \/>\n<!--publicidad-voz14--><!--bestpublic-voz14--><!--desk-in-out-voz14--><br \/>\n<!--publicidad-voz15--><!--bestpublic-voz15--><!--desk-in-out-voz15--><br \/>\n<!--publicidad-voz16--><!--bestpublic-voz16--><!--desk-in-out-voz16--><\/p>\n","protected":false},"excerpt":{"rendered":"<p>EL AYUNTAMIENTO ELOGIA LA IMPORTANCIA DE LOS AGRICULTORES EN ESTE MOMENTO CLAVE DEL A\u00d1O<\/p>\n","protected":false},"author":2,"featured_media":90584,"comment_status":"closed","ping_status":"closed","sticky":false,"template":"","format":"standard","meta":{"footnotes":""},"categories":[723,718,715,716,717],"tags":[],"class_list":["post-102514","post","type-post","status-publish","format-standard","has-post-thumbnail","hentry","category-blog-lv005","category-blogger","category-la-voz-de-hellin","category-la-voz-de-hellin-la-voz-de-hellin","category-noticias"],"_links":{"self":[{"href":"https:\/\/lavozdehellin.com\/noticias\/wp-json\/wp\/v2\/posts\/102514","targetHints":{"allow":["GET"]}}],"collection":[{"href":"https:\/\/lavozdehellin.com\/noticias\/wp-json\/wp\/v2\/posts"}],"about":[{"href":"https:\/\/lavozdehellin.com\/noticias\/wp-json\/wp\/v2\/types\/post"}],"author":[{"embeddable":true,"href":"https:\/\/lavozdehellin.com\/noticias\/wp-json\/wp\/v2\/users\/2"}],"replies":[{"embeddable":true,"href":"https:\/\/lavozdehellin.com\/noticias\/wp-json\/wp\/v2\/comments?post=102514"}],"version-history":[{"count":0,"href":"https:\/\/lavozdehellin.com\/noticias\/wp-json\/wp\/v2\/posts\/102514\/revisions"}],"wp:featuredmedia":[{"embeddable":true,"href":"https:\/\/lavozdehellin.com\/noticias\/wp-json\/wp\/v2\/media\/90584"}],"wp:attachment":[{"href":"https:\/\/lavozdehellin.com\/noticias\/wp-json\/wp\/v2\/media?parent=102514"}],"wp:term":[{"taxonomy":"category","embeddable":true,"href":"https:\/\/lavozdehellin.com\/noticias\/wp-json\/wp\/v2\/categories?post=102514"},{"taxonomy":"post_tag","embeddable":true,"href":"https:\/\/lavozdehellin.com\/noticias\/wp-json\/wp\/v2\/tags?post=102514"}],"curies":[{"name":"wp","href":"https:\/\/api.w.org\/{rel}","templated":true}]}}