{"id":102515,"date":"2020-04-17T14:43:47","date_gmt":"2020-04-17T14:43:47","guid":{"rendered":"https:\/\/lavozdehellin.com\/noticias\/v01-094-hellin-retoma-este-mes-los-plenos-y-comisiones-de-forma-mixta-telematica-y-presencial\/"},"modified":"2024-01-04T14:03:49","modified_gmt":"2024-01-04T14:03:49","slug":"v01-094-hellin-retoma-este-mes-los-plenos-y-comisiones-de-forma-mixta-telematica-y-presencial","status":"publish","type":"post","link":"https:\/\/lavozdehellin.com\/noticias\/v01-094-hellin-retoma-este-mes-los-plenos-y-comisiones-de-forma-mixta-telematica-y-presencial\/","title":{"rendered":"LVH NOTICIAS | HELL\u00cdN RETOMA ESTE MES LOS PLENOS Y COMISIONES DE FORMA MIXTA, TELEM\u00c1TICA Y PRESENCIAL"},"content":{"rendered":"<p style=\"text-align: justify;\">El alcalde de Hell\u00edn, Ram\u00f3n Garc\u00eda, ha comparecido telem\u00e1ticamente para actualizar los datos de positivos por COVID-19 y adelantar que ha consensuado con el resto de partidos con representaci\u00f3n municipal que este mes se retome la actividad pol\u00edtica con comisiones y el propio pleno ordinario. Todas las sesiones, eso s\u00ed, ser\u00e1n de forma mixta, telem\u00e1tica y presencial.<\/p>\n<p><!--more--><br \/>\n<!--publicidad-voz01--><a href=\"https:\/\/www.facebook.com\/SoloRadioHellin\/?locale=es_ES\"><img decoding=\"async\" class=\"alignnone size-medium\" src=\"https:\/\/blogger.googleusercontent.com\/img\/b\/R29vZ2xl\/AVvXsEiNncirNnyGedv00mhjZjh5Wl4_YPdJGanoAl8tL8zH-HwqE8uHqjEfSt340RHdx-9tuCSIkZ8rFamZiGyYlgDGxCsmXjCH_1xk5eYM3ntFZRvJP_jndOKR7w1UAo9Tu0vrZyOLfqRpHIxYI5SymJJ-pfGCQw6QVpggBH-UgfjiFQ2JOxqxG0Jx94kW83c\/s1600\/logo-principal.jpg\" width=\"100%\" height=\"100\" \/><\/a><!--bestpublic-voz01--><!--desk-in-out-voz01--><br \/>\n<!--publicidad-voz02--><a href=\"https:\/\/www.hellincf.com\/\"><img decoding=\"async\" class=\"alignnone size-medium\" src=\"https:\/\/blogger.googleusercontent.com\/img\/b\/R29vZ2xl\/AVvXsEhuZ4-XfBVj3UtdP8-RZugy3WVrg-Zv28c53m4oV47qYCxL1rX_dqWX_YddsGSnpH5SRDqZ7bZeKPIfDVCDncpjVlhy3aQs2vojcJBn7Gdv9hC2_Nzct_pRFrnFE1a7KTCdY1bT_kAgnY3-iadRZrGeJf1fR2P5fu11bokx0pWjaypoy-ctwCjklldpEbA\/s1600\/logo-principal7.jpg\" width=\"100%\" height=\"100\" \/><\/a><!--bestpublic-voz02--><!--desk-in-out-voz02--><\/p>\n<p style=\"text-align: justify;\">En cuanto a equipos de protecci\u00f3n, ha confirmado que est\u00e1 aumentando la llegada de mascarillas y su reparto as\u00ed como los test r\u00e1pidos, que se est\u00e1n comenzando a realizar al personal encargado de la seguridad y la protecci\u00f3n y a los sintom\u00e1ticos.<\/p>\n<p style=\"text-align: justify;\">\u00abEste mi\u00e9rcoles se realiz\u00f3 una junta de portavoces donde se consensu\u00f3 que a partir de la pr\u00f3xima semana se retomen las comisiones, que ser\u00e1n mixtas, y se va a convocar el pleno ordinario para el mi\u00e9rcoles 29, para adelantar todo el ingente trabajo que hay aplazado, como procedimientos administrativos hay pendientes de aprobar\u00bb, comenzaba Ram\u00f3n Garc\u00eda.<\/p>\n<p style=\"text-align: justify;\">El alcalde informaba que se han comprado 4.000 mascarillas FFP2 y se han instalado mamparas protectoras para los trabajadores del ayuntamiento que han costado 15.000 euros. \u00abVamos tambi\u00e9n a pedir monos de protecci\u00f3n para la brigadilla, mientras se sigue con la desinfecci\u00f3n de instalaciones y el reparto de las mascarillas que nos enviaron\u00bb, a\u00f1ad\u00eda.<\/p>\n<p style=\"text-align: justify;\">\u00abA falta de conocer la pr\u00f3rroga del estado de alarma y las medidas de confinamiento\u00bb, continuaba el primer edil, \u00abse valorar\u00e1 suspender definitivamente las clases de la Universidad Popular y las escuelas municipales, adem\u00e1s de las fiestas de Mingogil, La Horca o las que tenemos en Hell\u00edn con el D\u00eda de la Cruz o las fiestas en honor de la virgen del Rosario\u00bb. Desde el Ayuntamiento, aseguraba, se est\u00e1 trabajando en la liquidaci\u00f3n del presupuesto para minimizar los da\u00f1os econ\u00f3micos al tejido empresarial y laboral de la ciudad.<\/p>\n<p style=\"text-align: justify;\">Datos de contagios en Hell\u00edn y comarca<\/p>\n<p style=\"text-align: justify;\">Ram\u00f3n Garc\u00eda informaba que en el hospital comarcal llevan contabilizados 268 casos de positivos, de los que 94 han sido dados de alta y 120 se encuentran en sus domicilios o en residencias. \u00abActualmente hay 38 ingresados, y los fallecidos a nivel intercomarcal suman 16 con positivo por coronavirus\u00bb, declaraba Garc\u00eda, a lo que a\u00f1ad\u00eda que ahora mismo hay cuatro respiradores libres en la UCI y se ha trasladado a tres pacientes al Hospital de La Arrixaca de Murcia por criterios cl\u00ednicos, no por falta de camas.<\/p>\n<p style=\"text-align: justify;\">A nivel local, prosegu\u00eda el alcalde, \u00abcontabilizamos en Hell\u00edn 28 fallecimientos a d\u00eda de hoy, aumentado en tres con respecto a la semana pasada. De ellos, seis est\u00e1n confirmados y 22 son posibles COVID. 11 han fallecido en el hospital, 15 en residencias -nueve en Las Hazas y seis en Tobarra-, y los otros dos lo han hecho en sus domicilios\u00bb.<\/p>\n<p style=\"text-align: justify;\">Seg\u00fan datos del departamento de Cementerios, 18 de estas personas han sido enterradas en Hell\u00edn, cinco en Isso y cinco han sido incineradas en el crematorio. Hay tres personas m\u00e1s enterradas en Agram\u00f3n sin que haya trascendido la causa, mientras que otros tres fallecidos han llegado al cementerio de Hell\u00edn procedentes de otras ciudades.<\/p>\n<p><!--publicidad-voz03--><a href=\"https:\/\/www.facebook.com\/profile.php?id=100063593791305&amp;locale=es_ES\"><img decoding=\"async\" class=\"alignnone size-medium\" src=\"https:\/\/blogger.googleusercontent.com\/img\/b\/R29vZ2xl\/AVvXsEi8_n_ll8UOcGxCqzFvb_9Io4ICczlGC990BPtPj2w9Px-u7B3oqWUW5vtjZUqPNJ-nyjiUIorE0ATsib_l5tV8BVN-UJ03RTnU__IHJF_4DgDBtY4LIqXNG-FomrO-7ywes20CBCRM2Hcm7EJSh3UUw1dO-c_uTflUrtgY1i7uBRezj_DpympmEFkfbQY\/s1600\/logo-principal2.jpg\" width=\"100%\" height=\"100\" \/><\/a><!--bestpublic-voz03--><!--desk-in-out-voz03--><br \/>\n<!--publicidad-voz04--><a href=\"https:\/\/www.facebook.com\/profile.php?id=61557370768692&amp;locale=es_ES\"><img decoding=\"async\" class=\"alignnone size-medium\" src=\"https:\/\/blogger.googleusercontent.com\/img\/b\/R29vZ2xl\/AVvXsEgy5RdcfffrnrItnYTcV9bCJjgJwldsQLWssfVfrLbyfXeBNTFKgBf0rMIvhrUaGUhiXzVr9_eQgCbi-j63ZDpfTvLIty9w7s140y-m1yHe7eKmEK7v2NAHUJDVYGdfeiQFeRCqUjdwWmN1MX_AUxxz4IVdJ4WIM0APxit8bjWkXzrnEFGqBvW_1F13H1g\/s1600\/logo-principal5.jpg\" width=\"100%\" height=\"100\" \/><\/a><!--bestpublic-voz04--><!--desk-in-out-voz04--><br \/>\n<!--publicidad-voz05--><a href=\"https:\/\/www.facebook.com\/asociaciontamborileroshellin?locale=es_ES\"><img decoding=\"async\" class=\"alignnone size-medium\" src=\"https:\/\/blogger.googleusercontent.com\/img\/b\/R29vZ2xl\/AVvXsEhHEEpZsKK1VpwiYMrS7aE2ujtqIDZoLd4B5wtbiseSU9s2HdTdQfhF84So2XwEB1fv0BLw95GADm6hUl1bkKtzh-eIgVigXONuu_5RxeIMPhjk8q6uNX4EaEHbooKkbu7pCADWPpVJjhKIH5NQSJpWqedC-YBez4QAQeJYokkLot9bhrIaUAeztsGis6M\/s1600\/logo-principal3.jpg\" width=\"100%\" height=\"100\" \/><\/a><!--bestpublic-voz05--><!--desk-in-out-voz05--><br \/>\n<!--publicidad-voz06--><!--bestpublic-voz06--><!--desk-in-out-voz06--><br \/>\n<!--publicidad-voz07--><!--bestpublic-voz07--><!--desk-in-out-voz07--><br \/>\n<!--publicidad-voz08--><!--bestpublic-voz08--><!--desk-in-out-voz08--><br \/>\n<!--publicidad-voz09--><!--bestpublic-voz09--><!--desk-in-out-voz09--><br \/>\n<!--publicidad-voz10--><!--bestpublic-voz10--><!--desk-in-out-voz10--><br \/>\n<!--publicidad-voz11--><!--bestpublic-voz11--><!--desk-in-out-voz11--><br \/>\n<!--publicidad-voz12--><!--bestpublic-voz12--><!--desk-in-out-voz12--><br \/>\n<!--publicidad-voz13--><!--bestpublic-voz13--><!--desk-in-out-voz13--><br \/>\n<!--publicidad-voz14--><!--bestpublic-voz14--><!--desk-in-out-voz14--><br \/>\n<!--publicidad-voz15--><!--bestpublic-voz15--><!--desk-in-out-voz15--><br \/>\n<!--publicidad-voz16--><!--bestpublic-voz16--><!--desk-in-out-voz16--><\/p>\n","protected":false},"excerpt":{"rendered":"<p>HELL\u00cdN RETOMA ESTE MES LOS PLENOS Y COMISIONES DE FORMA MIXTA, TELEM\u00c1TICA Y PRESENCIAL<\/p>\n","protected":false},"author":2,"featured_media":90585,"comment_status":"closed","ping_status":"closed","sticky":false,"template":"","format":"standard","meta":{"footnotes":""},"categories":[723,718,715,716,717],"tags":[],"class_list":["post-102515","post","type-post","status-publish","format-standard","has-post-thumbnail","hentry","category-blog-lv005","category-blogger","category-la-voz-de-hellin","category-la-voz-de-hellin-la-voz-de-hellin","category-noticias"],"_links":{"self":[{"href":"https:\/\/lavozdehellin.com\/noticias\/wp-json\/wp\/v2\/posts\/102515","targetHints":{"allow":["GET"]}}],"collection":[{"href":"https:\/\/lavozdehellin.com\/noticias\/wp-json\/wp\/v2\/posts"}],"about":[{"href":"https:\/\/lavozdehellin.com\/noticias\/wp-json\/wp\/v2\/types\/post"}],"author":[{"embeddable":true,"href":"https:\/\/lavozdehellin.com\/noticias\/wp-json\/wp\/v2\/users\/2"}],"replies":[{"embeddable":true,"href":"https:\/\/lavozdehellin.com\/noticias\/wp-json\/wp\/v2\/comments?post=102515"}],"version-history":[{"count":0,"href":"https:\/\/lavozdehellin.com\/noticias\/wp-json\/wp\/v2\/posts\/102515\/revisions"}],"wp:featuredmedia":[{"embeddable":true,"href":"https:\/\/lavozdehellin.com\/noticias\/wp-json\/wp\/v2\/media\/90585"}],"wp:attachment":[{"href":"https:\/\/lavozdehellin.com\/noticias\/wp-json\/wp\/v2\/media?parent=102515"}],"wp:term":[{"taxonomy":"category","embeddable":true,"href":"https:\/\/lavozdehellin.com\/noticias\/wp-json\/wp\/v2\/categories?post=102515"},{"taxonomy":"post_tag","embeddable":true,"href":"https:\/\/lavozdehellin.com\/noticias\/wp-json\/wp\/v2\/tags?post=102515"}],"curies":[{"name":"wp","href":"https:\/\/api.w.org\/{rel}","templated":true}]}}