{"id":102520,"date":"2020-04-14T14:15:08","date_gmt":"2020-04-14T14:15:08","guid":{"rendered":"https:\/\/lavozdehellin.com\/noticias\/v01-099-hellin-establece-un-plan-de-choque-para-que-los-establecimientos-se-preparen-a-la-reapertura\/"},"modified":"2024-01-04T14:03:50","modified_gmt":"2024-01-04T14:03:50","slug":"v01-099-hellin-establece-un-plan-de-choque-para-que-los-establecimientos-se-preparen-a-la-reapertura","status":"publish","type":"post","link":"https:\/\/lavozdehellin.com\/noticias\/v01-099-hellin-establece-un-plan-de-choque-para-que-los-establecimientos-se-preparen-a-la-reapertura\/","title":{"rendered":"LVH NOTICIAS | HELL\u00cdN ESTABLECE UN PLAN DE CHOQUE PARA QUE LOS ESTABLECIMIENTOS SE PREPAREN A LA REAPERTURA"},"content":{"rendered":"<p style=\"text-align: justify;\">La Concejal\u00eda de Industria, Comercio y Turismo, junto a la Asociaci\u00f3n Campos de Hell\u00edn, va a poner en marcha esta semana el \u00abPlan de Choque Covid-19\u00bb, bas\u00e1ndose en previsiones y estudios de consultoras como Deloitte, y calendarizar as\u00ed unas actuaciones de formaci\u00f3n y motivaci\u00f3n, planificaci\u00f3n y actuaci\u00f3n para que los establecimientos y empresas de Hell\u00edn y comarca est\u00e9n preparados para su reapertura.<\/p>\n<p><!--more--><br \/>\n<!--publicidad-voz01--><a href=\"https:\/\/www.facebook.com\/SoloRadioHellin\/?locale=es_ES\"><img decoding=\"async\" class=\"alignnone size-medium\" src=\"https:\/\/blogger.googleusercontent.com\/img\/b\/R29vZ2xl\/AVvXsEiNncirNnyGedv00mhjZjh5Wl4_YPdJGanoAl8tL8zH-HwqE8uHqjEfSt340RHdx-9tuCSIkZ8rFamZiGyYlgDGxCsmXjCH_1xk5eYM3ntFZRvJP_jndOKR7w1UAo9Tu0vrZyOLfqRpHIxYI5SymJJ-pfGCQw6QVpggBH-UgfjiFQ2JOxqxG0Jx94kW83c\/s1600\/logo-principal.jpg\" width=\"100%\" height=\"100\" \/><\/a><!--bestpublic-voz01--><!--desk-in-out-voz01--><br \/>\n<!--publicidad-voz02--><a href=\"https:\/\/www.hellincf.com\/\"><img decoding=\"async\" class=\"alignnone size-medium\" src=\"https:\/\/blogger.googleusercontent.com\/img\/b\/R29vZ2xl\/AVvXsEhuZ4-XfBVj3UtdP8-RZugy3WVrg-Zv28c53m4oV47qYCxL1rX_dqWX_YddsGSnpH5SRDqZ7bZeKPIfDVCDncpjVlhy3aQs2vojcJBn7Gdv9hC2_Nzct_pRFrnFE1a7KTCdY1bT_kAgnY3-iadRZrGeJf1fR2P5fu11bokx0pWjaypoy-ctwCjklldpEbA\/s1600\/logo-principal7.jpg\" width=\"100%\" height=\"100\" \/><\/a><!--bestpublic-voz02--><!--desk-in-out-voz02--><\/p>\n<p style=\"text-align: justify;\">\u00abLa primera fase\u00bb, comenzaba la concejala Mar\u00eda Jes\u00fas L\u00f3pez en una comparecencia virtual, \u00abser\u00e1 la de un taller de motivaci\u00f3n de tres d\u00edas llamado \u00abHell\u00edn vuelve a la calle\u00bb donde una emprendedora desarrollar\u00e1 una acci\u00f3n motivacional a los participantes. Posteriormente, se realizar\u00e1 una acci\u00f3n de planificaci\u00f3n por parte de Campos de Hell\u00edn que incluye informaci\u00f3n y orientaci\u00f3n con autodiagn\u00f3stico con el objeto de desarrollar un plan de negocio individualizado. En la tercera fase activaremos gracias a voluntarios un mercado virtual, o marketplace, donde se contrastar\u00e1 el plan de negocio de cada uno a trav\u00e9s de una relaci\u00f3n de confianza entre clientes y proveedores\u00bb<\/p>\n<p style=\"text-align: justify;\">Este itinerario se pone en marcha durante el confinamiento para preparar la reapertura comercial de la comarca y es totalmente gratuito para los participantes, que solo tienen que inscribirse a trav\u00e9s del formulario creado al efecto en https:\/\/forms.gle\/SSV35QhXbD9TyvcE7 y tambi\u00e9n consultar la informaci\u00f3n en https:\/\/sites.google.com\/view\/plandechoquecovid19<\/p>\n<p style=\"text-align: justify;\">\u00abCon esto los establecimientos sabr\u00e1n c\u00f3mo arrancar y tener un plan de negocio antes de conocer incluso su fecha de apertura. Vamos a anticiparnos y hacer las cosas con tiempo y con una metodolog\u00eda para poder pedir recursos privados y p\u00fablicos y reanudar nuestra actividad con la confianza ya establecida con los clientes\u00bb, remarcaba L\u00f3pez. Para la concejala, \u00abel objetivo es que nadie se quede fuera de esta acci\u00f3n y se inscriban desde todas las localidades de la comarca. El participante no pagar\u00e1 nada.\u00bb<\/p>\n<p style=\"text-align: justify;\">En materia empresarial, la edil afirmaba que \u00abahora es muy importante la reconversi\u00f3n de industrias. Nos consta que ya hay algunas que est\u00e1n fabricando equipos de protecci\u00f3n individual como mascarillas, batas o respiradores. En www.covidmarketplaceclm.com se pueden inscribir todos los interesados en ofrecer este material. En Hell\u00edn tenemos que poner en marcha nuestras f\u00e1bricas con el potencial que existe e internalizar nuestros recursos\u00bb.<\/p>\n<p style=\"text-align: justify;\">\u00abEn turismo\u00bb, finalizaba la concejala, \u00abse est\u00e1 trabajando en la l\u00ednea del ministerio de ofrecer destinos seguros, necesitamos que los establecimientos tur\u00edsticos tambi\u00e9n realicen este itinerario de metodolog\u00eda, y adem\u00e1s sean conscientes de que el perfil del turista va a cambiar. El primer turismo que tengamos ser\u00e1 dom\u00e9stico y en grupos muy peque\u00f1os, con distanciamiento social. Nuestros productos tur\u00edsticos tendr\u00e1n que estar adaptados y por eso, la mayor parte de las acciones ir\u00e1n destinadas al apoyo a todo el tejido tur\u00edstico al igual que ya se est\u00e1 haciendo en general con el tejido empresarial y comercial\u00bb.<\/p>\n<p><!--publicidad-voz03--><a href=\"https:\/\/www.facebook.com\/profile.php?id=100063593791305&amp;locale=es_ES\"><img decoding=\"async\" class=\"alignnone size-medium\" src=\"https:\/\/blogger.googleusercontent.com\/img\/b\/R29vZ2xl\/AVvXsEi8_n_ll8UOcGxCqzFvb_9Io4ICczlGC990BPtPj2w9Px-u7B3oqWUW5vtjZUqPNJ-nyjiUIorE0ATsib_l5tV8BVN-UJ03RTnU__IHJF_4DgDBtY4LIqXNG-FomrO-7ywes20CBCRM2Hcm7EJSh3UUw1dO-c_uTflUrtgY1i7uBRezj_DpympmEFkfbQY\/s1600\/logo-principal2.jpg\" width=\"100%\" height=\"100\" \/><\/a><!--bestpublic-voz03--><!--desk-in-out-voz03--><br \/>\n<!--publicidad-voz04--><a href=\"https:\/\/www.facebook.com\/profile.php?id=61557370768692&amp;locale=es_ES\"><img decoding=\"async\" class=\"alignnone size-medium\" src=\"https:\/\/blogger.googleusercontent.com\/img\/b\/R29vZ2xl\/AVvXsEgy5RdcfffrnrItnYTcV9bCJjgJwldsQLWssfVfrLbyfXeBNTFKgBf0rMIvhrUaGUhiXzVr9_eQgCbi-j63ZDpfTvLIty9w7s140y-m1yHe7eKmEK7v2NAHUJDVYGdfeiQFeRCqUjdwWmN1MX_AUxxz4IVdJ4WIM0APxit8bjWkXzrnEFGqBvW_1F13H1g\/s1600\/logo-principal5.jpg\" width=\"100%\" height=\"100\" \/><\/a><!--bestpublic-voz04--><!--desk-in-out-voz04--><br \/>\n<!--publicidad-voz05--><a href=\"https:\/\/www.facebook.com\/asociaciontamborileroshellin?locale=es_ES\"><img decoding=\"async\" class=\"alignnone size-medium\" src=\"https:\/\/blogger.googleusercontent.com\/img\/b\/R29vZ2xl\/AVvXsEhHEEpZsKK1VpwiYMrS7aE2ujtqIDZoLd4B5wtbiseSU9s2HdTdQfhF84So2XwEB1fv0BLw95GADm6hUl1bkKtzh-eIgVigXONuu_5RxeIMPhjk8q6uNX4EaEHbooKkbu7pCADWPpVJjhKIH5NQSJpWqedC-YBez4QAQeJYokkLot9bhrIaUAeztsGis6M\/s1600\/logo-principal3.jpg\" width=\"100%\" height=\"100\" \/><\/a><!--bestpublic-voz05--><!--desk-in-out-voz05--><br \/>\n<!--publicidad-voz06--><!--bestpublic-voz06--><!--desk-in-out-voz06--><br \/>\n<!--publicidad-voz07--><!--bestpublic-voz07--><!--desk-in-out-voz07--><br \/>\n<!--publicidad-voz08--><!--bestpublic-voz08--><!--desk-in-out-voz08--><br \/>\n<!--publicidad-voz09--><!--bestpublic-voz09--><!--desk-in-out-voz09--><br \/>\n<!--publicidad-voz10--><!--bestpublic-voz10--><!--desk-in-out-voz10--><br \/>\n<!--publicidad-voz11--><!--bestpublic-voz11--><!--desk-in-out-voz11--><br \/>\n<!--publicidad-voz12--><!--bestpublic-voz12--><!--desk-in-out-voz12--><br \/>\n<!--publicidad-voz13--><!--bestpublic-voz13--><!--desk-in-out-voz13--><br \/>\n<!--publicidad-voz14--><!--bestpublic-voz14--><!--desk-in-out-voz14--><br \/>\n<!--publicidad-voz15--><!--bestpublic-voz15--><!--desk-in-out-voz15--><br \/>\n<!--publicidad-voz16--><!--bestpublic-voz16--><!--desk-in-out-voz16--><\/p>\n","protected":false},"excerpt":{"rendered":"<p>HELL\u00cdN ESTABLECE UN PLAN DE CHOQUE PARA QUE LOS ESTABLECIMIENTOS SE PREPAREN A LA REAPERTURA<\/p>\n","protected":false},"author":2,"featured_media":90586,"comment_status":"closed","ping_status":"closed","sticky":false,"template":"","format":"standard","meta":{"footnotes":""},"categories":[723,718,715,716,717],"tags":[],"class_list":["post-102520","post","type-post","status-publish","format-standard","has-post-thumbnail","hentry","category-blog-lv005","category-blogger","category-la-voz-de-hellin","category-la-voz-de-hellin-la-voz-de-hellin","category-noticias"],"_links":{"self":[{"href":"https:\/\/lavozdehellin.com\/noticias\/wp-json\/wp\/v2\/posts\/102520","targetHints":{"allow":["GET"]}}],"collection":[{"href":"https:\/\/lavozdehellin.com\/noticias\/wp-json\/wp\/v2\/posts"}],"about":[{"href":"https:\/\/lavozdehellin.com\/noticias\/wp-json\/wp\/v2\/types\/post"}],"author":[{"embeddable":true,"href":"https:\/\/lavozdehellin.com\/noticias\/wp-json\/wp\/v2\/users\/2"}],"replies":[{"embeddable":true,"href":"https:\/\/lavozdehellin.com\/noticias\/wp-json\/wp\/v2\/comments?post=102520"}],"version-history":[{"count":0,"href":"https:\/\/lavozdehellin.com\/noticias\/wp-json\/wp\/v2\/posts\/102520\/revisions"}],"wp:featuredmedia":[{"embeddable":true,"href":"https:\/\/lavozdehellin.com\/noticias\/wp-json\/wp\/v2\/media\/90586"}],"wp:attachment":[{"href":"https:\/\/lavozdehellin.com\/noticias\/wp-json\/wp\/v2\/media?parent=102520"}],"wp:term":[{"taxonomy":"category","embeddable":true,"href":"https:\/\/lavozdehellin.com\/noticias\/wp-json\/wp\/v2\/categories?post=102520"},{"taxonomy":"post_tag","embeddable":true,"href":"https:\/\/lavozdehellin.com\/noticias\/wp-json\/wp\/v2\/tags?post=102520"}],"curies":[{"name":"wp","href":"https:\/\/api.w.org\/{rel}","templated":true}]}}