{"id":102521,"date":"2020-04-14T12:05:56","date_gmt":"2020-04-14T12:05:56","guid":{"rendered":"https:\/\/lavozdehellin.com\/noticias\/v01-100-suspension-de-la-media-maraton-de-albacete\/"},"modified":"2024-01-04T14:03:50","modified_gmt":"2024-01-04T14:03:50","slug":"v01-100-suspension-de-la-media-maraton-de-albacete","status":"publish","type":"post","link":"https:\/\/lavozdehellin.com\/noticias\/v01-100-suspension-de-la-media-maraton-de-albacete\/","title":{"rendered":"LVH NOTICIAS | SUSPENSI\u00d3N DE LA MEDIA MARAT\u00d3N DE ALBACETE"},"content":{"rendered":"<p style=\"text-align: justify;\">El Instituto Municipal de Deportes, del Ayuntamiento de Albacete, organizadores del XXV Medio Marat\u00f3n Internacional Ciudad de Albacete 2020, Carrera de la Navaja y el 10 Km Ciudad de Albacete, previstos el Calendario de la Real Federaci\u00f3n Espa\u00f1ola de Atletismo y en el Circuito Provincial de Carreras Populares de Albacete, para el pr\u00f3ximo 7 de Junio, ha acordado la SUSPENSI\u00d3N de la prueba.<\/p>\n<p><!--more--><br \/>\n<!--publicidad-voz01--><a href=\"https:\/\/www.facebook.com\/SoloRadioHellin\/?locale=es_ES\"><img decoding=\"async\" class=\"alignnone size-medium\" src=\"https:\/\/blogger.googleusercontent.com\/img\/b\/R29vZ2xl\/AVvXsEiNncirNnyGedv00mhjZjh5Wl4_YPdJGanoAl8tL8zH-HwqE8uHqjEfSt340RHdx-9tuCSIkZ8rFamZiGyYlgDGxCsmXjCH_1xk5eYM3ntFZRvJP_jndOKR7w1UAo9Tu0vrZyOLfqRpHIxYI5SymJJ-pfGCQw6QVpggBH-UgfjiFQ2JOxqxG0Jx94kW83c\/s1600\/logo-principal.jpg\" width=\"100%\" height=\"100\" \/><\/a><!--bestpublic-voz01--><!--desk-in-out-voz01--><br \/>\n<!--publicidad-voz02--><a href=\"https:\/\/www.hellincf.com\/\"><img decoding=\"async\" class=\"alignnone size-medium\" src=\"https:\/\/blogger.googleusercontent.com\/img\/b\/R29vZ2xl\/AVvXsEhuZ4-XfBVj3UtdP8-RZugy3WVrg-Zv28c53m4oV47qYCxL1rX_dqWX_YddsGSnpH5SRDqZ7bZeKPIfDVCDncpjVlhy3aQs2vojcJBn7Gdv9hC2_Nzct_pRFrnFE1a7KTCdY1bT_kAgnY3-iadRZrGeJf1fR2P5fu11bokx0pWjaypoy-ctwCjklldpEbA\/s1600\/logo-principal7.jpg\" width=\"100%\" height=\"100\" \/><\/a><!--bestpublic-voz02--><!--desk-in-out-voz02--><\/p>\n<p style=\"text-align: justify;\">Debido a los efectos provocados por el COVID-19, y siendo imposible hacer una previsi\u00f3n que garantice la realizaci\u00f3n de nuestra carrera, y estando previsto inicialmente la apertura de inscripciones durante el mes de abril, as\u00ed como la necesidad de preparaci\u00f3n y entrenamiento por parte de los participantes, desde el Instituto Municipal de Deportes, hemos tomado la decisi\u00f3n de SUSPENDER dicha prueba.<\/p>\n<p style=\"text-align: justify;\">Ten\u00edamos preparada una prueba muy especial para celebrar nuestro aniversario, est\u00e1bamos trabajando para que fuera una gran fiesta del deporte y grandes novedades al coincid\u00edr con su vigesimoquinto aniversario.<\/p>\n<p style=\"text-align: justify;\">En un principio se propuso posponer la prueba para oto\u00f1o, pero esta opci\u00f3n se ha descartado al coincidir con otras pruebas nacionales y provinciales, por lo que finalmente hemos decidido posponerla para el 6 de junio de 2021.<\/p>\n<p style=\"text-align: justify;\">Vista las caracter\u00edsticas de nuestra media marat\u00f3n, que tiene una fecha a\u00f1o tras a\u00f1os en el calendario nacional durante el primer fin de semana de junio y siendo un referente, tanto a nivel regional como nacional e internacional y que debido a lo comprimido del calendario de la RFEA y del Circuito Provincial, el traslado a los \u00faltimos meses del a\u00f1o se hace muy complicado, dado que el hecho de existir otras pruebas de similares caracter\u00edsticas, que se est\u00e1n aplazando a estos meses (Madrid, Barcelona, Ibiza, Canarias, Pamplona\u2026, adem\u00e1s de respetar todas aqu\u00e9llas que ya est\u00e1n en el calendario nacional, como el circuito de carreras populares de Albacete, lo hacen imposible encontrar una nueva fecha, aparte de no tener seguridad de que en estas fechas sea posible realizar eventos deportivos de esta magnitud.<\/p>\n<p style=\"text-align: justify;\">Pedimos disculpas a todos los atletas que ten\u00edan previsto participar en este aniversario y les animamos a participar el 6 de junio de 2021.<\/p>\n<p style=\"text-align: justify;\">Por el mismo motivo, nos vemos obligados a SUSPENDER el #Duatl\u00f3nCross, previsto para el s\u00e1bado 25 de Abril.<\/p>\n<p style=\"text-align: justify;\">Tambi\u00e9n se ha decidido CANCELAR el MARAT\u00d3N DE PATINAJE que estaba previsto para los d\u00edas 27 y 28 de junio.<\/p>\n<p style=\"text-align: justify;\">Desde el Instituto Municipal de Deportes, agradecer a todos los patrocinadores que hab\u00edan apostado por la colaboraci\u00f3n en esta prueba y, en especial, para celebrar su 25 aniverario, a El Corte Ingl\u00e9s, Arcos cuchiller\u00eda, Ingeteam, Aquadeus, Coca Cola, HLA Grupo Hospitalario Cl\u00ednica del Rosario, Fundaci\u00f3n Globalcaja, Horchater\u00eda los Valencianos, Colegio Fisioterapia de CLM, Colegio de Podolog\u00eda de CLM y Excma. Diputaci\u00f3n Provincial de Albacete.<\/p>\n<p style=\"text-align: justify;\">Nos vemos el 6 de junio de 2021.<\/p>\n<p style=\"text-align: justify;\">\u00a1\u00a1\u00a1Mucho \u00e1nimo!!!<\/p>\n<p style=\"text-align: justify;\">#EsteVirusLoParamosEntreTodos<\/p>\n<p style=\"text-align: justify;\">#EsteVirusLoParamosEntreTodas<\/p>\n<p><!--publicidad-voz03--><a href=\"https:\/\/www.facebook.com\/profile.php?id=100063593791305&amp;locale=es_ES\"><img decoding=\"async\" class=\"alignnone size-medium\" src=\"https:\/\/blogger.googleusercontent.com\/img\/b\/R29vZ2xl\/AVvXsEi8_n_ll8UOcGxCqzFvb_9Io4ICczlGC990BPtPj2w9Px-u7B3oqWUW5vtjZUqPNJ-nyjiUIorE0ATsib_l5tV8BVN-UJ03RTnU__IHJF_4DgDBtY4LIqXNG-FomrO-7ywes20CBCRM2Hcm7EJSh3UUw1dO-c_uTflUrtgY1i7uBRezj_DpympmEFkfbQY\/s1600\/logo-principal2.jpg\" width=\"100%\" height=\"100\" \/><\/a><!--bestpublic-voz03--><!--desk-in-out-voz03--><br \/>\n<!--publicidad-voz04--><a href=\"https:\/\/www.facebook.com\/profile.php?id=61557370768692&amp;locale=es_ES\"><img decoding=\"async\" class=\"alignnone size-medium\" src=\"https:\/\/blogger.googleusercontent.com\/img\/b\/R29vZ2xl\/AVvXsEgy5RdcfffrnrItnYTcV9bCJjgJwldsQLWssfVfrLbyfXeBNTFKgBf0rMIvhrUaGUhiXzVr9_eQgCbi-j63ZDpfTvLIty9w7s140y-m1yHe7eKmEK7v2NAHUJDVYGdfeiQFeRCqUjdwWmN1MX_AUxxz4IVdJ4WIM0APxit8bjWkXzrnEFGqBvW_1F13H1g\/s1600\/logo-principal5.jpg\" width=\"100%\" height=\"100\" \/><\/a><!--bestpublic-voz04--><!--desk-in-out-voz04--><br \/>\n<!--publicidad-voz05--><a href=\"https:\/\/www.facebook.com\/asociaciontamborileroshellin?locale=es_ES\"><img decoding=\"async\" class=\"alignnone size-medium\" src=\"https:\/\/blogger.googleusercontent.com\/img\/b\/R29vZ2xl\/AVvXsEhHEEpZsKK1VpwiYMrS7aE2ujtqIDZoLd4B5wtbiseSU9s2HdTdQfhF84So2XwEB1fv0BLw95GADm6hUl1bkKtzh-eIgVigXONuu_5RxeIMPhjk8q6uNX4EaEHbooKkbu7pCADWPpVJjhKIH5NQSJpWqedC-YBez4QAQeJYokkLot9bhrIaUAeztsGis6M\/s1600\/logo-principal3.jpg\" width=\"100%\" height=\"100\" \/><\/a><!--bestpublic-voz05--><!--desk-in-out-voz05--><br \/>\n<!--publicidad-voz06--><!--bestpublic-voz06--><!--desk-in-out-voz06--><br \/>\n<!--publicidad-voz07--><!--bestpublic-voz07--><!--desk-in-out-voz07--><br \/>\n<!--publicidad-voz08--><!--bestpublic-voz08--><!--desk-in-out-voz08--><br \/>\n<!--publicidad-voz09--><!--bestpublic-voz09--><!--desk-in-out-voz09--><br \/>\n<!--publicidad-voz10--><!--bestpublic-voz10--><!--desk-in-out-voz10--><br \/>\n<!--publicidad-voz11--><!--bestpublic-voz11--><!--desk-in-out-voz11--><br \/>\n<!--publicidad-voz12--><!--bestpublic-voz12--><!--desk-in-out-voz12--><br \/>\n<!--publicidad-voz13--><!--bestpublic-voz13--><!--desk-in-out-voz13--><br \/>\n<!--publicidad-voz14--><!--bestpublic-voz14--><!--desk-in-out-voz14--><br \/>\n<!--publicidad-voz15--><!--bestpublic-voz15--><!--desk-in-out-voz15--><br \/>\n<!--publicidad-voz16--><!--bestpublic-voz16--><!--desk-in-out-voz16--><\/p>\n","protected":false},"excerpt":{"rendered":"<p>SUSPENSI\u00d3N DE LA MEDIA MARAT\u00d3N DE ALBACETE<\/p>\n","protected":false},"author":2,"featured_media":90579,"comment_status":"closed","ping_status":"closed","sticky":false,"template":"","format":"standard","meta":{"footnotes":""},"categories":[723,718,715,716,717],"tags":[],"class_list":["post-102521","post","type-post","status-publish","format-standard","has-post-thumbnail","hentry","category-blog-lv005","category-blogger","category-la-voz-de-hellin","category-la-voz-de-hellin-la-voz-de-hellin","category-noticias"],"_links":{"self":[{"href":"https:\/\/lavozdehellin.com\/noticias\/wp-json\/wp\/v2\/posts\/102521","targetHints":{"allow":["GET"]}}],"collection":[{"href":"https:\/\/lavozdehellin.com\/noticias\/wp-json\/wp\/v2\/posts"}],"about":[{"href":"https:\/\/lavozdehellin.com\/noticias\/wp-json\/wp\/v2\/types\/post"}],"author":[{"embeddable":true,"href":"https:\/\/lavozdehellin.com\/noticias\/wp-json\/wp\/v2\/users\/2"}],"replies":[{"embeddable":true,"href":"https:\/\/lavozdehellin.com\/noticias\/wp-json\/wp\/v2\/comments?post=102521"}],"version-history":[{"count":0,"href":"https:\/\/lavozdehellin.com\/noticias\/wp-json\/wp\/v2\/posts\/102521\/revisions"}],"wp:featuredmedia":[{"embeddable":true,"href":"https:\/\/lavozdehellin.com\/noticias\/wp-json\/wp\/v2\/media\/90579"}],"wp:attachment":[{"href":"https:\/\/lavozdehellin.com\/noticias\/wp-json\/wp\/v2\/media?parent=102521"}],"wp:term":[{"taxonomy":"category","embeddable":true,"href":"https:\/\/lavozdehellin.com\/noticias\/wp-json\/wp\/v2\/categories?post=102521"},{"taxonomy":"post_tag","embeddable":true,"href":"https:\/\/lavozdehellin.com\/noticias\/wp-json\/wp\/v2\/tags?post=102521"}],"curies":[{"name":"wp","href":"https:\/\/api.w.org\/{rel}","templated":true}]}}