{"id":102523,"date":"2020-04-22T12:55:18","date_gmt":"2020-04-22T12:55:18","guid":{"rendered":"https:\/\/lavozdehellin.com\/noticias\/v01-102-la-diputacion-de-albacete-comenzara-la-entrega-de-mascarillas-y-diverso-material-de-proteccion-a-los-ayuntamientos-de-la-provincia\/"},"modified":"2024-01-04T14:03:49","modified_gmt":"2024-01-04T14:03:49","slug":"v01-102-la-diputacion-de-albacete-comenzara-la-entrega-de-mascarillas-y-diverso-material-de-proteccion-a-los-ayuntamientos-de-la-provincia","status":"publish","type":"post","link":"https:\/\/lavozdehellin.com\/noticias\/v01-102-la-diputacion-de-albacete-comenzara-la-entrega-de-mascarillas-y-diverso-material-de-proteccion-a-los-ayuntamientos-de-la-provincia\/","title":{"rendered":"LVH NOTICIAS | LA DIPUTACI\u00d3N DE ALBACETE COMENZAR\u00c1 LA ENTREGA DE MASCARILLAS Y DIVERSO MATERIAL DE PROTECCI\u00d3N A LOS AYUNTAMIENTOS DE LA PROVINCIA"},"content":{"rendered":"<p style=\"text-align: justify;\">Tras varias semanas ya de intenso trabajo para atender los efectos que la pandemia del COVID-19 est\u00e1 generando en el territorio provincial en diferentes frentes y de volcarse en la nada sencilla tarea de hacer acopio de material en un mercado absolutamente convulso, la Diputaci\u00f3n de Albacete contin\u00faa respondiendo a su esencia de \u2018Ayuntamiento de Ayuntamientos\u2019, ahora m\u00e1s que nunca.<\/p>\n<p><!--more--><br \/>\n<!--publicidad-voz01--><a href=\"https:\/\/www.facebook.com\/SoloRadioHellin\/?locale=es_ES\"><img decoding=\"async\" class=\"alignnone size-medium\" src=\"https:\/\/blogger.googleusercontent.com\/img\/b\/R29vZ2xl\/AVvXsEiNncirNnyGedv00mhjZjh5Wl4_YPdJGanoAl8tL8zH-HwqE8uHqjEfSt340RHdx-9tuCSIkZ8rFamZiGyYlgDGxCsmXjCH_1xk5eYM3ntFZRvJP_jndOKR7w1UAo9Tu0vrZyOLfqRpHIxYI5SymJJ-pfGCQw6QVpggBH-UgfjiFQ2JOxqxG0Jx94kW83c\/s1600\/logo-principal.jpg\" width=\"100%\" height=\"100\" \/><\/a><!--bestpublic-voz01--><!--desk-in-out-voz01--><br \/>\n<!--publicidad-voz02--><a href=\"https:\/\/www.hellincf.com\/\"><img decoding=\"async\" class=\"alignnone size-medium\" src=\"https:\/\/blogger.googleusercontent.com\/img\/b\/R29vZ2xl\/AVvXsEhuZ4-XfBVj3UtdP8-RZugy3WVrg-Zv28c53m4oV47qYCxL1rX_dqWX_YddsGSnpH5SRDqZ7bZeKPIfDVCDncpjVlhy3aQs2vojcJBn7Gdv9hC2_Nzct_pRFrnFE1a7KTCdY1bT_kAgnY3-iadRZrGeJf1fR2P5fu11bokx0pWjaypoy-ctwCjklldpEbA\/s1600\/logo-principal7.jpg\" width=\"100%\" height=\"100\" \/><\/a><!--bestpublic-voz02--><!--desk-in-out-voz02--><\/p>\n<p style=\"text-align: justify;\">As\u00ed, la Casa Provincial est\u00e1 en disposici\u00f3n de servir de importante apoyo a los municipios a trav\u00e9s de la entrega inminente de material diverso enfocado a aliviar las necesidades de los Consistorios en este sentido.<\/p>\n<p style=\"text-align: justify;\">De esta forma, la m\u00e1xima instituci\u00f3n provincial va a repartir a los Ayuntamientos un total de 110.000 mascarillas higi\u00e9nicas y unas 4.000 FFP2, monos impermeables, garrafas de 5 litros de l\u00edquido hidrogel desinfectante (500 litros en total) y mamparas que sirvan como un extra de protecci\u00f3n a quienes deben desempe\u00f1an su labor de servicio p\u00fablico en puntos municipales especialmente expuestos al contacto con la gente.<\/p>\n<p style=\"text-align: justify;\">Un material que los Consistorios de toda la provincia van a ir recibiendo durante estas pr\u00f3ximas jornadas y que ellos mismos administrar\u00e1n, seg\u00fan sus propios criterios, de la forma que mejor responda a las necesidades espec\u00edficas que tengan en cada localidad.<\/p>\n<p style=\"text-align: justify;\">De esta forma, desde la Diputaci\u00f3n quiere ayudar activamente a que los Ayuntamientos puedan precisamente mantener sus servicios esenciales sin m\u00e1s problemas a\u00f1adidos a los que ya toda la ciudadan\u00eda est\u00e1 sufriendo en unas circunstancias excepcionales que requieren una constante adaptaci\u00f3n por parte de todos y de todas.<\/p>\n<p style=\"text-align: justify;\">El deseo principal de los y las representantes pol\u00edticos de la instituci\u00f3n es el de \u201csumar y asistir a los Consistorios del territorio para que, a su vez, estos puedan disponer de m\u00e1s material con el que proteger, por ejemplo, a los trabajadores y las trabajadoras que realizan las fundamentales labores de mantenimiento, a quienes participan en el Plan de Empleo, o a quienes prestan atenci\u00f3n directa al p\u00fablico estos d\u00edas en los propios Ayuntamientos y otras dependencias municipales\u201d, tal y como ha resaltado el presidente provincial, Santiago Caba\u00f1ero.<\/p>\n<p style=\"text-align: justify;\">La Diputaci\u00f3n prioriza la compra en empresas de la provincia<\/p>\n<p style=\"text-align: justify;\">En total, la Diputaci\u00f3n de Albacete ha invertido hasta la fecha unos 120.000 \u20ac en la compra de todo este material para la que, en todo momento, desde la Casa Provincial se ha priorizado a empresas de nuestra provincia, a las se ha adquirido parte de estos productos que se ponen a disposici\u00f3n de los Ayuntamientos y, por ende, de los vecinos y las vecinas del conjunto del territorio albacete\u00f1o.<\/p>\n<p style=\"text-align: justify;\">El personal del Parque M\u00f3vil de la Diputaci\u00f3n ser\u00e1 el encargado de realizar los repartos, desde ma\u00f1ana y en los d\u00edas sucesivos hasta completar todo el territorio provincial. Para establecer las cantidades que recibir\u00e1n los Ayuntamientos, en el caso de las mascarillas se seguir\u00e1 la proporci\u00f3n poblacional de cada municipio y, para el resto del material, se har\u00e1 \u201cbajo criterios de \u2018discriminaci\u00f3n positiva\u2019, priorizando a los municipios de menor tama\u00f1o y, por tanto, con menos recursos para adquirir por s\u00ed mismos estos productos tan necesarios en esta situaci\u00f3n\u201d, ha se\u00f1alado Caba\u00f1ero.<\/p>\n<p style=\"text-align: justify;\">El material adquirido hasta la fecha por la Diputaci\u00f3n llegar\u00e1 a todas localidades de la provincia, a excepci\u00f3n de la ciudad de Albacete, con cuyo Ayuntamiento se ha acordado que la Casa Provincial asista \u00fanicamente a las pedan\u00edas para completar as\u00ed la compra de productos de protecci\u00f3n que ha efectuado el propio Consistorio.<\/p>\n<p><!--publicidad-voz03--><a href=\"https:\/\/www.facebook.com\/profile.php?id=100063593791305&amp;locale=es_ES\"><img decoding=\"async\" class=\"alignnone size-medium\" src=\"https:\/\/blogger.googleusercontent.com\/img\/b\/R29vZ2xl\/AVvXsEi8_n_ll8UOcGxCqzFvb_9Io4ICczlGC990BPtPj2w9Px-u7B3oqWUW5vtjZUqPNJ-nyjiUIorE0ATsib_l5tV8BVN-UJ03RTnU__IHJF_4DgDBtY4LIqXNG-FomrO-7ywes20CBCRM2Hcm7EJSh3UUw1dO-c_uTflUrtgY1i7uBRezj_DpympmEFkfbQY\/s1600\/logo-principal2.jpg\" width=\"100%\" height=\"100\" \/><\/a><!--bestpublic-voz03--><!--desk-in-out-voz03--><br \/>\n<!--publicidad-voz04--><a href=\"https:\/\/www.facebook.com\/profile.php?id=61557370768692&amp;locale=es_ES\"><img decoding=\"async\" class=\"alignnone size-medium\" src=\"https:\/\/blogger.googleusercontent.com\/img\/b\/R29vZ2xl\/AVvXsEgy5RdcfffrnrItnYTcV9bCJjgJwldsQLWssfVfrLbyfXeBNTFKgBf0rMIvhrUaGUhiXzVr9_eQgCbi-j63ZDpfTvLIty9w7s140y-m1yHe7eKmEK7v2NAHUJDVYGdfeiQFeRCqUjdwWmN1MX_AUxxz4IVdJ4WIM0APxit8bjWkXzrnEFGqBvW_1F13H1g\/s1600\/logo-principal5.jpg\" width=\"100%\" height=\"100\" \/><\/a><!--bestpublic-voz04--><!--desk-in-out-voz04--><br \/>\n<!--publicidad-voz05--><a href=\"https:\/\/www.facebook.com\/asociaciontamborileroshellin?locale=es_ES\"><img decoding=\"async\" class=\"alignnone size-medium\" src=\"https:\/\/blogger.googleusercontent.com\/img\/b\/R29vZ2xl\/AVvXsEhHEEpZsKK1VpwiYMrS7aE2ujtqIDZoLd4B5wtbiseSU9s2HdTdQfhF84So2XwEB1fv0BLw95GADm6hUl1bkKtzh-eIgVigXONuu_5RxeIMPhjk8q6uNX4EaEHbooKkbu7pCADWPpVJjhKIH5NQSJpWqedC-YBez4QAQeJYokkLot9bhrIaUAeztsGis6M\/s1600\/logo-principal3.jpg\" width=\"100%\" height=\"100\" \/><\/a><!--bestpublic-voz05--><!--desk-in-out-voz05--><br \/>\n<!--publicidad-voz06--><!--bestpublic-voz06--><!--desk-in-out-voz06--><br \/>\n<!--publicidad-voz07--><!--bestpublic-voz07--><!--desk-in-out-voz07--><br \/>\n<!--publicidad-voz08--><!--bestpublic-voz08--><!--desk-in-out-voz08--><br \/>\n<!--publicidad-voz09--><!--bestpublic-voz09--><!--desk-in-out-voz09--><br \/>\n<!--publicidad-voz10--><!--bestpublic-voz10--><!--desk-in-out-voz10--><br \/>\n<!--publicidad-voz11--><!--bestpublic-voz11--><!--desk-in-out-voz11--><br \/>\n<!--publicidad-voz12--><!--bestpublic-voz12--><!--desk-in-out-voz12--><br \/>\n<!--publicidad-voz13--><!--bestpublic-voz13--><!--desk-in-out-voz13--><br \/>\n<!--publicidad-voz14--><!--bestpublic-voz14--><!--desk-in-out-voz14--><br \/>\n<!--publicidad-voz15--><!--bestpublic-voz15--><!--desk-in-out-voz15--><br \/>\n<!--publicidad-voz16--><!--bestpublic-voz16--><!--desk-in-out-voz16--><\/p>\n","protected":false},"excerpt":{"rendered":"<p>LA DIPUTACI\u00d3N DE ALBACETE COMENZAR\u00c1 LA ENTREGA DE MASCARILLAS Y DIVERSO MATERIAL DE PROTECCI\u00d3N A LOS AYUNTAMIENTOS DE LA PROVINCIA<\/p>\n","protected":false},"author":2,"featured_media":90584,"comment_status":"closed","ping_status":"closed","sticky":false,"template":"","format":"standard","meta":{"footnotes":""},"categories":[723,718,715,716,717],"tags":[],"class_list":["post-102523","post","type-post","status-publish","format-standard","has-post-thumbnail","hentry","category-blog-lv005","category-blogger","category-la-voz-de-hellin","category-la-voz-de-hellin-la-voz-de-hellin","category-noticias"],"_links":{"self":[{"href":"https:\/\/lavozdehellin.com\/noticias\/wp-json\/wp\/v2\/posts\/102523","targetHints":{"allow":["GET"]}}],"collection":[{"href":"https:\/\/lavozdehellin.com\/noticias\/wp-json\/wp\/v2\/posts"}],"about":[{"href":"https:\/\/lavozdehellin.com\/noticias\/wp-json\/wp\/v2\/types\/post"}],"author":[{"embeddable":true,"href":"https:\/\/lavozdehellin.com\/noticias\/wp-json\/wp\/v2\/users\/2"}],"replies":[{"embeddable":true,"href":"https:\/\/lavozdehellin.com\/noticias\/wp-json\/wp\/v2\/comments?post=102523"}],"version-history":[{"count":0,"href":"https:\/\/lavozdehellin.com\/noticias\/wp-json\/wp\/v2\/posts\/102523\/revisions"}],"wp:featuredmedia":[{"embeddable":true,"href":"https:\/\/lavozdehellin.com\/noticias\/wp-json\/wp\/v2\/media\/90584"}],"wp:attachment":[{"href":"https:\/\/lavozdehellin.com\/noticias\/wp-json\/wp\/v2\/media?parent=102523"}],"wp:term":[{"taxonomy":"category","embeddable":true,"href":"https:\/\/lavozdehellin.com\/noticias\/wp-json\/wp\/v2\/categories?post=102523"},{"taxonomy":"post_tag","embeddable":true,"href":"https:\/\/lavozdehellin.com\/noticias\/wp-json\/wp\/v2\/tags?post=102523"}],"curies":[{"name":"wp","href":"https:\/\/api.w.org\/{rel}","templated":true}]}}