{"id":102524,"date":"2020-04-22T11:10:30","date_gmt":"2020-04-22T11:10:30","guid":{"rendered":"https:\/\/lavozdehellin.com\/noticias\/v01-103-hellin-la-roda-tarazona-de-la-mancha-elche-de-la-sierra-y-tobarra-realizan-una-compra-supramunicipal-de-mascarillas-en-el-ejercicio-de-sus-competencias-para-su-empleados-municipal\/"},"modified":"2024-01-04T14:03:49","modified_gmt":"2024-01-04T14:03:49","slug":"v01-103-hellin-la-roda-tarazona-de-la-mancha-elche-de-la-sierra-y-tobarra-realizan-una-compra-supramunicipal-de-mascarillas-en-el-ejercicio-de-sus-competencias-para-su-empleados-municipal","status":"publish","type":"post","link":"https:\/\/lavozdehellin.com\/noticias\/v01-103-hellin-la-roda-tarazona-de-la-mancha-elche-de-la-sierra-y-tobarra-realizan-una-compra-supramunicipal-de-mascarillas-en-el-ejercicio-de-sus-competencias-para-su-empleados-municipal\/","title":{"rendered":"LVH NOTICIAS | HELL\u00cdN, LA RODA, TARAZONA DE LA MANCHA, ELCHE DE LA SIERRA Y TOBARRA REALIZAN UNA COMPRA \u201cSUPRAMUNICIPAL\u201d DE MASCARILLAS EN EL EJERCICIO DE SUS COMPETENCIAS PARA SU EMPLEADOS MUNICIPALES"},"content":{"rendered":"<p style=\"text-align: justify;\">Estos Consistorios han comprado 15.000 mascarillas FFP2 a China a trav\u00e9s de la empresa aduanera \u201cTracosa\u201d y han valorado positivamente esta respuesta \u201ccoordinada entre administraciones\u201c, resaltando el di\u00e1logo e interlocuci\u00f3n entre Consistorios, y la necesidad que tienen los Ayuntamientos de ir adoptando pol\u00edticas, desde la planificaci\u00f3n y la previsi\u00f3n municipal, para nuevas fases del Estado de Alarma y apertura del actual confinamiento social.<\/p>\n<p><!--more--><br \/>\n<!--publicidad-voz01--><a href=\"https:\/\/www.facebook.com\/SoloRadioHellin\/?locale=es_ES\"><img decoding=\"async\" class=\"alignnone size-medium\" src=\"https:\/\/blogger.googleusercontent.com\/img\/b\/R29vZ2xl\/AVvXsEiNncirNnyGedv00mhjZjh5Wl4_YPdJGanoAl8tL8zH-HwqE8uHqjEfSt340RHdx-9tuCSIkZ8rFamZiGyYlgDGxCsmXjCH_1xk5eYM3ntFZRvJP_jndOKR7w1UAo9Tu0vrZyOLfqRpHIxYI5SymJJ-pfGCQw6QVpggBH-UgfjiFQ2JOxqxG0Jx94kW83c\/s1600\/logo-principal.jpg\" width=\"100%\" height=\"100\" \/><\/a><!--bestpublic-voz01--><!--desk-in-out-voz01--><br \/>\n<!--publicidad-voz02--><a href=\"https:\/\/www.hellincf.com\/\"><img decoding=\"async\" class=\"alignnone size-medium\" src=\"https:\/\/blogger.googleusercontent.com\/img\/b\/R29vZ2xl\/AVvXsEhuZ4-XfBVj3UtdP8-RZugy3WVrg-Zv28c53m4oV47qYCxL1rX_dqWX_YddsGSnpH5SRDqZ7bZeKPIfDVCDncpjVlhy3aQs2vojcJBn7Gdv9hC2_Nzct_pRFrnFE1a7KTCdY1bT_kAgnY3-iadRZrGeJf1fR2P5fu11bokx0pWjaypoy-ctwCjklldpEbA\/s1600\/logo-principal7.jpg\" width=\"100%\" height=\"100\" \/><\/a><!--bestpublic-voz02--><!--desk-in-out-voz02--><\/p>\n<p style=\"text-align: justify;\">Hell\u00edn, La Roda, Tarazona de La Mancha, Elche de la Sierra y Tobarra, 21 de abril de 2020- Los Ayuntamientos de Hell\u00edn, La Roda, Tarazona de La Mancha, Elche de la Sierra y Tobarra en un ejercicio de car\u00e1cter supramunicipal entre estas entidades locales de la provincia de Albacete han realizado una compra de 15.000 mascarillas FFP2 destinadas especialmente a sus empleados municipales y otras necesidades que puedan tener sus municipios.<\/p>\n<p style=\"text-align: justify;\">As\u00ed se ha dado a conocer en la videoconferencia que han mantenido el alcalde de Hell\u00edn, Ram\u00f3n Garc\u00eda; el alcalde de La Roda, Juan Ram\u00f3n Amores; el alcalde de Tarazona de La Mancha, Miguel Zamora; la alcaldesa de Elche de la Sierra, Raquel Ruiz; y la alcaldesa de Tobarra, Amparo Ballesteros, desde sus respectivas Alcald\u00edas tras realizar esta inversi\u00f3n en material de protecci\u00f3n sanitario contra el COVID19 para trabajadores municipales y en algunos municipios tambi\u00e9n para personas mayores o con especial vulnerabilidad.<\/p>\n<p style=\"text-align: justify;\">Los alcaldes y alcaldesas de estas localidades albacete\u00f1as han subrayado en sus diferentes interlocuciones que esta compra de mascarillas realizada entre estos Ayuntamientos y China a trav\u00e9s de la empresa aduanera \u201cTracosa\u201d forma parte de la \u201cplanificaci\u00f3n, responsabilidad y autonom\u00eda que deben ir adoptando las Administraciones locales dentro de sus competencias, buscando soluciones de forma unilateral o conjunta para sus trabajadores y trabajadoras en la actual crisis sanitaria del coronavirus\u201d.<\/p>\n<p style=\"text-align: justify;\">Durante esta videoconferencia, estos representantes municipales han valorado positivamente esta respuesta \u201ccoordinada entre administraciones\u201c, resaltando el di\u00e1logo e interlocuci\u00f3n entre Consistorios, y la necesidad que tienen los Ayuntamientos de ir adoptando pol\u00edticas, desde la planificaci\u00f3n y la previsi\u00f3n municipal, en un mercado global de proveedores de estos productos de protecci\u00f3n \u201ccomplejo\u201d debido a la masiva compra de Estados y Administraciones para hacer<br \/>\nfrente a la pandemia.<\/p>\n<p style=\"text-align: justify;\">Finalmente, los cinco alcaldes y alcaldesas tambi\u00e9n han destacado la importancia de adaptar medidas de protecci\u00f3n con respecto a sus empleados, con el objetivo de que los servicios p\u00fablicos de proximidad funcionen con total normalidad, una vez se autorice por las autoridades sanitarias, nuevas fases en el Estado de Alarma, incluidas aperturas al actual confinamiento social, que conllevar\u00e1n respuestas \u201cinmediatas por parte de los Ayuntamientos, como instituciones m\u00e1s cercanas a los ciudadanos\u201d.<\/p>\n<p><!--publicidad-voz03--><a href=\"https:\/\/www.facebook.com\/profile.php?id=100063593791305&amp;locale=es_ES\"><img decoding=\"async\" class=\"alignnone size-medium\" src=\"https:\/\/blogger.googleusercontent.com\/img\/b\/R29vZ2xl\/AVvXsEi8_n_ll8UOcGxCqzFvb_9Io4ICczlGC990BPtPj2w9Px-u7B3oqWUW5vtjZUqPNJ-nyjiUIorE0ATsib_l5tV8BVN-UJ03RTnU__IHJF_4DgDBtY4LIqXNG-FomrO-7ywes20CBCRM2Hcm7EJSh3UUw1dO-c_uTflUrtgY1i7uBRezj_DpympmEFkfbQY\/s1600\/logo-principal2.jpg\" width=\"100%\" height=\"100\" \/><\/a><!--bestpublic-voz03--><!--desk-in-out-voz03--><br \/>\n<!--publicidad-voz04--><a href=\"https:\/\/www.facebook.com\/profile.php?id=61557370768692&amp;locale=es_ES\"><img decoding=\"async\" class=\"alignnone size-medium\" src=\"https:\/\/blogger.googleusercontent.com\/img\/b\/R29vZ2xl\/AVvXsEgy5RdcfffrnrItnYTcV9bCJjgJwldsQLWssfVfrLbyfXeBNTFKgBf0rMIvhrUaGUhiXzVr9_eQgCbi-j63ZDpfTvLIty9w7s140y-m1yHe7eKmEK7v2NAHUJDVYGdfeiQFeRCqUjdwWmN1MX_AUxxz4IVdJ4WIM0APxit8bjWkXzrnEFGqBvW_1F13H1g\/s1600\/logo-principal5.jpg\" width=\"100%\" height=\"100\" \/><\/a><!--bestpublic-voz04--><!--desk-in-out-voz04--><br \/>\n<!--publicidad-voz05--><a href=\"https:\/\/www.facebook.com\/asociaciontamborileroshellin?locale=es_ES\"><img decoding=\"async\" class=\"alignnone size-medium\" src=\"https:\/\/blogger.googleusercontent.com\/img\/b\/R29vZ2xl\/AVvXsEhHEEpZsKK1VpwiYMrS7aE2ujtqIDZoLd4B5wtbiseSU9s2HdTdQfhF84So2XwEB1fv0BLw95GADm6hUl1bkKtzh-eIgVigXONuu_5RxeIMPhjk8q6uNX4EaEHbooKkbu7pCADWPpVJjhKIH5NQSJpWqedC-YBez4QAQeJYokkLot9bhrIaUAeztsGis6M\/s1600\/logo-principal3.jpg\" width=\"100%\" height=\"100\" \/><\/a><!--bestpublic-voz05--><!--desk-in-out-voz05--><br \/>\n<!--publicidad-voz06--><!--bestpublic-voz06--><!--desk-in-out-voz06--><br \/>\n<!--publicidad-voz07--><!--bestpublic-voz07--><!--desk-in-out-voz07--><br \/>\n<!--publicidad-voz08--><!--bestpublic-voz08--><!--desk-in-out-voz08--><br \/>\n<!--publicidad-voz09--><!--bestpublic-voz09--><!--desk-in-out-voz09--><br \/>\n<!--publicidad-voz10--><!--bestpublic-voz10--><!--desk-in-out-voz10--><br \/>\n<!--publicidad-voz11--><!--bestpublic-voz11--><!--desk-in-out-voz11--><br \/>\n<!--publicidad-voz12--><!--bestpublic-voz12--><!--desk-in-out-voz12--><br \/>\n<!--publicidad-voz13--><!--bestpublic-voz13--><!--desk-in-out-voz13--><br \/>\n<!--publicidad-voz14--><!--bestpublic-voz14--><!--desk-in-out-voz14--><br \/>\n<!--publicidad-voz15--><!--bestpublic-voz15--><!--desk-in-out-voz15--><br \/>\n<!--publicidad-voz16--><!--bestpublic-voz16--><!--desk-in-out-voz16--><\/p>\n","protected":false},"excerpt":{"rendered":"<p>HELL\u00cdN, LA RODA, TARAZONA DE LA MANCHA, ELCHE DE LA SIERRA Y TOBARRA REALIZAN UNA COMPRA \u201cSUPRAMUNICIPAL\u201d DE MASCARILLAS EN EL EJERCICIO DE SUS COMPETENCIAS PARA SU EMPLEADOS MUNICIPALES<\/p>\n","protected":false},"author":2,"featured_media":90580,"comment_status":"closed","ping_status":"closed","sticky":false,"template":"","format":"standard","meta":{"footnotes":""},"categories":[723,718,715,716,717],"tags":[],"class_list":["post-102524","post","type-post","status-publish","format-standard","has-post-thumbnail","hentry","category-blog-lv005","category-blogger","category-la-voz-de-hellin","category-la-voz-de-hellin-la-voz-de-hellin","category-noticias"],"_links":{"self":[{"href":"https:\/\/lavozdehellin.com\/noticias\/wp-json\/wp\/v2\/posts\/102524","targetHints":{"allow":["GET"]}}],"collection":[{"href":"https:\/\/lavozdehellin.com\/noticias\/wp-json\/wp\/v2\/posts"}],"about":[{"href":"https:\/\/lavozdehellin.com\/noticias\/wp-json\/wp\/v2\/types\/post"}],"author":[{"embeddable":true,"href":"https:\/\/lavozdehellin.com\/noticias\/wp-json\/wp\/v2\/users\/2"}],"replies":[{"embeddable":true,"href":"https:\/\/lavozdehellin.com\/noticias\/wp-json\/wp\/v2\/comments?post=102524"}],"version-history":[{"count":0,"href":"https:\/\/lavozdehellin.com\/noticias\/wp-json\/wp\/v2\/posts\/102524\/revisions"}],"wp:featuredmedia":[{"embeddable":true,"href":"https:\/\/lavozdehellin.com\/noticias\/wp-json\/wp\/v2\/media\/90580"}],"wp:attachment":[{"href":"https:\/\/lavozdehellin.com\/noticias\/wp-json\/wp\/v2\/media?parent=102524"}],"wp:term":[{"taxonomy":"category","embeddable":true,"href":"https:\/\/lavozdehellin.com\/noticias\/wp-json\/wp\/v2\/categories?post=102524"},{"taxonomy":"post_tag","embeddable":true,"href":"https:\/\/lavozdehellin.com\/noticias\/wp-json\/wp\/v2\/tags?post=102524"}],"curies":[{"name":"wp","href":"https:\/\/api.w.org\/{rel}","templated":true}]}}