{"id":102525,"date":"2018-07-17T10:07:50","date_gmt":"2018-07-17T10:07:50","guid":{"rendered":"https:\/\/lavozdehellin.com\/noticias\/v01-104-el-gobierno-regional-concede-75-000-euros-para-los-seis-proyectos-de-investigacion-del-patrimonio-arqueologico-en-la-provincia-de-albacete\/"},"modified":"2024-01-04T14:08:53","modified_gmt":"2024-01-04T14:08:53","slug":"v01-104-el-gobierno-regional-concede-75-000-euros-para-los-seis-proyectos-de-investigacion-del-patrimonio-arqueologico-en-la-provincia-de-albacete","status":"publish","type":"post","link":"https:\/\/lavozdehellin.com\/noticias\/v01-104-el-gobierno-regional-concede-75-000-euros-para-los-seis-proyectos-de-investigacion-del-patrimonio-arqueologico-en-la-provincia-de-albacete\/","title":{"rendered":"LVH NOTICIAS | EL GOBIERNO REGIONAL CONCEDE 75.000 EUROS PARA LOS SEIS PROYECTOS DE INVESTIGACI\u00d3N DEL PATRIMONIO ARQUEOL\u00d3GICO EN LA PROVINCIA DE ALBACETE"},"content":{"rendered":"<p style=\"text-align: justify;\">Los proyectos que han accedido a esta l\u00ednea de subvenciones son un estudio paleoambiental en Almansa, y otro sobre poblamiento y explotaci\u00f3n de paisajes de monta\u00f1a en \u00e9poca ib\u00e9rica en Nerpio, Elche de la Sierra y Yeste, adem\u00e1s de la neolitizaci\u00f3n en los Campos de Hell\u00edn. Tambi\u00e9n han obtenido acceso a estas subvenciones, una nueva actuaci\u00f3n arqueol\u00f3gica en El Tolmo de Minateda, y otra en el Castillo de Pe\u00f1as de San Pedro.<\/p>\n<p><!--more--><br \/>\n<!--publicidad-voz01--><a href=\"https:\/\/www.facebook.com\/SoloRadioHellin\/?locale=es_ES\"><img decoding=\"async\" class=\"alignnone size-medium\" src=\"https:\/\/blogger.googleusercontent.com\/img\/b\/R29vZ2xl\/AVvXsEiNncirNnyGedv00mhjZjh5Wl4_YPdJGanoAl8tL8zH-HwqE8uHqjEfSt340RHdx-9tuCSIkZ8rFamZiGyYlgDGxCsmXjCH_1xk5eYM3ntFZRvJP_jndOKR7w1UAo9Tu0vrZyOLfqRpHIxYI5SymJJ-pfGCQw6QVpggBH-UgfjiFQ2JOxqxG0Jx94kW83c\/s1600\/logo-principal.jpg\" width=\"100%\" height=\"100\" \/><\/a><!--bestpublic-voz01--><!--desk-in-out-voz01--><br \/>\n<!--publicidad-voz02--><a href=\"https:\/\/www.hellincf.com\/\"><img decoding=\"async\" class=\"alignnone size-medium\" src=\"https:\/\/blogger.googleusercontent.com\/img\/b\/R29vZ2xl\/AVvXsEhuZ4-XfBVj3UtdP8-RZugy3WVrg-Zv28c53m4oV47qYCxL1rX_dqWX_YddsGSnpH5SRDqZ7bZeKPIfDVCDncpjVlhy3aQs2vojcJBn7Gdv9hC2_Nzct_pRFrnFE1a7KTCdY1bT_kAgnY3-iadRZrGeJf1fR2P5fu11bokx0pWjaypoy-ctwCjklldpEbA\/s1600\/logo-principal7.jpg\" width=\"100%\" height=\"100\" \/><\/a><!--bestpublic-voz02--><!--desk-in-out-voz02--><\/p>\n<p style=\"text-align: justify;\">El Gobierno regional ha concedido financiaci\u00f3n para seis proyectos de investigaci\u00f3n arqueol\u00f3gica y paleontol\u00f3gica en la provincia de Albacete este 2018, una l\u00ednea de subvenciones, aprobada por tercer a\u00f1o consecutivo, y que estar\u00e1 dotada de 75.000 en nuestra provincia.<\/p>\n<p style=\"text-align: justify;\">Los proyectos aprobados para obtener ayudas son; la caracterizaci\u00f3n arqueom\u00e9trica, radocarb\u00f3nica, y paleoambiental en Almansa, solicitada por la Universidad de Alicante y que contar\u00e1 con una ayuda de 6.600 euros; un estudio sobre poblamiento y explotaci\u00f3n de paisajes de monta\u00f1a en \u00e9poca ib\u00e9rica en Nerpio, Elche de la Sierra y Yeste, solicitada por el Consejo Superior de Investigaciones Cient\u00edficas (CSIC) y que ha obtenido cerca de 11.500 euros de subvenci\u00f3n; la neolitizaci\u00f3n en los Campos de Hell\u00edn que se realizar\u00e1 en los t\u00e9rminos municipales de Hell\u00edn y Tobarra, solicitada por la Universidad Nacional de Educaci\u00f3n a Distancia (UNED) y que ha obtenido 4.100 euros; una nueva actuaci\u00f3n arqueol\u00f3gica en El Tolmo de Minateda, solicitada por la Universidad de Alicante y que tendr\u00e1 m\u00e1s de 21.000 euros de subvenci\u00f3n, y finalmente, otra actuaci\u00f3n arqueol\u00f3gica en el Castillo de Pe\u00f1as de San Pedro, solicitada por la Universidad de Castilla-La Mancha (UCLM) y que obtendr\u00e1 una ayuda de 13.700 euros.<\/p>\n<p style=\"text-align: justify;\">En total, la convocatoria cuenta con una partida presupuestaria de 490.000 euros, 40.000 m\u00e1s que el pasado a\u00f1o y que en el \u00faltimo ejercicio presupuestario de la pasada legislatura, y en la provincia de Toledo contar\u00e1n con nueve proyectos, en Guadalajara ocho, Cuenca tambi\u00e9n ocho, y diez en Ciudad Real.<\/p>\n<p><!--publicidad-voz03--><a href=\"https:\/\/www.facebook.com\/profile.php?id=100063593791305&amp;locale=es_ES\"><img decoding=\"async\" class=\"alignnone size-medium\" src=\"https:\/\/blogger.googleusercontent.com\/img\/b\/R29vZ2xl\/AVvXsEi8_n_ll8UOcGxCqzFvb_9Io4ICczlGC990BPtPj2w9Px-u7B3oqWUW5vtjZUqPNJ-nyjiUIorE0ATsib_l5tV8BVN-UJ03RTnU__IHJF_4DgDBtY4LIqXNG-FomrO-7ywes20CBCRM2Hcm7EJSh3UUw1dO-c_uTflUrtgY1i7uBRezj_DpympmEFkfbQY\/s1600\/logo-principal2.jpg\" width=\"100%\" height=\"100\" \/><\/a><!--bestpublic-voz03--><!--desk-in-out-voz03--><br \/>\n<!--publicidad-voz04--><a href=\"https:\/\/www.facebook.com\/profile.php?id=61557370768692&amp;locale=es_ES\"><img decoding=\"async\" class=\"alignnone size-medium\" src=\"https:\/\/blogger.googleusercontent.com\/img\/b\/R29vZ2xl\/AVvXsEgy5RdcfffrnrItnYTcV9bCJjgJwldsQLWssfVfrLbyfXeBNTFKgBf0rMIvhrUaGUhiXzVr9_eQgCbi-j63ZDpfTvLIty9w7s140y-m1yHe7eKmEK7v2NAHUJDVYGdfeiQFeRCqUjdwWmN1MX_AUxxz4IVdJ4WIM0APxit8bjWkXzrnEFGqBvW_1F13H1g\/s1600\/logo-principal5.jpg\" width=\"100%\" height=\"100\" \/><\/a><!--bestpublic-voz04--><!--desk-in-out-voz04--><br \/>\n<!--publicidad-voz05--><a href=\"https:\/\/www.facebook.com\/asociaciontamborileroshellin?locale=es_ES\"><img decoding=\"async\" class=\"alignnone size-medium\" src=\"https:\/\/blogger.googleusercontent.com\/img\/b\/R29vZ2xl\/AVvXsEhHEEpZsKK1VpwiYMrS7aE2ujtqIDZoLd4B5wtbiseSU9s2HdTdQfhF84So2XwEB1fv0BLw95GADm6hUl1bkKtzh-eIgVigXONuu_5RxeIMPhjk8q6uNX4EaEHbooKkbu7pCADWPpVJjhKIH5NQSJpWqedC-YBez4QAQeJYokkLot9bhrIaUAeztsGis6M\/s1600\/logo-principal3.jpg\" width=\"100%\" height=\"100\" \/><\/a><!--bestpublic-voz05--><!--desk-in-out-voz05--><br \/>\n<!--publicidad-voz06--><!--bestpublic-voz06--><!--desk-in-out-voz06--><br \/>\n<!--publicidad-voz07--><!--bestpublic-voz07--><!--desk-in-out-voz07--><br \/>\n<!--publicidad-voz08--><!--bestpublic-voz08--><!--desk-in-out-voz08--><br \/>\n<!--publicidad-voz09--><!--bestpublic-voz09--><!--desk-in-out-voz09--><br \/>\n<!--publicidad-voz10--><!--bestpublic-voz10--><!--desk-in-out-voz10--><br \/>\n<!--publicidad-voz11--><!--bestpublic-voz11--><!--desk-in-out-voz11--><br \/>\n<!--publicidad-voz12--><!--bestpublic-voz12--><!--desk-in-out-voz12--><br \/>\n<!--publicidad-voz13--><!--bestpublic-voz13--><!--desk-in-out-voz13--><br \/>\n<!--publicidad-voz14--><!--bestpublic-voz14--><!--desk-in-out-voz14--><br \/>\n<!--publicidad-voz15--><!--bestpublic-voz15--><!--desk-in-out-voz15--><br \/>\n<!--publicidad-voz16--><!--bestpublic-voz16--><!--desk-in-out-voz16--><\/p>\n","protected":false},"excerpt":{"rendered":"<p>EL GOBIERNO REGIONAL CONCEDE 75.000 EUROS PARA LOS SEIS PROYECTOS DE INVESTIGACI\u00d3N DEL PATRIMONIO ARQUEOL\u00d3GICO EN LA PROVINCIA DE ALBACETE<\/p>\n","protected":false},"author":2,"featured_media":90585,"comment_status":"closed","ping_status":"closed","sticky":false,"template":"","format":"standard","meta":{"footnotes":""},"categories":[723,718,715,716,717],"tags":[],"class_list":["post-102525","post","type-post","status-publish","format-standard","has-post-thumbnail","hentry","category-blog-lv005","category-blogger","category-la-voz-de-hellin","category-la-voz-de-hellin-la-voz-de-hellin","category-noticias"],"_links":{"self":[{"href":"https:\/\/lavozdehellin.com\/noticias\/wp-json\/wp\/v2\/posts\/102525","targetHints":{"allow":["GET"]}}],"collection":[{"href":"https:\/\/lavozdehellin.com\/noticias\/wp-json\/wp\/v2\/posts"}],"about":[{"href":"https:\/\/lavozdehellin.com\/noticias\/wp-json\/wp\/v2\/types\/post"}],"author":[{"embeddable":true,"href":"https:\/\/lavozdehellin.com\/noticias\/wp-json\/wp\/v2\/users\/2"}],"replies":[{"embeddable":true,"href":"https:\/\/lavozdehellin.com\/noticias\/wp-json\/wp\/v2\/comments?post=102525"}],"version-history":[{"count":0,"href":"https:\/\/lavozdehellin.com\/noticias\/wp-json\/wp\/v2\/posts\/102525\/revisions"}],"wp:featuredmedia":[{"embeddable":true,"href":"https:\/\/lavozdehellin.com\/noticias\/wp-json\/wp\/v2\/media\/90585"}],"wp:attachment":[{"href":"https:\/\/lavozdehellin.com\/noticias\/wp-json\/wp\/v2\/media?parent=102525"}],"wp:term":[{"taxonomy":"category","embeddable":true,"href":"https:\/\/lavozdehellin.com\/noticias\/wp-json\/wp\/v2\/categories?post=102525"},{"taxonomy":"post_tag","embeddable":true,"href":"https:\/\/lavozdehellin.com\/noticias\/wp-json\/wp\/v2\/tags?post=102525"}],"curies":[{"name":"wp","href":"https:\/\/api.w.org\/{rel}","templated":true}]}}