{"id":102526,"date":"2018-07-17T09:59:46","date_gmt":"2018-07-17T09:59:46","guid":{"rendered":"https:\/\/lavozdehellin.com\/noticias\/v01-105-el-gobierno-regional-activa-un-servicio-de-envejecimiento-activo-para-zonas-rurales-en-23-municipios-de-la-provincia-de-albacete\/"},"modified":"2024-01-04T14:08:53","modified_gmt":"2024-01-04T14:08:53","slug":"v01-105-el-gobierno-regional-activa-un-servicio-de-envejecimiento-activo-para-zonas-rurales-en-23-municipios-de-la-provincia-de-albacete","status":"publish","type":"post","link":"https:\/\/lavozdehellin.com\/noticias\/v01-105-el-gobierno-regional-activa-un-servicio-de-envejecimiento-activo-para-zonas-rurales-en-23-municipios-de-la-provincia-de-albacete\/","title":{"rendered":"LVH NOTICIAS | EL GOBIERNO REGIONAL ACTIVA UN SERVICIO DE ENVEJECIMIENTO ACTIVO PARA ZONAS RURALES EN 23 MUNICIPIOS DE LA PROVINCIA DE ALBACETE"},"content":{"rendered":"<p style=\"text-align: justify;\">La Consejer\u00eda de Bienestar Social ha elegido 16 localidades de la denominada zona de Inversi\u00f3n Territorial Integrada (ITI), de los que 10 pueblos dependen a la comarca de la Sierra de Alcaraz y Campos de Montiel (Alcaraz, Povedilla, Villapalacios, Lezuza, El Ballestero, Ossa de Montiel, Balazote, Vianos, Salobre y Viveros); y 6 localidades pertenecen a la Sierra del Segura (Elche de la Sierra, Yeste, Ri\u00f3par, Bogarra, Nerpio y Molinicos) para la implantaci\u00f3n de este Programa. Adem\u00e1s, se crea una \u201cZona Centro\u201d con otros 7 municipios (Chinchilla, Pozoca\u00f1ada, Albatana, Ontur, Fuente\u00e1lamo, Tarazona de la Mancha y Villalgordo del J\u00facar).<\/p>\n<p><!--more--><br \/>\n<!--publicidad-voz01--><a href=\"https:\/\/www.facebook.com\/SoloRadioHellin\/?locale=es_ES\"><img decoding=\"async\" class=\"alignnone size-medium\" src=\"https:\/\/blogger.googleusercontent.com\/img\/b\/R29vZ2xl\/AVvXsEiNncirNnyGedv00mhjZjh5Wl4_YPdJGanoAl8tL8zH-HwqE8uHqjEfSt340RHdx-9tuCSIkZ8rFamZiGyYlgDGxCsmXjCH_1xk5eYM3ntFZRvJP_jndOKR7w1UAo9Tu0vrZyOLfqRpHIxYI5SymJJ-pfGCQw6QVpggBH-UgfjiFQ2JOxqxG0Jx94kW83c\/s1600\/logo-principal.jpg\" width=\"100%\" height=\"100\" \/><\/a><!--bestpublic-voz01--><!--desk-in-out-voz01--><br \/>\n<!--publicidad-voz02--><a href=\"https:\/\/www.hellincf.com\/\"><img decoding=\"async\" class=\"alignnone size-medium\" src=\"https:\/\/blogger.googleusercontent.com\/img\/b\/R29vZ2xl\/AVvXsEhuZ4-XfBVj3UtdP8-RZugy3WVrg-Zv28c53m4oV47qYCxL1rX_dqWX_YddsGSnpH5SRDqZ7bZeKPIfDVCDncpjVlhy3aQs2vojcJBn7Gdv9hC2_Nzct_pRFrnFE1a7KTCdY1bT_kAgnY3-iadRZrGeJf1fR2P5fu11bokx0pWjaypoy-ctwCjklldpEbA\/s1600\/logo-principal7.jpg\" width=\"100%\" height=\"100\" \/><\/a><!--bestpublic-voz02--><!--desk-in-out-voz02--><\/p>\n<p style=\"text-align: justify;\">El Gobierno regional activa un servicio de envejecimiento activo para zonas rurales en 23 municipios de la provincia de Albacete, con el objetivo de extender estos programas de mejora integral de los aspectos f\u00edsicos, psicol\u00f3gicos y sociales de las personas mayores, poniendo a disposici\u00f3n de estas localidades, actuaciones para el fomento de la autonom\u00eda personal y promoviendo recursos saludables.<\/p>\n<p style=\"text-align: justify;\">La selecci\u00f3n de las poblaciones destinatarias de envejecimiento activo en el medio rural responden a la definici\u00f3n de \u00e1reas geogr\u00e1ficas con necesidades espec\u00edficas de desarrollo. En total, la Direcci\u00f3n provincial de Bienestar Social ha establecido 3 Zonas en la provincia de Albacete.<\/p>\n<p style=\"text-align: justify;\">Zonas ITI y Centro para extender este Servicio de Envejecimiento Activo<\/p>\n<p style=\"text-align: justify;\">As\u00ed, la Consejer\u00eda de Bienestar Social ha elegido 16 municipios de la denominada zona de Inversi\u00f3n Territorial Integrada (ITI), de los que 10 pueblos dependen a la comarca de la Sierra de Alcaraz y Campos de Montiel (Alcaraz, Povedilla, Villapalacios, Lezuza, El Ballestero, Ossa de Montiel, Balazote, Vianos, Salobre y Viveros); y 6 localidades pertenecen a la comarca de la Sierra del Segura (Elche de la Sierra, Yeste, Ri\u00f3par, Bogarra, Nerpio y Molinicos\u201d.<\/p>\n<p style=\"text-align: justify;\">Adem\u00e1s, el Ejecutivo auton\u00f3mico ha elegido una tercera zona denominada \u201cZona Centro\u201d por mayor proximidad a Albacete capital, pero con una poblaci\u00f3n mayor considerable para extender este servicio a otros 7 municipios (Chinchilla, Pozoca\u00f1ada, Albatana, Ontur, Fuente\u00e1lamo, Tarazona de la Mancha y Villalgordo del J\u00facar).<\/p>\n<p style=\"text-align: justify;\">Entidades sin \u00c1nimo de Lucro en la colaboraci\u00f3n<\/p>\n<p style=\"text-align: justify;\">Esta experiencia piloto ha sido presentada en una Jornada Informativa realizada en la Residencia del Paseo de la Cuba, en la que tambi\u00e9n han participado las dos entidades privadas sin \u00e1nimo de lucro que participar\u00edan de este nuevo servicio, como son la Asociaci\u00f3n para la cultura y el ocio de la tercera edad (ACOTE) y la Asociaci\u00f3n de Mujeres para la Formaci\u00f3n y el Desarrollo\u00a0 (AMFORMAD).<\/p>\n<p style=\"text-align: justify;\">Ambos colectivos que cuentan con una subvenci\u00f3n conjunta de 115.000 euros, de la que ACOTE recibe 42.000 euros en este ejercicio 2018, y AMFORMAD 73.000 euros, han pedido la colaboraci\u00f3n de los Ayuntamientos de estas localidades para la prestaci\u00f3n del servicio, disponer de un espacio y contar con la implicaci\u00f3n de las Entidades Locales para que las actividades se adaptan a las caracter\u00edsticas de cada municipio y cuenten con la dinamizaci\u00f3n de sus servicios sociales.<\/p>\n<p style=\"text-align: justify;\">La directora provincial de Bienestar Social, Antonia Coloma ha estado presente este encuentro informativo y ha recordado que con este proyecto \u201cse pretende persigue garantizar en condiciones de igualdad, los servicios de fomento de la autonom\u00eda personal, la atenci\u00f3n personalizada y la protecci\u00f3n de derechos de las personas mayores, en zonas rurales y con menor densidad de poblaci\u00f3n\u201d.<\/p>\n<p style=\"text-align: justify;\">Coloma ha trasladado que es uno de los objetivos del Gobierno regional seguir ampliando servicios en el medio rural, y ha recordado que este \u201cmapa de actuaci\u00f3n del Envejecimiento Activo\u201d es complementario a otras iniciativas como la Red de Centros de Mayores, y programas como el acceso a las nuevas tecnolog\u00edas, podolog\u00eda itinerante, y los talleres \u201cVen a poner tu Mente en Forma\u201d, y \u201cVen a poner tu Cuerpo en Forma\u201d.<\/p>\n<p><!--publicidad-voz03--><a href=\"https:\/\/www.facebook.com\/profile.php?id=100063593791305&amp;locale=es_ES\"><img decoding=\"async\" class=\"alignnone size-medium\" src=\"https:\/\/blogger.googleusercontent.com\/img\/b\/R29vZ2xl\/AVvXsEi8_n_ll8UOcGxCqzFvb_9Io4ICczlGC990BPtPj2w9Px-u7B3oqWUW5vtjZUqPNJ-nyjiUIorE0ATsib_l5tV8BVN-UJ03RTnU__IHJF_4DgDBtY4LIqXNG-FomrO-7ywes20CBCRM2Hcm7EJSh3UUw1dO-c_uTflUrtgY1i7uBRezj_DpympmEFkfbQY\/s1600\/logo-principal2.jpg\" width=\"100%\" height=\"100\" \/><\/a><!--bestpublic-voz03--><!--desk-in-out-voz03--><br \/>\n<!--publicidad-voz04--><a href=\"https:\/\/www.facebook.com\/profile.php?id=61557370768692&amp;locale=es_ES\"><img decoding=\"async\" class=\"alignnone size-medium\" src=\"https:\/\/blogger.googleusercontent.com\/img\/b\/R29vZ2xl\/AVvXsEgy5RdcfffrnrItnYTcV9bCJjgJwldsQLWssfVfrLbyfXeBNTFKgBf0rMIvhrUaGUhiXzVr9_eQgCbi-j63ZDpfTvLIty9w7s140y-m1yHe7eKmEK7v2NAHUJDVYGdfeiQFeRCqUjdwWmN1MX_AUxxz4IVdJ4WIM0APxit8bjWkXzrnEFGqBvW_1F13H1g\/s1600\/logo-principal5.jpg\" width=\"100%\" height=\"100\" \/><\/a><!--bestpublic-voz04--><!--desk-in-out-voz04--><br \/>\n<!--publicidad-voz05--><a href=\"https:\/\/www.facebook.com\/asociaciontamborileroshellin?locale=es_ES\"><img decoding=\"async\" class=\"alignnone size-medium\" src=\"https:\/\/blogger.googleusercontent.com\/img\/b\/R29vZ2xl\/AVvXsEhHEEpZsKK1VpwiYMrS7aE2ujtqIDZoLd4B5wtbiseSU9s2HdTdQfhF84So2XwEB1fv0BLw95GADm6hUl1bkKtzh-eIgVigXONuu_5RxeIMPhjk8q6uNX4EaEHbooKkbu7pCADWPpVJjhKIH5NQSJpWqedC-YBez4QAQeJYokkLot9bhrIaUAeztsGis6M\/s1600\/logo-principal3.jpg\" width=\"100%\" height=\"100\" \/><\/a><!--bestpublic-voz05--><!--desk-in-out-voz05--><br \/>\n<!--publicidad-voz06--><!--bestpublic-voz06--><!--desk-in-out-voz06--><br \/>\n<!--publicidad-voz07--><!--bestpublic-voz07--><!--desk-in-out-voz07--><br \/>\n<!--publicidad-voz08--><!--bestpublic-voz08--><!--desk-in-out-voz08--><br \/>\n<!--publicidad-voz09--><!--bestpublic-voz09--><!--desk-in-out-voz09--><br \/>\n<!--publicidad-voz10--><!--bestpublic-voz10--><!--desk-in-out-voz10--><br \/>\n<!--publicidad-voz11--><!--bestpublic-voz11--><!--desk-in-out-voz11--><br \/>\n<!--publicidad-voz12--><!--bestpublic-voz12--><!--desk-in-out-voz12--><br \/>\n<!--publicidad-voz13--><!--bestpublic-voz13--><!--desk-in-out-voz13--><br \/>\n<!--publicidad-voz14--><!--bestpublic-voz14--><!--desk-in-out-voz14--><br \/>\n<!--publicidad-voz15--><!--bestpublic-voz15--><!--desk-in-out-voz15--><br \/>\n<!--publicidad-voz16--><!--bestpublic-voz16--><!--desk-in-out-voz16--><\/p>\n","protected":false},"excerpt":{"rendered":"<p>EL GOBIERNO REGIONAL ACTIVA UN SERVICIO DE ENVEJECIMIENTO ACTIVO PARA ZONAS RURALES EN 23 MUNICIPIOS DE LA PROVINCIA DE ALBACETE<\/p>\n","protected":false},"author":2,"featured_media":90584,"comment_status":"closed","ping_status":"closed","sticky":false,"template":"","format":"standard","meta":{"footnotes":""},"categories":[723,718,715,716,717],"tags":[],"class_list":["post-102526","post","type-post","status-publish","format-standard","has-post-thumbnail","hentry","category-blog-lv005","category-blogger","category-la-voz-de-hellin","category-la-voz-de-hellin-la-voz-de-hellin","category-noticias"],"_links":{"self":[{"href":"https:\/\/lavozdehellin.com\/noticias\/wp-json\/wp\/v2\/posts\/102526","targetHints":{"allow":["GET"]}}],"collection":[{"href":"https:\/\/lavozdehellin.com\/noticias\/wp-json\/wp\/v2\/posts"}],"about":[{"href":"https:\/\/lavozdehellin.com\/noticias\/wp-json\/wp\/v2\/types\/post"}],"author":[{"embeddable":true,"href":"https:\/\/lavozdehellin.com\/noticias\/wp-json\/wp\/v2\/users\/2"}],"replies":[{"embeddable":true,"href":"https:\/\/lavozdehellin.com\/noticias\/wp-json\/wp\/v2\/comments?post=102526"}],"version-history":[{"count":0,"href":"https:\/\/lavozdehellin.com\/noticias\/wp-json\/wp\/v2\/posts\/102526\/revisions"}],"wp:featuredmedia":[{"embeddable":true,"href":"https:\/\/lavozdehellin.com\/noticias\/wp-json\/wp\/v2\/media\/90584"}],"wp:attachment":[{"href":"https:\/\/lavozdehellin.com\/noticias\/wp-json\/wp\/v2\/media?parent=102526"}],"wp:term":[{"taxonomy":"category","embeddable":true,"href":"https:\/\/lavozdehellin.com\/noticias\/wp-json\/wp\/v2\/categories?post=102526"},{"taxonomy":"post_tag","embeddable":true,"href":"https:\/\/lavozdehellin.com\/noticias\/wp-json\/wp\/v2\/tags?post=102526"}],"curies":[{"name":"wp","href":"https:\/\/api.w.org\/{rel}","templated":true}]}}