{"id":102527,"date":"2018-07-17T09:53:43","date_gmt":"2018-07-17T09:53:43","guid":{"rendered":"https:\/\/lavozdehellin.com\/noticias\/v01-106-el-pp-solicita-la-comparecencia-urgente-del-consejero-por-posible-falsedad-en-documento-publico-de-las-listas-de-espera-sanitaria\/"},"modified":"2024-01-04T14:08:54","modified_gmt":"2024-01-04T14:08:54","slug":"v01-106-el-pp-solicita-la-comparecencia-urgente-del-consejero-por-posible-falsedad-en-documento-publico-de-las-listas-de-espera-sanitaria","status":"publish","type":"post","link":"https:\/\/lavozdehellin.com\/noticias\/v01-106-el-pp-solicita-la-comparecencia-urgente-del-consejero-por-posible-falsedad-en-documento-publico-de-las-listas-de-espera-sanitaria\/","title":{"rendered":"LVH NOTICIAS | EL PP SOLICITA LA COMPARECENCIA URGENTE DEL CONSEJERO POR POSIBLE FALSEDAD EN DOCUMENTO P\u00daBLICO DE LAS LISTAS DE ESPERA SANITARIA"},"content":{"rendered":"<p style=\"text-align: justify;\">El portavoz de Sanidad del Grupo Parlamentario Popular en las Cortes de Castilla-La Mancha, Carlos Vel\u00e1zquez, ha solicitado hoy la comparecencia urgente del consejero de Sanidad por posible falsedad en documento p\u00fablico de las listas de espera sanitarias en la regi\u00f3n.<\/p>\n<p><!--more--><br \/>\n<!--publicidad-voz01--><a href=\"https:\/\/www.facebook.com\/SoloRadioHellin\/?locale=es_ES\"><img decoding=\"async\" class=\"alignnone size-medium\" src=\"https:\/\/blogger.googleusercontent.com\/img\/b\/R29vZ2xl\/AVvXsEiNncirNnyGedv00mhjZjh5Wl4_YPdJGanoAl8tL8zH-HwqE8uHqjEfSt340RHdx-9tuCSIkZ8rFamZiGyYlgDGxCsmXjCH_1xk5eYM3ntFZRvJP_jndOKR7w1UAo9Tu0vrZyOLfqRpHIxYI5SymJJ-pfGCQw6QVpggBH-UgfjiFQ2JOxqxG0Jx94kW83c\/s1600\/logo-principal.jpg\" width=\"100%\" height=\"100\" \/><\/a><!--bestpublic-voz01--><!--desk-in-out-voz01--><br \/>\n<!--publicidad-voz02--><a href=\"https:\/\/www.hellincf.com\/\"><img decoding=\"async\" class=\"alignnone size-medium\" src=\"https:\/\/blogger.googleusercontent.com\/img\/b\/R29vZ2xl\/AVvXsEhuZ4-XfBVj3UtdP8-RZugy3WVrg-Zv28c53m4oV47qYCxL1rX_dqWX_YddsGSnpH5SRDqZ7bZeKPIfDVCDncpjVlhy3aQs2vojcJBn7Gdv9hC2_Nzct_pRFrnFE1a7KTCdY1bT_kAgnY3-iadRZrGeJf1fR2P5fu11bokx0pWjaypoy-ctwCjklldpEbA\/s1600\/logo-principal7.jpg\" width=\"100%\" height=\"100\" \/><\/a><!--bestpublic-voz02--><!--desk-in-out-voz02--><\/p>\n<p style=\"text-align: justify;\">As\u00ed se ha pronunciado Vel\u00e1zquez en rueda de prensa, donde ha anunciado que el PP ha registrado en las Cortes Regionales la petici\u00f3n de comparecencia del consejero de Sanidad por la discrepancia entre los datos de listas de espera publicados en la web oficial del SESCAM y lo publicado en el documento interno del Servicio de Admisi\u00f3n y Documentaci\u00f3n del Hospital de Hell\u00edn.<\/p>\n<p style=\"text-align: justify;\">Vel\u00e1zquez se ha referido al informe elaborado por los profesionales sanitarios del Hospital de Hell\u00edn sobre las listas de espera sanitaria, en el que se refleja que los \u00faltimos datos publicados del mes de mayo de 2018 el SESCAM asegura que hay 716 personas esperando para ser intervenidos, mientras que el Hospital albacete\u00f1o indica que hay 1.074 pacientes.<\/p>\n<p style=\"text-align: justify;\">Adem\u00e1s de esto, el parlamentario popular ha recordado que en los datos de las listas de espera del mes de enero, hay una \u201cdiscrepancia\u201d de 300 personas, en relaci\u00f3n a los datos publicados por el SESCAM.<\/p>\n<p style=\"text-align: justify;\">En este sentido, Vel\u00e1zquez ha denunciado que desde el pasado jueves (cuando sali\u00f3 a la luz dicho documento), ni Page ni el consejero de Sanidad han salido a dar las explicaciones oportunas sobre este esc\u00e1ndalo.<\/p>\n<p style=\"text-align: justify;\">Vel\u00e1zquez ha recordado que el PP viene denunciando la posible falsedad de los datos de listas de espera sanitaria de Castilla-La Mancha y est\u00e1 estudiando la posibilidad de emprender acciones legales por un posible caso de falsedad en documento p\u00fablico.<\/p>\n<p style=\"text-align: justify;\">Seg\u00fan Vel\u00e1zquez, esta falsificaci\u00f3n en los datos de listas de espera sanitaria podr\u00eda estar ocurriendo en otros hospitales de Castila-La Mancha.<\/p>\n<p style=\"text-align: justify;\">Por otra parte, el dirigente popular ha se\u00f1alado que la comisi\u00f3n de Sanidad del pr\u00f3ximo mi\u00e9rcoles va a tener lugar con un retraso de m\u00e1s de un a\u00f1o, ya que el PP la solicit\u00f3 el pasado 11 de mayo de 2017.<\/p>\n<p><!--publicidad-voz03--><a href=\"https:\/\/www.facebook.com\/profile.php?id=100063593791305&amp;locale=es_ES\"><img decoding=\"async\" class=\"alignnone size-medium\" src=\"https:\/\/blogger.googleusercontent.com\/img\/b\/R29vZ2xl\/AVvXsEi8_n_ll8UOcGxCqzFvb_9Io4ICczlGC990BPtPj2w9Px-u7B3oqWUW5vtjZUqPNJ-nyjiUIorE0ATsib_l5tV8BVN-UJ03RTnU__IHJF_4DgDBtY4LIqXNG-FomrO-7ywes20CBCRM2Hcm7EJSh3UUw1dO-c_uTflUrtgY1i7uBRezj_DpympmEFkfbQY\/s1600\/logo-principal2.jpg\" width=\"100%\" height=\"100\" \/><\/a><!--bestpublic-voz03--><!--desk-in-out-voz03--><br \/>\n<!--publicidad-voz04--><a href=\"https:\/\/www.facebook.com\/profile.php?id=61557370768692&amp;locale=es_ES\"><img decoding=\"async\" class=\"alignnone size-medium\" src=\"https:\/\/blogger.googleusercontent.com\/img\/b\/R29vZ2xl\/AVvXsEgy5RdcfffrnrItnYTcV9bCJjgJwldsQLWssfVfrLbyfXeBNTFKgBf0rMIvhrUaGUhiXzVr9_eQgCbi-j63ZDpfTvLIty9w7s140y-m1yHe7eKmEK7v2NAHUJDVYGdfeiQFeRCqUjdwWmN1MX_AUxxz4IVdJ4WIM0APxit8bjWkXzrnEFGqBvW_1F13H1g\/s1600\/logo-principal5.jpg\" width=\"100%\" height=\"100\" \/><\/a><!--bestpublic-voz04--><!--desk-in-out-voz04--><br \/>\n<!--publicidad-voz05--><a href=\"https:\/\/www.facebook.com\/asociaciontamborileroshellin?locale=es_ES\"><img decoding=\"async\" class=\"alignnone size-medium\" src=\"https:\/\/blogger.googleusercontent.com\/img\/b\/R29vZ2xl\/AVvXsEhHEEpZsKK1VpwiYMrS7aE2ujtqIDZoLd4B5wtbiseSU9s2HdTdQfhF84So2XwEB1fv0BLw95GADm6hUl1bkKtzh-eIgVigXONuu_5RxeIMPhjk8q6uNX4EaEHbooKkbu7pCADWPpVJjhKIH5NQSJpWqedC-YBez4QAQeJYokkLot9bhrIaUAeztsGis6M\/s1600\/logo-principal3.jpg\" width=\"100%\" height=\"100\" \/><\/a><!--bestpublic-voz05--><!--desk-in-out-voz05--><br \/>\n<!--publicidad-voz06--><!--bestpublic-voz06--><!--desk-in-out-voz06--><br \/>\n<!--publicidad-voz07--><!--bestpublic-voz07--><!--desk-in-out-voz07--><br \/>\n<!--publicidad-voz08--><!--bestpublic-voz08--><!--desk-in-out-voz08--><br \/>\n<!--publicidad-voz09--><!--bestpublic-voz09--><!--desk-in-out-voz09--><br \/>\n<!--publicidad-voz10--><!--bestpublic-voz10--><!--desk-in-out-voz10--><br \/>\n<!--publicidad-voz11--><!--bestpublic-voz11--><!--desk-in-out-voz11--><br \/>\n<!--publicidad-voz12--><!--bestpublic-voz12--><!--desk-in-out-voz12--><br \/>\n<!--publicidad-voz13--><!--bestpublic-voz13--><!--desk-in-out-voz13--><br \/>\n<!--publicidad-voz14--><!--bestpublic-voz14--><!--desk-in-out-voz14--><br \/>\n<!--publicidad-voz15--><!--bestpublic-voz15--><!--desk-in-out-voz15--><br \/>\n<!--publicidad-voz16--><!--bestpublic-voz16--><!--desk-in-out-voz16--><\/p>\n","protected":false},"excerpt":{"rendered":"<p>EL PP SOLICITA LA COMPARECENCIA URGENTE DEL CONSEJERO POR POSIBLE FALSEDAD EN DOCUMENTO P\u00daBLICO DE LAS LISTAS DE ESPERA SANITARIA<\/p>\n","protected":false},"author":2,"featured_media":90579,"comment_status":"closed","ping_status":"closed","sticky":false,"template":"","format":"standard","meta":{"footnotes":""},"categories":[723,718,715,716,717],"tags":[],"class_list":["post-102527","post","type-post","status-publish","format-standard","has-post-thumbnail","hentry","category-blog-lv005","category-blogger","category-la-voz-de-hellin","category-la-voz-de-hellin-la-voz-de-hellin","category-noticias"],"_links":{"self":[{"href":"https:\/\/lavozdehellin.com\/noticias\/wp-json\/wp\/v2\/posts\/102527","targetHints":{"allow":["GET"]}}],"collection":[{"href":"https:\/\/lavozdehellin.com\/noticias\/wp-json\/wp\/v2\/posts"}],"about":[{"href":"https:\/\/lavozdehellin.com\/noticias\/wp-json\/wp\/v2\/types\/post"}],"author":[{"embeddable":true,"href":"https:\/\/lavozdehellin.com\/noticias\/wp-json\/wp\/v2\/users\/2"}],"replies":[{"embeddable":true,"href":"https:\/\/lavozdehellin.com\/noticias\/wp-json\/wp\/v2\/comments?post=102527"}],"version-history":[{"count":0,"href":"https:\/\/lavozdehellin.com\/noticias\/wp-json\/wp\/v2\/posts\/102527\/revisions"}],"wp:featuredmedia":[{"embeddable":true,"href":"https:\/\/lavozdehellin.com\/noticias\/wp-json\/wp\/v2\/media\/90579"}],"wp:attachment":[{"href":"https:\/\/lavozdehellin.com\/noticias\/wp-json\/wp\/v2\/media?parent=102527"}],"wp:term":[{"taxonomy":"category","embeddable":true,"href":"https:\/\/lavozdehellin.com\/noticias\/wp-json\/wp\/v2\/categories?post=102527"},{"taxonomy":"post_tag","embeddable":true,"href":"https:\/\/lavozdehellin.com\/noticias\/wp-json\/wp\/v2\/tags?post=102527"}],"curies":[{"name":"wp","href":"https:\/\/api.w.org\/{rel}","templated":true}]}}