{"id":102529,"date":"2018-07-17T09:30:37","date_gmt":"2018-07-17T09:30:37","guid":{"rendered":"https:\/\/lavozdehellin.com\/noticias\/v01-108-la-gerencia-de-atencion-integrada-de-hellin-mejora-el-confort-de-los-familiares-de-pacientes-ingresados-en-la-unidad-de-cuidados-intensivos\/"},"modified":"2024-01-04T14:08:54","modified_gmt":"2024-01-04T14:08:54","slug":"v01-108-la-gerencia-de-atencion-integrada-de-hellin-mejora-el-confort-de-los-familiares-de-pacientes-ingresados-en-la-unidad-de-cuidados-intensivos","status":"publish","type":"post","link":"https:\/\/lavozdehellin.com\/noticias\/v01-108-la-gerencia-de-atencion-integrada-de-hellin-mejora-el-confort-de-los-familiares-de-pacientes-ingresados-en-la-unidad-de-cuidados-intensivos\/","title":{"rendered":"LVH NOTICIAS | LA GERENCIA DE ATENCI\u00d3N INTEGRADA DE HELL\u00cdN MEJORA EL CONFORT DE LOS FAMILIARES DE PACIENTES INGRESADOS EN LA UNIDAD DE CUIDADOS INTENSIVOS"},"content":{"rendered":"<p style=\"text-align: justify;\">El nuevo espacio de alojamiento excepcional dispone de dos habitaciones climatizadas, cocina-estar y aseo con ducha para proporcionar un mejor descanso.<\/p>\n<p><!--more--><br \/>\n<!--publicidad-voz01--><a href=\"https:\/\/www.facebook.com\/SoloRadioHellin\/?locale=es_ES\"><img decoding=\"async\" class=\"alignnone size-medium\" src=\"https:\/\/blogger.googleusercontent.com\/img\/b\/R29vZ2xl\/AVvXsEiNncirNnyGedv00mhjZjh5Wl4_YPdJGanoAl8tL8zH-HwqE8uHqjEfSt340RHdx-9tuCSIkZ8rFamZiGyYlgDGxCsmXjCH_1xk5eYM3ntFZRvJP_jndOKR7w1UAo9Tu0vrZyOLfqRpHIxYI5SymJJ-pfGCQw6QVpggBH-UgfjiFQ2JOxqxG0Jx94kW83c\/s1600\/logo-principal.jpg\" width=\"100%\" height=\"100\" \/><\/a><!--bestpublic-voz01--><!--desk-in-out-voz01--><br \/>\n<!--publicidad-voz02--><a href=\"https:\/\/www.hellincf.com\/\"><img decoding=\"async\" class=\"alignnone size-medium\" src=\"https:\/\/blogger.googleusercontent.com\/img\/b\/R29vZ2xl\/AVvXsEhuZ4-XfBVj3UtdP8-RZugy3WVrg-Zv28c53m4oV47qYCxL1rX_dqWX_YddsGSnpH5SRDqZ7bZeKPIfDVCDncpjVlhy3aQs2vojcJBn7Gdv9hC2_Nzct_pRFrnFE1a7KTCdY1bT_kAgnY3-iadRZrGeJf1fR2P5fu11bokx0pWjaypoy-ctwCjklldpEbA\/s1600\/logo-principal7.jpg\" width=\"100%\" height=\"100\" \/><\/a><!--bestpublic-voz02--><!--desk-in-out-voz02--><\/p>\n<p style=\"text-align: justify;\">La Gerencia de Atenci\u00f3n Integrada de Hell\u00edn, dependiente del Servicio de Salud de Castilla-La Mancha, contin\u00faa mejorando las condiciones de confort para los familiares de pacientes cr\u00edticos ingresados en la Unidad de Cuidados Intensivos. Para ello, una de las \u00faltimas medidas que ha adoptado ha sido la habilitaci\u00f3n de una residencia compuesta por dos habitaciones climatizadas, cocina-estar con televisi\u00f3n, nevera y horno, as\u00ed como un aseo con ducha.<\/p>\n<p style=\"text-align: justify;\">Una nuevo espacio construido dentro del propio Hospital que permitir\u00e1 una estancia temporal de aquellas personas cuyos familiares deben permanecer hospitalizados durante un largo periodo de tiempo, que tienen su residencia lejos de Hell\u00edn y adem\u00e1s no disponen de medios para desplazarse de manera \u00e1gil a su domicilio.<\/p>\n<p style=\"text-align: justify;\">Para la correcta gesti\u00f3n de este nuevo espacio, se ha creado un procedimiento que se complementa con el ya existente para el alojamiento de familiares en una habitaci\u00f3n de la segunda planta.<\/p>\n<p style=\"text-align: justify;\">Esta nueva medida se suma a las que ya ha puesto en marcha la GAI de Hell\u00edn durante los \u00faltimos meses gracias a la implicaci\u00f3n y propuestas del Servicio de Cuidados Cr\u00edticos e Intermedios.<\/p>\n<p style=\"text-align: justify;\">As\u00ed, la ampliaci\u00f3n del horario de visitas ha sido muy bien valorado por los propios familiares, como as\u00ed se constata en una reciente encuesta interna realizada por el propio Servicio. \u00c9sta era una demanda mayoritaria que ha permitido abandonar las antiguas costumbres de la \u201cUCI cerrada\u201d.<\/p>\n<p style=\"text-align: justify;\">Igualmente se ha creado la figura del Cuidador Principal, que le permite acompa\u00f1ar al paciente durante pr\u00e1cticamente todo el d\u00eda. Se trata de un familiar que act\u00faa como interlocutor principal y por eso se le dota de un r\u00e9gimen especial de visitas ampliado y flexible y adem\u00e1s est\u00e1 en todo momento identificado.<\/p>\n<p style=\"text-align: justify;\">Una medida m\u00e1s del Plan de Humanizaci\u00f3n y que ha sido calificada como sobresaliente por los propios familiares, as\u00ed como los cuidados que presta el personal de enfermer\u00eda y la informaci\u00f3n que reciben de los especialistas.<\/p>\n<p style=\"text-align: justify;\">Fruto de esta voluntad de la Gerencia de ampliar el confort de los familiares, se ha firmado un convenio de colaboraci\u00f3n con la Asociaci\u00f3n Espa\u00f1ola Contra el C\u00e1ncer para la participaci\u00f3n de voluntarios en el acompa\u00f1amiento de los pacientes que carecen de familia pr\u00f3xima.<\/p>\n<p style=\"text-align: justify;\">En definitiva, y como explican los propios profesionales, \u201ccuando atendemos a un paciente enfermo, atendemos tambi\u00e9n a una familia que sufre\u201d y este motivo es m\u00e1s que suficiente para mejorar cuanto sea posible el confort y la estancia de los familiares.<\/p>\n<p><!--publicidad-voz03--><a href=\"https:\/\/www.facebook.com\/profile.php?id=100063593791305&amp;locale=es_ES\"><img decoding=\"async\" class=\"alignnone size-medium\" src=\"https:\/\/blogger.googleusercontent.com\/img\/b\/R29vZ2xl\/AVvXsEi8_n_ll8UOcGxCqzFvb_9Io4ICczlGC990BPtPj2w9Px-u7B3oqWUW5vtjZUqPNJ-nyjiUIorE0ATsib_l5tV8BVN-UJ03RTnU__IHJF_4DgDBtY4LIqXNG-FomrO-7ywes20CBCRM2Hcm7EJSh3UUw1dO-c_uTflUrtgY1i7uBRezj_DpympmEFkfbQY\/s1600\/logo-principal2.jpg\" width=\"100%\" height=\"100\" \/><\/a><!--bestpublic-voz03--><!--desk-in-out-voz03--><br \/>\n<!--publicidad-voz04--><a href=\"https:\/\/www.facebook.com\/profile.php?id=61557370768692&amp;locale=es_ES\"><img decoding=\"async\" class=\"alignnone size-medium\" src=\"https:\/\/blogger.googleusercontent.com\/img\/b\/R29vZ2xl\/AVvXsEgy5RdcfffrnrItnYTcV9bCJjgJwldsQLWssfVfrLbyfXeBNTFKgBf0rMIvhrUaGUhiXzVr9_eQgCbi-j63ZDpfTvLIty9w7s140y-m1yHe7eKmEK7v2NAHUJDVYGdfeiQFeRCqUjdwWmN1MX_AUxxz4IVdJ4WIM0APxit8bjWkXzrnEFGqBvW_1F13H1g\/s1600\/logo-principal5.jpg\" width=\"100%\" height=\"100\" \/><\/a><!--bestpublic-voz04--><!--desk-in-out-voz04--><br \/>\n<!--publicidad-voz05--><a href=\"https:\/\/www.facebook.com\/asociaciontamborileroshellin?locale=es_ES\"><img decoding=\"async\" class=\"alignnone size-medium\" src=\"https:\/\/blogger.googleusercontent.com\/img\/b\/R29vZ2xl\/AVvXsEhHEEpZsKK1VpwiYMrS7aE2ujtqIDZoLd4B5wtbiseSU9s2HdTdQfhF84So2XwEB1fv0BLw95GADm6hUl1bkKtzh-eIgVigXONuu_5RxeIMPhjk8q6uNX4EaEHbooKkbu7pCADWPpVJjhKIH5NQSJpWqedC-YBez4QAQeJYokkLot9bhrIaUAeztsGis6M\/s1600\/logo-principal3.jpg\" width=\"100%\" height=\"100\" \/><\/a><!--bestpublic-voz05--><!--desk-in-out-voz05--><br \/>\n<!--publicidad-voz06--><!--bestpublic-voz06--><!--desk-in-out-voz06--><br \/>\n<!--publicidad-voz07--><!--bestpublic-voz07--><!--desk-in-out-voz07--><br \/>\n<!--publicidad-voz08--><!--bestpublic-voz08--><!--desk-in-out-voz08--><br \/>\n<!--publicidad-voz09--><!--bestpublic-voz09--><!--desk-in-out-voz09--><br \/>\n<!--publicidad-voz10--><!--bestpublic-voz10--><!--desk-in-out-voz10--><br \/>\n<!--publicidad-voz11--><!--bestpublic-voz11--><!--desk-in-out-voz11--><br \/>\n<!--publicidad-voz12--><!--bestpublic-voz12--><!--desk-in-out-voz12--><br \/>\n<!--publicidad-voz13--><!--bestpublic-voz13--><!--desk-in-out-voz13--><br \/>\n<!--publicidad-voz14--><!--bestpublic-voz14--><!--desk-in-out-voz14--><br \/>\n<!--publicidad-voz15--><!--bestpublic-voz15--><!--desk-in-out-voz15--><br \/>\n<!--publicidad-voz16--><!--bestpublic-voz16--><!--desk-in-out-voz16--><\/p>\n","protected":false},"excerpt":{"rendered":"<p>LA GERENCIA DE ATENCI\u00d3N INTEGRADA DE HELL\u00cdN MEJORA EL CONFORT DE LOS FAMILIARES DE PACIENTES INGRESADOS EN LA UNIDAD DE CUIDADOS INTENSIVOS<\/p>\n","protected":false},"author":2,"featured_media":90585,"comment_status":"closed","ping_status":"closed","sticky":false,"template":"","format":"standard","meta":{"footnotes":""},"categories":[723,718,715,716,717],"tags":[],"class_list":["post-102529","post","type-post","status-publish","format-standard","has-post-thumbnail","hentry","category-blog-lv005","category-blogger","category-la-voz-de-hellin","category-la-voz-de-hellin-la-voz-de-hellin","category-noticias"],"_links":{"self":[{"href":"https:\/\/lavozdehellin.com\/noticias\/wp-json\/wp\/v2\/posts\/102529","targetHints":{"allow":["GET"]}}],"collection":[{"href":"https:\/\/lavozdehellin.com\/noticias\/wp-json\/wp\/v2\/posts"}],"about":[{"href":"https:\/\/lavozdehellin.com\/noticias\/wp-json\/wp\/v2\/types\/post"}],"author":[{"embeddable":true,"href":"https:\/\/lavozdehellin.com\/noticias\/wp-json\/wp\/v2\/users\/2"}],"replies":[{"embeddable":true,"href":"https:\/\/lavozdehellin.com\/noticias\/wp-json\/wp\/v2\/comments?post=102529"}],"version-history":[{"count":0,"href":"https:\/\/lavozdehellin.com\/noticias\/wp-json\/wp\/v2\/posts\/102529\/revisions"}],"wp:featuredmedia":[{"embeddable":true,"href":"https:\/\/lavozdehellin.com\/noticias\/wp-json\/wp\/v2\/media\/90585"}],"wp:attachment":[{"href":"https:\/\/lavozdehellin.com\/noticias\/wp-json\/wp\/v2\/media?parent=102529"}],"wp:term":[{"taxonomy":"category","embeddable":true,"href":"https:\/\/lavozdehellin.com\/noticias\/wp-json\/wp\/v2\/categories?post=102529"},{"taxonomy":"post_tag","embeddable":true,"href":"https:\/\/lavozdehellin.com\/noticias\/wp-json\/wp\/v2\/tags?post=102529"}],"curies":[{"name":"wp","href":"https:\/\/api.w.org\/{rel}","templated":true}]}}