{"id":102532,"date":"2018-07-11T10:49:39","date_gmt":"2018-07-11T10:49:39","guid":{"rendered":"https:\/\/lavozdehellin.com\/noticias\/v01-111-el-programa-de-termalismo-terapeutico-del-gobierno-de-castilla-la-mancha-para-personas-con-parkinson-se-desarrollara-en-el-mes-de-agosto\/"},"modified":"2024-01-04T14:08:54","modified_gmt":"2024-01-04T14:08:54","slug":"v01-111-el-programa-de-termalismo-terapeutico-del-gobierno-de-castilla-la-mancha-para-personas-con-parkinson-se-desarrollara-en-el-mes-de-agosto","status":"publish","type":"post","link":"https:\/\/lavozdehellin.com\/noticias\/v01-111-el-programa-de-termalismo-terapeutico-del-gobierno-de-castilla-la-mancha-para-personas-con-parkinson-se-desarrollara-en-el-mes-de-agosto\/","title":{"rendered":"LVH NOTICIAS | EL PROGRAMA DE TERMALISMO TERAP\u00c9UTICO DEL GOBIERNO DE CASTILLA-LA MANCHA PARA PERSONAS CON P\u00c1RKINSON SE DESARROLLAR\u00c1 EN EL MES DE AGOSTO"},"content":{"rendered":"<p style=\"text-align: justify;\">Se beneficiar\u00e1n alrededor de 200 personas con p\u00e1rkinson, familiares y profesionales, que recibir\u00e1n un tratamiento dirigido a mejorar su calidad de vida durante la estancia y en periodos posteriores.<\/p>\n<p><!--more--><br \/>\n<!--publicidad-voz01--><a href=\"https:\/\/www.facebook.com\/SoloRadioHellin\/?locale=es_ES\"><img decoding=\"async\" class=\"alignnone size-medium\" src=\"https:\/\/blogger.googleusercontent.com\/img\/b\/R29vZ2xl\/AVvXsEiNncirNnyGedv00mhjZjh5Wl4_YPdJGanoAl8tL8zH-HwqE8uHqjEfSt340RHdx-9tuCSIkZ8rFamZiGyYlgDGxCsmXjCH_1xk5eYM3ntFZRvJP_jndOKR7w1UAo9Tu0vrZyOLfqRpHIxYI5SymJJ-pfGCQw6QVpggBH-UgfjiFQ2JOxqxG0Jx94kW83c\/s1600\/logo-principal.jpg\" width=\"100%\" height=\"100\" \/><\/a><!--bestpublic-voz01--><!--desk-in-out-voz01--><br \/>\n<!--publicidad-voz02--><a href=\"https:\/\/www.hellincf.com\/\"><img decoding=\"async\" class=\"alignnone size-medium\" src=\"https:\/\/blogger.googleusercontent.com\/img\/b\/R29vZ2xl\/AVvXsEhuZ4-XfBVj3UtdP8-RZugy3WVrg-Zv28c53m4oV47qYCxL1rX_dqWX_YddsGSnpH5SRDqZ7bZeKPIfDVCDncpjVlhy3aQs2vojcJBn7Gdv9hC2_Nzct_pRFrnFE1a7KTCdY1bT_kAgnY3-iadRZrGeJf1fR2P5fu11bokx0pWjaypoy-ctwCjklldpEbA\/s1600\/logo-principal7.jpg\" width=\"100%\" height=\"100\" \/><\/a><!--bestpublic-voz02--><!--desk-in-out-voz02--><\/p>\n<p style=\"text-align: justify;\">El programa de Termalismo Terap\u00e9utico del Gobierno de Castilla-La Mancha del que se beneficiar\u00e1n alrededor de 200 personas con p\u00e1rkinson, familiares y profesionales se desarrollar\u00e1 en el mes de agosto con el objetivo de que los participantes reciban un tratamiento especializado dirigido a mejorar su calidad de vida durante la estancia y en periodos posteriores.<\/p>\n<p style=\"text-align: justify;\">En concreto, participar\u00e1n en el programa, financiado por la Consejer\u00eda de Bienestar Social, usuarios de las asociaciones de p\u00e1rkinson de Ciudad Real,\u00a0 Puertollano, Talavera de la Reina, Toledo, Cuenca, Villarrobledo, La Roda, Albacete, Hell\u00edn, Almansa y Tomelloso.<\/p>\n<p style=\"text-align: justify;\">Se trata de un programa pionero que persigue varios objetivos: el tratamiento terap\u00e9utico rehabilitador para los enfermos de Parkinson; el respiro hidrotermal para sus cuidadores junto con la adquisici\u00f3n de habilidades y destrezas para la resoluci\u00f3n de conflictos en la prestaci\u00f3n de los cuidados, y la formaci\u00f3n de los profesionales de las diferentes asociaciones junto la unificaci\u00f3n de criterios, m\u00e9todo y metodolog\u00eda de actuaci\u00f3n por parte de las entidades participantes.<\/p>\n<p style=\"text-align: justify;\">El presupuesto para el desarrollo del programa en 2018 asciende a 74.000 euros, un 20 por ciento superior al del pasado a\u00f1o.<\/p>\n<p style=\"text-align: justify;\">El Termalismo Terap\u00e9utico para personas con p\u00e1rkinson se suma al dirigido a personas con alzheimer y con discapacidad, adem\u00e1s del programa de Termalismo Social para personas mayores de 65 a\u00f1os, para el que se han ofertado 5.000 plazas en 2018.<\/p>\n<p style=\"text-align: justify;\">Las estancias son de cinco d\u00edas y cinco noches, con pensi\u00f3n completa, y se ofrece alojamiento y manutenci\u00f3n, tratamiento termal y actividades socioculturales y de ocio.<\/p>\n<p style=\"text-align: justify;\">El programa de Termalismo del Gobierno de Castilla-La Mancha supone un generador de econom\u00eda y empleo en la regi\u00f3n, especialmente en las zonas rurales, ya que mantiene 600 puestos de trabajo directos y 1.700 indirectos.<\/p>\n<p><!--publicidad-voz03--><a href=\"https:\/\/www.facebook.com\/profile.php?id=100063593791305&amp;locale=es_ES\"><img decoding=\"async\" class=\"alignnone size-medium\" src=\"https:\/\/blogger.googleusercontent.com\/img\/b\/R29vZ2xl\/AVvXsEi8_n_ll8UOcGxCqzFvb_9Io4ICczlGC990BPtPj2w9Px-u7B3oqWUW5vtjZUqPNJ-nyjiUIorE0ATsib_l5tV8BVN-UJ03RTnU__IHJF_4DgDBtY4LIqXNG-FomrO-7ywes20CBCRM2Hcm7EJSh3UUw1dO-c_uTflUrtgY1i7uBRezj_DpympmEFkfbQY\/s1600\/logo-principal2.jpg\" width=\"100%\" height=\"100\" \/><\/a><!--bestpublic-voz03--><!--desk-in-out-voz03--><br \/>\n<!--publicidad-voz04--><a href=\"https:\/\/www.facebook.com\/profile.php?id=61557370768692&amp;locale=es_ES\"><img decoding=\"async\" class=\"alignnone size-medium\" src=\"https:\/\/blogger.googleusercontent.com\/img\/b\/R29vZ2xl\/AVvXsEgy5RdcfffrnrItnYTcV9bCJjgJwldsQLWssfVfrLbyfXeBNTFKgBf0rMIvhrUaGUhiXzVr9_eQgCbi-j63ZDpfTvLIty9w7s140y-m1yHe7eKmEK7v2NAHUJDVYGdfeiQFeRCqUjdwWmN1MX_AUxxz4IVdJ4WIM0APxit8bjWkXzrnEFGqBvW_1F13H1g\/s1600\/logo-principal5.jpg\" width=\"100%\" height=\"100\" \/><\/a><!--bestpublic-voz04--><!--desk-in-out-voz04--><br \/>\n<!--publicidad-voz05--><a href=\"https:\/\/www.facebook.com\/asociaciontamborileroshellin?locale=es_ES\"><img decoding=\"async\" class=\"alignnone size-medium\" src=\"https:\/\/blogger.googleusercontent.com\/img\/b\/R29vZ2xl\/AVvXsEhHEEpZsKK1VpwiYMrS7aE2ujtqIDZoLd4B5wtbiseSU9s2HdTdQfhF84So2XwEB1fv0BLw95GADm6hUl1bkKtzh-eIgVigXONuu_5RxeIMPhjk8q6uNX4EaEHbooKkbu7pCADWPpVJjhKIH5NQSJpWqedC-YBez4QAQeJYokkLot9bhrIaUAeztsGis6M\/s1600\/logo-principal3.jpg\" width=\"100%\" height=\"100\" \/><\/a><!--bestpublic-voz05--><!--desk-in-out-voz05--><br \/>\n<!--publicidad-voz06--><!--bestpublic-voz06--><!--desk-in-out-voz06--><br \/>\n<!--publicidad-voz07--><!--bestpublic-voz07--><!--desk-in-out-voz07--><br \/>\n<!--publicidad-voz08--><!--bestpublic-voz08--><!--desk-in-out-voz08--><br \/>\n<!--publicidad-voz09--><!--bestpublic-voz09--><!--desk-in-out-voz09--><br \/>\n<!--publicidad-voz10--><!--bestpublic-voz10--><!--desk-in-out-voz10--><br \/>\n<!--publicidad-voz11--><!--bestpublic-voz11--><!--desk-in-out-voz11--><br \/>\n<!--publicidad-voz12--><!--bestpublic-voz12--><!--desk-in-out-voz12--><br \/>\n<!--publicidad-voz13--><!--bestpublic-voz13--><!--desk-in-out-voz13--><br \/>\n<!--publicidad-voz14--><!--bestpublic-voz14--><!--desk-in-out-voz14--><br \/>\n<!--publicidad-voz15--><!--bestpublic-voz15--><!--desk-in-out-voz15--><br \/>\n<!--publicidad-voz16--><!--bestpublic-voz16--><!--desk-in-out-voz16--><\/p>\n","protected":false},"excerpt":{"rendered":"<p>EL  PROGRAMA DE TERMALISMO TERAP\u00c9UTICO DEL GOBIERNO DE CASTILLA-LA MANCHA PARA PERSONAS CON P\u00c1RKINSON SE DESARROLLAR\u00c1 EN EL MES DE AGOSTO<\/p>\n","protected":false},"author":2,"featured_media":90579,"comment_status":"closed","ping_status":"closed","sticky":false,"template":"","format":"standard","meta":{"footnotes":""},"categories":[723,718,715,716,717],"tags":[],"class_list":["post-102532","post","type-post","status-publish","format-standard","has-post-thumbnail","hentry","category-blog-lv005","category-blogger","category-la-voz-de-hellin","category-la-voz-de-hellin-la-voz-de-hellin","category-noticias"],"_links":{"self":[{"href":"https:\/\/lavozdehellin.com\/noticias\/wp-json\/wp\/v2\/posts\/102532","targetHints":{"allow":["GET"]}}],"collection":[{"href":"https:\/\/lavozdehellin.com\/noticias\/wp-json\/wp\/v2\/posts"}],"about":[{"href":"https:\/\/lavozdehellin.com\/noticias\/wp-json\/wp\/v2\/types\/post"}],"author":[{"embeddable":true,"href":"https:\/\/lavozdehellin.com\/noticias\/wp-json\/wp\/v2\/users\/2"}],"replies":[{"embeddable":true,"href":"https:\/\/lavozdehellin.com\/noticias\/wp-json\/wp\/v2\/comments?post=102532"}],"version-history":[{"count":0,"href":"https:\/\/lavozdehellin.com\/noticias\/wp-json\/wp\/v2\/posts\/102532\/revisions"}],"wp:featuredmedia":[{"embeddable":true,"href":"https:\/\/lavozdehellin.com\/noticias\/wp-json\/wp\/v2\/media\/90579"}],"wp:attachment":[{"href":"https:\/\/lavozdehellin.com\/noticias\/wp-json\/wp\/v2\/media?parent=102532"}],"wp:term":[{"taxonomy":"category","embeddable":true,"href":"https:\/\/lavozdehellin.com\/noticias\/wp-json\/wp\/v2\/categories?post=102532"},{"taxonomy":"post_tag","embeddable":true,"href":"https:\/\/lavozdehellin.com\/noticias\/wp-json\/wp\/v2\/tags?post=102532"}],"curies":[{"name":"wp","href":"https:\/\/api.w.org\/{rel}","templated":true}]}}