{"id":102533,"date":"2018-07-11T10:40:36","date_gmt":"2018-07-11T10:40:36","guid":{"rendered":"https:\/\/lavozdehellin.com\/noticias\/v01-112-el-gobierno-regional-prioriza-proyectos-economicos-y-sociales-del-grupo-de-accion-local-sierra-del-segura-para-su-ejecucion-antes-del-2022\/"},"modified":"2024-01-04T14:08:54","modified_gmt":"2024-01-04T14:08:54","slug":"v01-112-el-gobierno-regional-prioriza-proyectos-economicos-y-sociales-del-grupo-de-accion-local-sierra-del-segura-para-su-ejecucion-antes-del-2022","status":"publish","type":"post","link":"https:\/\/lavozdehellin.com\/noticias\/v01-112-el-gobierno-regional-prioriza-proyectos-economicos-y-sociales-del-grupo-de-accion-local-sierra-del-segura-para-su-ejecucion-antes-del-2022\/","title":{"rendered":"LVH NOTICIAS | EL GOBIERNO REGIONAL PRIORIZA PROYECTOS ECON\u00d3MICOS Y SOCIALES DEL GRUPO DE ACCI\u00d3N LOCAL \u201cSIERRA DEL SEGURA\u201d PARA SU EJECUCI\u00d3N ANTES DEL 2022"},"content":{"rendered":"<p style=\"text-align: justify;\">La nueva se\u00f1alizaci\u00f3n de senderos, recopilaci\u00f3n de fotos antiguas, un centro de fisioterapia, ampliar el servicios de recogida de residuos s\u00f3lidos urbanos, equipos inform\u00e1ticos, un centro de d\u00eda y un centro ocupacional, una piscina, la modernizaci\u00f3n del proyecto ecol\u00f3gico \u201cRinc\u00f3n del Segura\u201d, la III edici\u00f3n del Festival Cultural de Yetas, y un curso de confecci\u00f3n, son los proyectos que se desarrollar\u00e1n tras el impulso recibido por fondos europeos.<\/p>\n<p><!--more--><br \/>\n<!--publicidad-voz01--><a href=\"https:\/\/www.facebook.com\/SoloRadioHellin\/?locale=es_ES\"><img decoding=\"async\" class=\"alignnone size-medium\" src=\"https:\/\/blogger.googleusercontent.com\/img\/b\/R29vZ2xl\/AVvXsEiNncirNnyGedv00mhjZjh5Wl4_YPdJGanoAl8tL8zH-HwqE8uHqjEfSt340RHdx-9tuCSIkZ8rFamZiGyYlgDGxCsmXjCH_1xk5eYM3ntFZRvJP_jndOKR7w1UAo9Tu0vrZyOLfqRpHIxYI5SymJJ-pfGCQw6QVpggBH-UgfjiFQ2JOxqxG0Jx94kW83c\/s1600\/logo-principal.jpg\" width=\"100%\" height=\"100\" \/><\/a><!--bestpublic-voz01--><!--desk-in-out-voz01--><br \/>\n<!--publicidad-voz02--><a href=\"https:\/\/www.hellincf.com\/\"><img decoding=\"async\" class=\"alignnone size-medium\" src=\"https:\/\/blogger.googleusercontent.com\/img\/b\/R29vZ2xl\/AVvXsEhuZ4-XfBVj3UtdP8-RZugy3WVrg-Zv28c53m4oV47qYCxL1rX_dqWX_YddsGSnpH5SRDqZ7bZeKPIfDVCDncpjVlhy3aQs2vojcJBn7Gdv9hC2_Nzct_pRFrnFE1a7KTCdY1bT_kAgnY3-iadRZrGeJf1fR2P5fu11bokx0pWjaypoy-ctwCjklldpEbA\/s1600\/logo-principal7.jpg\" width=\"100%\" height=\"100\" \/><\/a><!--bestpublic-voz02--><!--desk-in-out-voz02--><\/p>\n<p style=\"text-align: justify;\">El Gobierno regional ha recordado hoy que el Grupo de Acci\u00f3n Local de la Sierra del Segura recibir\u00e1 4,5 millones de euros de fondos LEADER, en el periodo 2016-2022, con una primera asignaci\u00f3n de 3,1 millones entre 2016 y 2019, y algo m\u00e1s de 1,3 millones de euros, en el horizonte 2020-2022.<\/p>\n<p style=\"text-align: justify;\">As\u00ed lo ha puesto de manifiesto el delegado de la Junta en Albacete, Pedro Antonio Ruiz Santos durante la firma de los contratos entre este Grupo de Acci\u00f3n Local y 10 promotores de diferentes proyectos relacionados con el turismo rural, los servicios sociosanitarios, la dinamizaci\u00f3n cultural, la recuperaci\u00f3n del patrimonio, implantaci\u00f3n telem\u00e1tica, instalaciones deportivas, y otros servicios para poblaci\u00f3n y los pueblos de esta comarca albacete\u00f1a, realizado en el Consistorio de Elche de la Sierra.<\/p>\n<p style=\"text-align: justify;\">Estos contratos suponen una inversi\u00f3n de 476.947 euros, recibiendo 223.830 euros de ayuda FEADER establecida en el Programa de Desarrollo Rural (PDR) con un 90 por ciento; 17.400 euros de la Junta de Comunidades de Castilla-La Mancha a la que le corresponde el 7 por ciento, y algo m\u00e1s de 7.000 euros del Ministerio para la Transici\u00f3n Ecol\u00f3gica, cuya asignaci\u00f3n es de un 3 por ciento para la Administraci\u00f3n General del Estado.<\/p>\n<p style=\"text-align: justify;\">Ruiz Santos que ha estado acompa\u00f1ado del director provincial de Agricultura, Medio Ambiente y Desarrollo Rural, Manuel Miranda; la presidenta del Grupo de Acci\u00f3n Local \u201cSierra del Segura\u201d, Cortes Buend\u00eda; y de la alcaldesa de Elche de la Sierra, Raquel Ruiz, ha recordado que \u201cel Gobierno regional establece en la normativa reguladora de estas ayudas, la necesidad de fijar unos criterios que den prioridad a la creaci\u00f3n de empleo, emprendimiento femenino, impulso de zonas m\u00e1s desfavorecidas o en los municipios de menor poblaci\u00f3n.<\/p>\n<p style=\"text-align: justify;\">Proyectos y promotores \u201cSierra del Segura\u201d<\/p>\n<p style=\"text-align: justify;\">Los proyectos contemplados en la firma de hoy contemplan nueva se\u00f1alizaci\u00f3n de senderos, recopilaci\u00f3n de fotos antiguas, un centro de fisioterapia, ampliar el servicios de recogida de residuos s\u00f3lidos urbanos, equipos inform\u00e1ticos, centro de d\u00eda y centro ocupacional, una piscina, la modernizaci\u00f3n del proyecto ecol\u00f3gico \u201cRinc\u00f3n del Segura\u201d, la III edici\u00f3n del Festival Cultural de Yetas, y un curso de confecci\u00f3n.<\/p>\n<p style=\"text-align: justify;\">Los promotores han sido la Asociaci\u00f3n de Amigos de Paterna de Madera, los Ayuntamientos de Socovos y Elche de la Sierra, la Asociaci\u00f3n Cultural \u201cAmigos de Yetas\u201d, y diferentes empresas de Yeste, Molinicos, y Nerpio.<\/p>\n<p style=\"text-align: justify;\">Grupos de Acci\u00f3n Local Albacete<\/p>\n<p style=\"text-align: justify;\">El director provincial de Agricultura, Medio Ambiente y Desarrollo Rural, Manuel Miranda ha remarcado que en Castilla-La Mancha existen 29 grupos de acci\u00f3n local, 6 de ellos en la provincia, con una asignaci\u00f3n de fondos tras el convenio suscrito con la Consejer\u00eda de Agricultura, Medio Ambiente y Desarrollo Rural, de m\u00e1s de 26 millones de euros en Albacete.<\/p>\n<p style=\"text-align: justify;\">Miranda ha recordado que en enero de 2018, se modific\u00f3 de nuevo la Orden LEADER, aplic\u00e1ndose en n\u00facleos de poblaci\u00f3n que superen los 30.000 habitantes, y considerando proyectos productivos intermedios, aquellos llevados a cabo por entidades sin \u00e1nimo de lucro que consistan en gastos o inversiones para la creaci\u00f3n, mejora o ampliaci\u00f3n de servicios b\u00e1sicos locales para la poblaci\u00f3n rural, incluidas las actividades recreativas y culturales y las infraestructuras correspondientes y para el mantenimiento, recuperaci\u00f3n y rehabilitaci\u00f3n del patrimonio rural y cultural. En este caso, las ayudas pueden ascender hasta un 80 por ciento.<\/p>\n<p><!--publicidad-voz03--><a href=\"https:\/\/www.facebook.com\/profile.php?id=100063593791305&amp;locale=es_ES\"><img decoding=\"async\" class=\"alignnone size-medium\" src=\"https:\/\/blogger.googleusercontent.com\/img\/b\/R29vZ2xl\/AVvXsEi8_n_ll8UOcGxCqzFvb_9Io4ICczlGC990BPtPj2w9Px-u7B3oqWUW5vtjZUqPNJ-nyjiUIorE0ATsib_l5tV8BVN-UJ03RTnU__IHJF_4DgDBtY4LIqXNG-FomrO-7ywes20CBCRM2Hcm7EJSh3UUw1dO-c_uTflUrtgY1i7uBRezj_DpympmEFkfbQY\/s1600\/logo-principal2.jpg\" width=\"100%\" height=\"100\" \/><\/a><!--bestpublic-voz03--><!--desk-in-out-voz03--><br \/>\n<!--publicidad-voz04--><a href=\"https:\/\/www.facebook.com\/profile.php?id=61557370768692&amp;locale=es_ES\"><img decoding=\"async\" class=\"alignnone size-medium\" src=\"https:\/\/blogger.googleusercontent.com\/img\/b\/R29vZ2xl\/AVvXsEgy5RdcfffrnrItnYTcV9bCJjgJwldsQLWssfVfrLbyfXeBNTFKgBf0rMIvhrUaGUhiXzVr9_eQgCbi-j63ZDpfTvLIty9w7s140y-m1yHe7eKmEK7v2NAHUJDVYGdfeiQFeRCqUjdwWmN1MX_AUxxz4IVdJ4WIM0APxit8bjWkXzrnEFGqBvW_1F13H1g\/s1600\/logo-principal5.jpg\" width=\"100%\" height=\"100\" \/><\/a><!--bestpublic-voz04--><!--desk-in-out-voz04--><br \/>\n<!--publicidad-voz05--><a href=\"https:\/\/www.facebook.com\/asociaciontamborileroshellin?locale=es_ES\"><img decoding=\"async\" class=\"alignnone size-medium\" src=\"https:\/\/blogger.googleusercontent.com\/img\/b\/R29vZ2xl\/AVvXsEhHEEpZsKK1VpwiYMrS7aE2ujtqIDZoLd4B5wtbiseSU9s2HdTdQfhF84So2XwEB1fv0BLw95GADm6hUl1bkKtzh-eIgVigXONuu_5RxeIMPhjk8q6uNX4EaEHbooKkbu7pCADWPpVJjhKIH5NQSJpWqedC-YBez4QAQeJYokkLot9bhrIaUAeztsGis6M\/s1600\/logo-principal3.jpg\" width=\"100%\" height=\"100\" \/><\/a><!--bestpublic-voz05--><!--desk-in-out-voz05--><br \/>\n<!--publicidad-voz06--><!--bestpublic-voz06--><!--desk-in-out-voz06--><br \/>\n<!--publicidad-voz07--><!--bestpublic-voz07--><!--desk-in-out-voz07--><br \/>\n<!--publicidad-voz08--><!--bestpublic-voz08--><!--desk-in-out-voz08--><br \/>\n<!--publicidad-voz09--><!--bestpublic-voz09--><!--desk-in-out-voz09--><br \/>\n<!--publicidad-voz10--><!--bestpublic-voz10--><!--desk-in-out-voz10--><br \/>\n<!--publicidad-voz11--><!--bestpublic-voz11--><!--desk-in-out-voz11--><br \/>\n<!--publicidad-voz12--><!--bestpublic-voz12--><!--desk-in-out-voz12--><br \/>\n<!--publicidad-voz13--><!--bestpublic-voz13--><!--desk-in-out-voz13--><br \/>\n<!--publicidad-voz14--><!--bestpublic-voz14--><!--desk-in-out-voz14--><br \/>\n<!--publicidad-voz15--><!--bestpublic-voz15--><!--desk-in-out-voz15--><br \/>\n<!--publicidad-voz16--><!--bestpublic-voz16--><!--desk-in-out-voz16--><\/p>\n","protected":false},"excerpt":{"rendered":"<p>EL GOBIERNO REGIONAL PRIORIZA PROYECTOS ECON\u00d3MICOS Y SOCIALES DEL GRUPO DE ACCI\u00d3N LOCAL \u201cSIERRA DEL SEGURA\u201d PARA SU EJECUCI\u00d3N ANTES DEL 2022<\/p>\n","protected":false},"author":2,"featured_media":90580,"comment_status":"closed","ping_status":"closed","sticky":false,"template":"","format":"standard","meta":{"footnotes":""},"categories":[723,718,715,716,717],"tags":[],"class_list":["post-102533","post","type-post","status-publish","format-standard","has-post-thumbnail","hentry","category-blog-lv005","category-blogger","category-la-voz-de-hellin","category-la-voz-de-hellin-la-voz-de-hellin","category-noticias"],"_links":{"self":[{"href":"https:\/\/lavozdehellin.com\/noticias\/wp-json\/wp\/v2\/posts\/102533","targetHints":{"allow":["GET"]}}],"collection":[{"href":"https:\/\/lavozdehellin.com\/noticias\/wp-json\/wp\/v2\/posts"}],"about":[{"href":"https:\/\/lavozdehellin.com\/noticias\/wp-json\/wp\/v2\/types\/post"}],"author":[{"embeddable":true,"href":"https:\/\/lavozdehellin.com\/noticias\/wp-json\/wp\/v2\/users\/2"}],"replies":[{"embeddable":true,"href":"https:\/\/lavozdehellin.com\/noticias\/wp-json\/wp\/v2\/comments?post=102533"}],"version-history":[{"count":0,"href":"https:\/\/lavozdehellin.com\/noticias\/wp-json\/wp\/v2\/posts\/102533\/revisions"}],"wp:featuredmedia":[{"embeddable":true,"href":"https:\/\/lavozdehellin.com\/noticias\/wp-json\/wp\/v2\/media\/90580"}],"wp:attachment":[{"href":"https:\/\/lavozdehellin.com\/noticias\/wp-json\/wp\/v2\/media?parent=102533"}],"wp:term":[{"taxonomy":"category","embeddable":true,"href":"https:\/\/lavozdehellin.com\/noticias\/wp-json\/wp\/v2\/categories?post=102533"},{"taxonomy":"post_tag","embeddable":true,"href":"https:\/\/lavozdehellin.com\/noticias\/wp-json\/wp\/v2\/tags?post=102533"}],"curies":[{"name":"wp","href":"https:\/\/api.w.org\/{rel}","templated":true}]}}