{"id":102534,"date":"2018-07-11T10:26:56","date_gmt":"2018-07-11T10:26:56","guid":{"rendered":"https:\/\/lavozdehellin.com\/noticias\/v01-113-el-gobierno-regional-valora-la-recuperacion-del-campamento-san-juan-en-riopar-para-volver-a-convertirse-en-un-espacio-de-referencia-de-la-red-de-servicios-juveniles-de-la-junta\/"},"modified":"2024-01-04T14:08:54","modified_gmt":"2024-01-04T14:08:54","slug":"v01-113-el-gobierno-regional-valora-la-recuperacion-del-campamento-san-juan-en-riopar-para-volver-a-convertirse-en-un-espacio-de-referencia-de-la-red-de-servicios-juveniles-de-la-junta","status":"publish","type":"post","link":"https:\/\/lavozdehellin.com\/noticias\/v01-113-el-gobierno-regional-valora-la-recuperacion-del-campamento-san-juan-en-riopar-para-volver-a-convertirse-en-un-espacio-de-referencia-de-la-red-de-servicios-juveniles-de-la-junta\/","title":{"rendered":"LVH NOTICIAS | EL GOBIERNO REGIONAL VALORA LA RECUPERACI\u00d3N DEL CAMPAMENTO \u201cSAN JUAN\u201d EN RI\u00d3PAR PARA VOLVER A CONVERTIRSE EN UN ESPACIO DE REFERENCIA DE LA RED DE SERVICIOS JUVENILES DE LA JUNTA"},"content":{"rendered":"<p style=\"text-align: justify;\">El delegado de la Junta en Albacete, Pedro Antonio Ruiz Santos ha conocido la reforma integral desarrollada en este campamento, pr\u00f3ximo al Nacimiento del R\u00edo Mundo y a Ri\u00f3par Viejo, cuya inversi\u00f3n por parte del Gobierno de Castilla-La Mancha ha superado los 100.000 euros, en los dos \u00faltimos a\u00f1os, tras los a\u00f1os de abandono de la pasada legislatura.<\/p>\n<p><!--more--><br \/>\n<!--publicidad-voz01--><a href=\"https:\/\/www.facebook.com\/SoloRadioHellin\/?locale=es_ES\"><img decoding=\"async\" class=\"alignnone size-medium\" src=\"https:\/\/blogger.googleusercontent.com\/img\/b\/R29vZ2xl\/AVvXsEiNncirNnyGedv00mhjZjh5Wl4_YPdJGanoAl8tL8zH-HwqE8uHqjEfSt340RHdx-9tuCSIkZ8rFamZiGyYlgDGxCsmXjCH_1xk5eYM3ntFZRvJP_jndOKR7w1UAo9Tu0vrZyOLfqRpHIxYI5SymJJ-pfGCQw6QVpggBH-UgfjiFQ2JOxqxG0Jx94kW83c\/s1600\/logo-principal.jpg\" width=\"100%\" height=\"100\" \/><\/a><!--bestpublic-voz01--><!--desk-in-out-voz01--><br \/>\n<!--publicidad-voz02--><a href=\"https:\/\/www.hellincf.com\/\"><img decoding=\"async\" class=\"alignnone size-medium\" src=\"https:\/\/blogger.googleusercontent.com\/img\/b\/R29vZ2xl\/AVvXsEhuZ4-XfBVj3UtdP8-RZugy3WVrg-Zv28c53m4oV47qYCxL1rX_dqWX_YddsGSnpH5SRDqZ7bZeKPIfDVCDncpjVlhy3aQs2vojcJBn7Gdv9hC2_Nzct_pRFrnFE1a7KTCdY1bT_kAgnY3-iadRZrGeJf1fR2P5fu11bokx0pWjaypoy-ctwCjklldpEbA\/s1600\/logo-principal7.jpg\" width=\"100%\" height=\"100\" \/><\/a><!--bestpublic-voz02--><!--desk-in-out-voz02--><\/p>\n<p style=\"text-align: justify;\">El Gobierno regional ha valorado la recuperaci\u00f3n experimentada en el Campamento \u201cSan Juan\u201d de la Junta de Comunidades de Castilla-La Mancha, ubicado en el t\u00e9rmino municipal de Ri\u00f3par, durante la presente legislatura, consolid\u00e1ndose como un espacio de ocio, deportivo, actividades al aire libre, y pernoctaciones, de referencia en la red juvenil de la Comunidad Aut\u00f3noma.<\/p>\n<p style=\"text-align: justify;\">El delegado de la Junta en Albacete, Pedro Antonio Ruiz Santos, y el director provincial de Educaci\u00f3n, Cultura y Deporte, Diego P\u00e9rez han visitado hoy, el Campamento \u201cSan Juan\u201d, pr\u00f3ximo al Nacimiento del R\u00edo Mundo y al Casco Antiguo de Ri\u00f3par, en plena Sierra del Segura, para conocer la reforma integral desarrollada en este albergue, cuya inversi\u00f3n por parte del Gobierno de Castilla-La Mancha ha superado los 100.000 euros, en los dos \u00faltimos a\u00f1os.<\/p>\n<p style=\"text-align: justify;\">Ruiz Santos que ha estado acompa\u00f1ado del alcalde de Ri\u00f3par, Federico Moreno; el jefe de Servicio de Juventud y Deportes, Luis Fern\u00e1ndez y el gerente de \u201cAnimarte\u201d, Juan Antonio Aroca, empresa dedicada al mantenimiento y supervisi\u00f3n del campamento, ha conocido las mejoras en la piscina,\u00a0 cocinas, el futuro espacio de almacenamiento, los aseos, el refugio y las 35 caba\u00f1as de las que dispone el Campamento San Juan.<\/p>\n<p style=\"text-align: justify;\">El representante del Ejecutivo auton\u00f3mico ha detallado que en dos anualidades, se han invertido 60.000 euros, el pasado a\u00f1o, para la mejora de los caminos de accesos, pintura, chapa, arreglos exteriores en la piscina, y acondicionamiento de las cocinas y el almac\u00e9n, y en una segunda anualidad, m\u00e1s de 40.000 euros, para la depuradora y turbina de la piscina, su vaso exterior, los tejados, habilitar dos nuevos aseos, sustituci\u00f3n de puertas, iluminaci\u00f3n, acondicionar las caba\u00f1as, y facilitar la accesibilidad para personas con discapacidad.<\/p>\n<p style=\"text-align: justify;\">\u201cEl Campamento San Juan es una de las instalaciones m\u00e1s atractivas que tiene la Junta de Comunidades dedicada a las actividades juveniles\u201d, y ha reconocido el trabajo realizado para consolidar este albergue como \u201cun gran reclamo tur\u00edstico y de ocio\u201d, tanto en \u00e9poca estival, como en invierno, gracias a sus caba\u00f1as, el refugio y el entorno \u201cprivilegiado en el que se encuentra\u201d, ha aseverado Ruiz Santos.<\/p>\n<p style=\"text-align: justify;\">Un a\u00f1o con 8.000 pernoctaciones<\/p>\n<p style=\"text-align: justify;\">Desde el pasado verano de 2017 hasta ahora, este espacio dependiente de la Administraci\u00f3n regional y regentado por \u201cAnimarte\u201d, ha registrado 8.000 pernoctaciones, y durante los meses de verano, est\u00e1 integrado en el calendario de \u201cVerano Joven\u201d con 140 j\u00f3venes diarios en sus instalaciones.<\/p>\n<p style=\"text-align: justify;\">Adem\u00e1s, el refugio con el que cuenta el Albergue \u201cSan Juan\u201d que tambi\u00e9n ha experimentado mejoras y acondicionamientos, tiene plaza para 18 personas, y est\u00e1 siendo muy demandando por senderistas y turistas, con grandes expectativas para el pr\u00f3ximo invierno.<\/p>\n<p style=\"text-align: justify;\">Por \u00faltimo, el delegado de la Junta en Albacete, Pedro Antonio Ruiz Santos ha criticado \u201cel estado de abandono en el que qued\u00f3 el Campamento San Juan, en la pasada legislatura\u201d, y ha apuntado que la empresa \u201cCocinas Centrales\u201d dej\u00f3 una deuda al actual Gobierno regional de m\u00e1s de 60.000 euros, sin embargo, &#8211; ha afirmado- \u201cla voluntad de la Direcci\u00f3n General de Juventud y Deportes, y de la Direcci\u00f3n provincial de Educaci\u00f3n, Cultura y Deportes, y el compromiso del personal de mantenimiento han logrado que estas instalaciones hayan recuperado su atractivo y sus servicios dirigidos a los j\u00f3venes.<\/p>\n<p><!--publicidad-voz03--><a href=\"https:\/\/www.facebook.com\/profile.php?id=100063593791305&amp;locale=es_ES\"><img decoding=\"async\" class=\"alignnone size-medium\" src=\"https:\/\/blogger.googleusercontent.com\/img\/b\/R29vZ2xl\/AVvXsEi8_n_ll8UOcGxCqzFvb_9Io4ICczlGC990BPtPj2w9Px-u7B3oqWUW5vtjZUqPNJ-nyjiUIorE0ATsib_l5tV8BVN-UJ03RTnU__IHJF_4DgDBtY4LIqXNG-FomrO-7ywes20CBCRM2Hcm7EJSh3UUw1dO-c_uTflUrtgY1i7uBRezj_DpympmEFkfbQY\/s1600\/logo-principal2.jpg\" width=\"100%\" height=\"100\" \/><\/a><!--bestpublic-voz03--><!--desk-in-out-voz03--><br \/>\n<!--publicidad-voz04--><a href=\"https:\/\/www.facebook.com\/profile.php?id=61557370768692&amp;locale=es_ES\"><img decoding=\"async\" class=\"alignnone size-medium\" src=\"https:\/\/blogger.googleusercontent.com\/img\/b\/R29vZ2xl\/AVvXsEgy5RdcfffrnrItnYTcV9bCJjgJwldsQLWssfVfrLbyfXeBNTFKgBf0rMIvhrUaGUhiXzVr9_eQgCbi-j63ZDpfTvLIty9w7s140y-m1yHe7eKmEK7v2NAHUJDVYGdfeiQFeRCqUjdwWmN1MX_AUxxz4IVdJ4WIM0APxit8bjWkXzrnEFGqBvW_1F13H1g\/s1600\/logo-principal5.jpg\" width=\"100%\" height=\"100\" \/><\/a><!--bestpublic-voz04--><!--desk-in-out-voz04--><br \/>\n<!--publicidad-voz05--><a href=\"https:\/\/www.facebook.com\/asociaciontamborileroshellin?locale=es_ES\"><img decoding=\"async\" class=\"alignnone size-medium\" src=\"https:\/\/blogger.googleusercontent.com\/img\/b\/R29vZ2xl\/AVvXsEhHEEpZsKK1VpwiYMrS7aE2ujtqIDZoLd4B5wtbiseSU9s2HdTdQfhF84So2XwEB1fv0BLw95GADm6hUl1bkKtzh-eIgVigXONuu_5RxeIMPhjk8q6uNX4EaEHbooKkbu7pCADWPpVJjhKIH5NQSJpWqedC-YBez4QAQeJYokkLot9bhrIaUAeztsGis6M\/s1600\/logo-principal3.jpg\" width=\"100%\" height=\"100\" \/><\/a><!--bestpublic-voz05--><!--desk-in-out-voz05--><br \/>\n<!--publicidad-voz06--><!--bestpublic-voz06--><!--desk-in-out-voz06--><br \/>\n<!--publicidad-voz07--><!--bestpublic-voz07--><!--desk-in-out-voz07--><br \/>\n<!--publicidad-voz08--><!--bestpublic-voz08--><!--desk-in-out-voz08--><br \/>\n<!--publicidad-voz09--><!--bestpublic-voz09--><!--desk-in-out-voz09--><br \/>\n<!--publicidad-voz10--><!--bestpublic-voz10--><!--desk-in-out-voz10--><br \/>\n<!--publicidad-voz11--><!--bestpublic-voz11--><!--desk-in-out-voz11--><br \/>\n<!--publicidad-voz12--><!--bestpublic-voz12--><!--desk-in-out-voz12--><br \/>\n<!--publicidad-voz13--><!--bestpublic-voz13--><!--desk-in-out-voz13--><br \/>\n<!--publicidad-voz14--><!--bestpublic-voz14--><!--desk-in-out-voz14--><br \/>\n<!--publicidad-voz15--><!--bestpublic-voz15--><!--desk-in-out-voz15--><br \/>\n<!--publicidad-voz16--><!--bestpublic-voz16--><!--desk-in-out-voz16--><\/p>\n","protected":false},"excerpt":{"rendered":"<p>EL GOBIERNO REGIONAL VALORA LA RECUPERACI\u00d3N DEL CAMPAMENTO \u201cSAN JUAN\u201d EN RI\u00d3PAR PARA VOLVER A CONVERTIRSE EN UN ESPACIO DE REFERENCIA DE LA RED DE SERVICIOS JUVENILES DE LA JUNTA<\/p>\n","protected":false},"author":2,"featured_media":90580,"comment_status":"closed","ping_status":"closed","sticky":false,"template":"","format":"standard","meta":{"footnotes":""},"categories":[723,718,715,716,717],"tags":[],"class_list":["post-102534","post","type-post","status-publish","format-standard","has-post-thumbnail","hentry","category-blog-lv005","category-blogger","category-la-voz-de-hellin","category-la-voz-de-hellin-la-voz-de-hellin","category-noticias"],"_links":{"self":[{"href":"https:\/\/lavozdehellin.com\/noticias\/wp-json\/wp\/v2\/posts\/102534","targetHints":{"allow":["GET"]}}],"collection":[{"href":"https:\/\/lavozdehellin.com\/noticias\/wp-json\/wp\/v2\/posts"}],"about":[{"href":"https:\/\/lavozdehellin.com\/noticias\/wp-json\/wp\/v2\/types\/post"}],"author":[{"embeddable":true,"href":"https:\/\/lavozdehellin.com\/noticias\/wp-json\/wp\/v2\/users\/2"}],"replies":[{"embeddable":true,"href":"https:\/\/lavozdehellin.com\/noticias\/wp-json\/wp\/v2\/comments?post=102534"}],"version-history":[{"count":0,"href":"https:\/\/lavozdehellin.com\/noticias\/wp-json\/wp\/v2\/posts\/102534\/revisions"}],"wp:featuredmedia":[{"embeddable":true,"href":"https:\/\/lavozdehellin.com\/noticias\/wp-json\/wp\/v2\/media\/90580"}],"wp:attachment":[{"href":"https:\/\/lavozdehellin.com\/noticias\/wp-json\/wp\/v2\/media?parent=102534"}],"wp:term":[{"taxonomy":"category","embeddable":true,"href":"https:\/\/lavozdehellin.com\/noticias\/wp-json\/wp\/v2\/categories?post=102534"},{"taxonomy":"post_tag","embeddable":true,"href":"https:\/\/lavozdehellin.com\/noticias\/wp-json\/wp\/v2\/tags?post=102534"}],"curies":[{"name":"wp","href":"https:\/\/api.w.org\/{rel}","templated":true}]}}