{"id":102537,"date":"2018-07-11T10:04:11","date_gmt":"2018-07-11T10:04:11","guid":{"rendered":"https:\/\/lavozdehellin.com\/noticias\/v01-116-la-escuela-de-animacion-bavayaba-oferta-un-curso-de-monitor-de-actividades-juveniles-cuyo-inicio-sera-este-proximo-lunes-16-de-julio\/"},"modified":"2024-01-04T14:08:55","modified_gmt":"2024-01-04T14:08:55","slug":"v01-116-la-escuela-de-animacion-bavayaba-oferta-un-curso-de-monitor-de-actividades-juveniles-cuyo-inicio-sera-este-proximo-lunes-16-de-julio","status":"publish","type":"post","link":"https:\/\/lavozdehellin.com\/noticias\/v01-116-la-escuela-de-animacion-bavayaba-oferta-un-curso-de-monitor-de-actividades-juveniles-cuyo-inicio-sera-este-proximo-lunes-16-de-julio\/","title":{"rendered":"LVH NOTICIAS | LA ESCUELA DE ANIMACI\u00d3N BAVAYABA OFERTA UN CURSO DE MONITOR DE ACTIVIDADES JUVENILES CUYO INICIO SER\u00c1 ESTE PR\u00d3XIMO LUNES 16 DE JULIO"},"content":{"rendered":"<p style=\"text-align: justify;\">El plazo para matricularse finaliza el viernes, 13 de julio. El precio de la inscripci\u00f3n incluye todo el material docente, seguros y tramitaci\u00f3n administrativa posterior para la obtenci\u00f3n de la titulaci\u00f3n (control y seguimiento de la fase pr\u00e1ctica, documentaci\u00f3n, etc.).<\/p>\n<p><!--more--><br \/>\n<!--publicidad-voz01--><a href=\"https:\/\/www.facebook.com\/SoloRadioHellin\/?locale=es_ES\"><img decoding=\"async\" class=\"alignnone size-medium\" src=\"https:\/\/blogger.googleusercontent.com\/img\/b\/R29vZ2xl\/AVvXsEiNncirNnyGedv00mhjZjh5Wl4_YPdJGanoAl8tL8zH-HwqE8uHqjEfSt340RHdx-9tuCSIkZ8rFamZiGyYlgDGxCsmXjCH_1xk5eYM3ntFZRvJP_jndOKR7w1UAo9Tu0vrZyOLfqRpHIxYI5SymJJ-pfGCQw6QVpggBH-UgfjiFQ2JOxqxG0Jx94kW83c\/s1600\/logo-principal.jpg\" width=\"100%\" height=\"100\" \/><\/a><!--bestpublic-voz01--><!--desk-in-out-voz01--><br \/>\n<!--publicidad-voz02--><a href=\"https:\/\/www.hellincf.com\/\"><img decoding=\"async\" class=\"alignnone size-medium\" src=\"https:\/\/blogger.googleusercontent.com\/img\/b\/R29vZ2xl\/AVvXsEhuZ4-XfBVj3UtdP8-RZugy3WVrg-Zv28c53m4oV47qYCxL1rX_dqWX_YddsGSnpH5SRDqZ7bZeKPIfDVCDncpjVlhy3aQs2vojcJBn7Gdv9hC2_Nzct_pRFrnFE1a7KTCdY1bT_kAgnY3-iadRZrGeJf1fR2P5fu11bokx0pWjaypoy-ctwCjklldpEbA\/s1600\/logo-principal7.jpg\" width=\"100%\" height=\"100\" \/><\/a><!--bestpublic-voz02--><!--desk-in-out-voz02--><\/p>\n<p style=\"text-align: justify;\">Este Curso de Monitor de Actividades Juveniles tendr\u00e1 una duraci\u00f3n de 250 horas, divididas en dos fases: la primera, te\u00f3rico-pr\u00e1ctica y presencial, de 100 horas a impartir inmediatamente; y una segunda, primordialmente pr\u00e1ctica, de 150 horas a realizar trabajando en entidades p\u00fablicas y privadas del sector de la animaci\u00f3n juvenil.<\/p>\n<p style=\"text-align: justify;\">Las sesiones formativas presenciales comenzar\u00e1n el 16 de julio en las aulas del colegio Compa\u00f1\u00eda de Mar\u00eda de nuestra ciudad, imparti\u00e9ndose en horario intensivo, de 9 a 14 y de 17 a 20 horas, de lunes a viernes. La clausura del curso se llevar\u00e1 a cabo el d\u00eda 1 de agosto.<\/p>\n<p style=\"text-align: justify;\">Para participar en este curso s\u00f3lo es preciso tener 16 a\u00f1os cumplidos en el momento de iniciarse \u00e9ste. Las personas interesadas podr\u00e1n inscribirse llamando al tel\u00e9fono 967 304 661 o enviando un correo electr\u00f3nico a la direcci\u00f3n: escuela@bavayaba.com.<\/p>\n<p style=\"text-align: justify;\">Bavayaba, al poner en marcha esta iniciativa, pretende formar monitores capaces de insertarse en el mercado laboral dentro del campo de los servicios y actividades en ocio y tiempo libre, que tanto auge est\u00e1 experimentando. Esta titulaci\u00f3n habilita, al alumno, para trabajar en ludotecas, escuelas de verano, campamentos, residencias y con empresas de servicios a la comunidad.<\/p>\n<p style=\"text-align: justify;\">El plazo para matricularse finaliza el viernes, 13 de julio. El precio de la inscripci\u00f3n incluye todo el material docente, seguros y tramitaci\u00f3n administrativa posterior para la obtenci\u00f3n de la titulaci\u00f3n (Control y seguimiento de la Fase Pr\u00e1ctica, documentaci\u00f3n, etc.).<\/p>\n<p><!--publicidad-voz03--><a href=\"https:\/\/www.facebook.com\/profile.php?id=100063593791305&amp;locale=es_ES\"><img decoding=\"async\" class=\"alignnone size-medium\" src=\"https:\/\/blogger.googleusercontent.com\/img\/b\/R29vZ2xl\/AVvXsEi8_n_ll8UOcGxCqzFvb_9Io4ICczlGC990BPtPj2w9Px-u7B3oqWUW5vtjZUqPNJ-nyjiUIorE0ATsib_l5tV8BVN-UJ03RTnU__IHJF_4DgDBtY4LIqXNG-FomrO-7ywes20CBCRM2Hcm7EJSh3UUw1dO-c_uTflUrtgY1i7uBRezj_DpympmEFkfbQY\/s1600\/logo-principal2.jpg\" width=\"100%\" height=\"100\" \/><\/a><!--bestpublic-voz03--><!--desk-in-out-voz03--><br \/>\n<!--publicidad-voz04--><a href=\"https:\/\/www.facebook.com\/profile.php?id=61557370768692&amp;locale=es_ES\"><img decoding=\"async\" class=\"alignnone size-medium\" src=\"https:\/\/blogger.googleusercontent.com\/img\/b\/R29vZ2xl\/AVvXsEgy5RdcfffrnrItnYTcV9bCJjgJwldsQLWssfVfrLbyfXeBNTFKgBf0rMIvhrUaGUhiXzVr9_eQgCbi-j63ZDpfTvLIty9w7s140y-m1yHe7eKmEK7v2NAHUJDVYGdfeiQFeRCqUjdwWmN1MX_AUxxz4IVdJ4WIM0APxit8bjWkXzrnEFGqBvW_1F13H1g\/s1600\/logo-principal5.jpg\" width=\"100%\" height=\"100\" \/><\/a><!--bestpublic-voz04--><!--desk-in-out-voz04--><br \/>\n<!--publicidad-voz05--><a href=\"https:\/\/www.facebook.com\/asociaciontamborileroshellin?locale=es_ES\"><img decoding=\"async\" class=\"alignnone size-medium\" src=\"https:\/\/blogger.googleusercontent.com\/img\/b\/R29vZ2xl\/AVvXsEhHEEpZsKK1VpwiYMrS7aE2ujtqIDZoLd4B5wtbiseSU9s2HdTdQfhF84So2XwEB1fv0BLw95GADm6hUl1bkKtzh-eIgVigXONuu_5RxeIMPhjk8q6uNX4EaEHbooKkbu7pCADWPpVJjhKIH5NQSJpWqedC-YBez4QAQeJYokkLot9bhrIaUAeztsGis6M\/s1600\/logo-principal3.jpg\" width=\"100%\" height=\"100\" \/><\/a><!--bestpublic-voz05--><!--desk-in-out-voz05--><br \/>\n<!--publicidad-voz06--><!--bestpublic-voz06--><!--desk-in-out-voz06--><br \/>\n<!--publicidad-voz07--><!--bestpublic-voz07--><!--desk-in-out-voz07--><br \/>\n<!--publicidad-voz08--><!--bestpublic-voz08--><!--desk-in-out-voz08--><br \/>\n<!--publicidad-voz09--><!--bestpublic-voz09--><!--desk-in-out-voz09--><br \/>\n<!--publicidad-voz10--><!--bestpublic-voz10--><!--desk-in-out-voz10--><br \/>\n<!--publicidad-voz11--><!--bestpublic-voz11--><!--desk-in-out-voz11--><br \/>\n<!--publicidad-voz12--><!--bestpublic-voz12--><!--desk-in-out-voz12--><br \/>\n<!--publicidad-voz13--><!--bestpublic-voz13--><!--desk-in-out-voz13--><br \/>\n<!--publicidad-voz14--><!--bestpublic-voz14--><!--desk-in-out-voz14--><br \/>\n<!--publicidad-voz15--><!--bestpublic-voz15--><!--desk-in-out-voz15--><br \/>\n<!--publicidad-voz16--><!--bestpublic-voz16--><!--desk-in-out-voz16--><\/p>\n","protected":false},"excerpt":{"rendered":"<p>LA ESCUELA DE ANIMACI\u00d3N BAVAYABA OFERTA UN CURSO DE MONITOR DE ACTIVIDADES JUVENILES CUYO INICIO SER\u00c1 ESTE PR\u00d3XIMO LUNES 16 DE JULIO<\/p>\n","protected":false},"author":2,"featured_media":90584,"comment_status":"closed","ping_status":"closed","sticky":false,"template":"","format":"standard","meta":{"footnotes":""},"categories":[723,718,715,716,717],"tags":[],"class_list":["post-102537","post","type-post","status-publish","format-standard","has-post-thumbnail","hentry","category-blog-lv005","category-blogger","category-la-voz-de-hellin","category-la-voz-de-hellin-la-voz-de-hellin","category-noticias"],"_links":{"self":[{"href":"https:\/\/lavozdehellin.com\/noticias\/wp-json\/wp\/v2\/posts\/102537","targetHints":{"allow":["GET"]}}],"collection":[{"href":"https:\/\/lavozdehellin.com\/noticias\/wp-json\/wp\/v2\/posts"}],"about":[{"href":"https:\/\/lavozdehellin.com\/noticias\/wp-json\/wp\/v2\/types\/post"}],"author":[{"embeddable":true,"href":"https:\/\/lavozdehellin.com\/noticias\/wp-json\/wp\/v2\/users\/2"}],"replies":[{"embeddable":true,"href":"https:\/\/lavozdehellin.com\/noticias\/wp-json\/wp\/v2\/comments?post=102537"}],"version-history":[{"count":0,"href":"https:\/\/lavozdehellin.com\/noticias\/wp-json\/wp\/v2\/posts\/102537\/revisions"}],"wp:featuredmedia":[{"embeddable":true,"href":"https:\/\/lavozdehellin.com\/noticias\/wp-json\/wp\/v2\/media\/90584"}],"wp:attachment":[{"href":"https:\/\/lavozdehellin.com\/noticias\/wp-json\/wp\/v2\/media?parent=102537"}],"wp:term":[{"taxonomy":"category","embeddable":true,"href":"https:\/\/lavozdehellin.com\/noticias\/wp-json\/wp\/v2\/categories?post=102537"},{"taxonomy":"post_tag","embeddable":true,"href":"https:\/\/lavozdehellin.com\/noticias\/wp-json\/wp\/v2\/tags?post=102537"}],"curies":[{"name":"wp","href":"https:\/\/api.w.org\/{rel}","templated":true}]}}