{"id":102538,"date":"2018-07-11T09:56:02","date_gmt":"2018-07-11T09:56:02","guid":{"rendered":"https:\/\/lavozdehellin.com\/noticias\/v01-117-ciudadanos-tobarra-apela-a-la-responsabilidad-de-todos-los-grupos-municipales-y-critica-el-ansia-de-poder-del-psoe\/"},"modified":"2024-01-04T14:08:55","modified_gmt":"2024-01-04T14:08:55","slug":"v01-117-ciudadanos-tobarra-apela-a-la-responsabilidad-de-todos-los-grupos-municipales-y-critica-el-ansia-de-poder-del-psoe","status":"publish","type":"post","link":"https:\/\/lavozdehellin.com\/noticias\/v01-117-ciudadanos-tobarra-apela-a-la-responsabilidad-de-todos-los-grupos-municipales-y-critica-el-ansia-de-poder-del-psoe\/","title":{"rendered":"LVH NOTICIAS | CIUDADANOS TOBARRA APELA A LA RESPONSABILIDAD DE TODOS LOS GRUPOS MUNICIPALES Y CRITICA EL ANSIA DE PODER DEL PSOE"},"content":{"rendered":"<p style=\"text-align: justify;\">La formaci\u00f3n naranja considera que, si bien la gesti\u00f3n del PP al frente del Ayuntamiento es muy deficiente, no est\u00e1 justificada la moci\u00f3n de censura.<\/p>\n<p><!--more--><br \/>\n<!--publicidad-voz01--><a href=\"https:\/\/www.facebook.com\/SoloRadioHellin\/?locale=es_ES\"><img decoding=\"async\" class=\"alignnone size-medium\" src=\"https:\/\/blogger.googleusercontent.com\/img\/b\/R29vZ2xl\/AVvXsEiNncirNnyGedv00mhjZjh5Wl4_YPdJGanoAl8tL8zH-HwqE8uHqjEfSt340RHdx-9tuCSIkZ8rFamZiGyYlgDGxCsmXjCH_1xk5eYM3ntFZRvJP_jndOKR7w1UAo9Tu0vrZyOLfqRpHIxYI5SymJJ-pfGCQw6QVpggBH-UgfjiFQ2JOxqxG0Jx94kW83c\/s1600\/logo-principal.jpg\" width=\"100%\" height=\"100\" \/><\/a><!--bestpublic-voz01--><!--desk-in-out-voz01--><br \/>\n<!--publicidad-voz02--><a href=\"https:\/\/www.hellincf.com\/\"><img decoding=\"async\" class=\"alignnone size-medium\" src=\"https:\/\/blogger.googleusercontent.com\/img\/b\/R29vZ2xl\/AVvXsEhuZ4-XfBVj3UtdP8-RZugy3WVrg-Zv28c53m4oV47qYCxL1rX_dqWX_YddsGSnpH5SRDqZ7bZeKPIfDVCDncpjVlhy3aQs2vojcJBn7Gdv9hC2_Nzct_pRFrnFE1a7KTCdY1bT_kAgnY3-iadRZrGeJf1fR2P5fu11bokx0pWjaypoy-ctwCjklldpEbA\/s1600\/logo-principal7.jpg\" width=\"100%\" height=\"100\" \/><\/a><!--bestpublic-voz02--><!--desk-in-out-voz02--><\/p>\n<p style=\"text-align: justify;\">El grupo local de Ciudadanos en Tobarra ha hecho una llamada a la responsabilidad de todas las formaciones pol\u00edticas con representaci\u00f3n en el Ayuntamiento a ra\u00edz de la moci\u00f3n de censura presentada por el PSOE y apoyada por Plataforma Ciudadana en contra del equipo de gobierno, del PP. La formaci\u00f3n naranja considera que, si bien la gesti\u00f3n de los populares al frente del consistorio tobarre\u00f1o est\u00e1 siendo muy deficiente, esta moci\u00f3n de censura revela\u00a0\u201cun ansia desproporcionada de poder por parte de los socialistas\u201d, seg\u00fan ha indicado el coordinador del grupo local de Ciudadanos, Antonio Andr\u00e9s Moreno, quien ha recordado que\u00a0\u201cla desastrosa pol\u00edtica econ\u00f3mica del PSOE durante el anterior mandato, cuando ostent\u00f3 la alcald\u00eda, le resta mucha credibilidad a la hora de erigirse como alternativa de gobierno\u201d.<\/p>\n<p style=\"text-align: justify;\">Las dos razones que el PSOE alega para presentar la moci\u00f3n son, por un lado, la propagaci\u00f3n del \u2018Cactus de Arizona\u2019, una planta invasiva y peligrosa y, por otro, un supuesto brote de legionella en un calentador de agua de unas instalaciones deportivas. A este respecto, Moreno ha aclarado que el cactus ya se propag\u00f3 en nuestro municipio cuando gobernaba el PSOE y no hizo nada para remediarlo; y el presunto brote de legionella fue analizado por Sanidad, que certific\u00f3 que no hab\u00eda motivo para la alarma porque los niveles estaban dentro de lo permitido. Por ello, el coordinador naranja entiende que\u00a0\u201caprovechar cualquier asunto para presentar una moci\u00f3n de censura deja en evidencia que el PSOE y sus socios de Plataforma Ciudadana quieren llegar al poder a toda costa, eso s\u00ed, sin pasar por las urnas\u201d.<\/p>\n<p style=\"text-align: justify;\">Oposici\u00f3n exigente pero responsable<\/p>\n<p style=\"text-align: justify;\">Ciudadanos ha pedido a los grupos pol\u00edticos, por lo tanto, responsabilidad institucional.\u00a0\u201cEl Ayuntamiento necesita estabilidad y la oposici\u00f3n debe ser leal y constructiva, lo cual es compatible con la necesaria labor de vigilancia y exigencia\u201d, ha matizado Moreno. La formaci\u00f3n naranja considera que la alcald\u00eda del PP est\u00e1 marcada por la falta de trabajo y de ambici\u00f3n, pero entiende que las leg\u00edtimas cr\u00edticas y los reproches que su gesti\u00f3n pueda suscitar deben plantearse en el pleno, en lugar de presentar una moci\u00f3n de censura sin razones de peso que la respalden.\u00a0\u201cLa moci\u00f3n de censura es un mecanismo constitucional perfectamente leg\u00edtimo y democr\u00e1tico, pero aprovecharlo como un atajo al poder con cualquier excusa contribuye a que los vecinos de Tobarra dejen de sentirse representados por sus pol\u00edticos y piensen que los partidos se mueven \u00fanicamente por un \u2018qu\u00edtate t\u00fa para ponerme yo\u2019\u201d, ha explicado el coordinador de Ciudadanos.<\/p>\n<p><!--publicidad-voz03--><a href=\"https:\/\/www.facebook.com\/profile.php?id=100063593791305&amp;locale=es_ES\"><img decoding=\"async\" class=\"alignnone size-medium\" src=\"https:\/\/blogger.googleusercontent.com\/img\/b\/R29vZ2xl\/AVvXsEi8_n_ll8UOcGxCqzFvb_9Io4ICczlGC990BPtPj2w9Px-u7B3oqWUW5vtjZUqPNJ-nyjiUIorE0ATsib_l5tV8BVN-UJ03RTnU__IHJF_4DgDBtY4LIqXNG-FomrO-7ywes20CBCRM2Hcm7EJSh3UUw1dO-c_uTflUrtgY1i7uBRezj_DpympmEFkfbQY\/s1600\/logo-principal2.jpg\" width=\"100%\" height=\"100\" \/><\/a><!--bestpublic-voz03--><!--desk-in-out-voz03--><br \/>\n<!--publicidad-voz04--><a href=\"https:\/\/www.facebook.com\/profile.php?id=61557370768692&amp;locale=es_ES\"><img decoding=\"async\" class=\"alignnone size-medium\" src=\"https:\/\/blogger.googleusercontent.com\/img\/b\/R29vZ2xl\/AVvXsEgy5RdcfffrnrItnYTcV9bCJjgJwldsQLWssfVfrLbyfXeBNTFKgBf0rMIvhrUaGUhiXzVr9_eQgCbi-j63ZDpfTvLIty9w7s140y-m1yHe7eKmEK7v2NAHUJDVYGdfeiQFeRCqUjdwWmN1MX_AUxxz4IVdJ4WIM0APxit8bjWkXzrnEFGqBvW_1F13H1g\/s1600\/logo-principal5.jpg\" width=\"100%\" height=\"100\" \/><\/a><!--bestpublic-voz04--><!--desk-in-out-voz04--><br \/>\n<!--publicidad-voz05--><a href=\"https:\/\/www.facebook.com\/asociaciontamborileroshellin?locale=es_ES\"><img decoding=\"async\" class=\"alignnone size-medium\" src=\"https:\/\/blogger.googleusercontent.com\/img\/b\/R29vZ2xl\/AVvXsEhHEEpZsKK1VpwiYMrS7aE2ujtqIDZoLd4B5wtbiseSU9s2HdTdQfhF84So2XwEB1fv0BLw95GADm6hUl1bkKtzh-eIgVigXONuu_5RxeIMPhjk8q6uNX4EaEHbooKkbu7pCADWPpVJjhKIH5NQSJpWqedC-YBez4QAQeJYokkLot9bhrIaUAeztsGis6M\/s1600\/logo-principal3.jpg\" width=\"100%\" height=\"100\" \/><\/a><!--bestpublic-voz05--><!--desk-in-out-voz05--><br \/>\n<!--publicidad-voz06--><!--bestpublic-voz06--><!--desk-in-out-voz06--><br \/>\n<!--publicidad-voz07--><!--bestpublic-voz07--><!--desk-in-out-voz07--><br \/>\n<!--publicidad-voz08--><!--bestpublic-voz08--><!--desk-in-out-voz08--><br \/>\n<!--publicidad-voz09--><!--bestpublic-voz09--><!--desk-in-out-voz09--><br \/>\n<!--publicidad-voz10--><!--bestpublic-voz10--><!--desk-in-out-voz10--><br \/>\n<!--publicidad-voz11--><!--bestpublic-voz11--><!--desk-in-out-voz11--><br \/>\n<!--publicidad-voz12--><!--bestpublic-voz12--><!--desk-in-out-voz12--><br \/>\n<!--publicidad-voz13--><!--bestpublic-voz13--><!--desk-in-out-voz13--><br \/>\n<!--publicidad-voz14--><!--bestpublic-voz14--><!--desk-in-out-voz14--><br \/>\n<!--publicidad-voz15--><!--bestpublic-voz15--><!--desk-in-out-voz15--><br \/>\n<!--publicidad-voz16--><!--bestpublic-voz16--><!--desk-in-out-voz16--><\/p>\n","protected":false},"excerpt":{"rendered":"<p>CIUDADANOS TOBARRA APELA A LA RESPONSABILIDAD DE TODOS LOS GRUPOS MUNICIPALES Y CRITICA EL ANSIA DE PODER DEL PSOE<\/p>\n","protected":false},"author":2,"featured_media":90584,"comment_status":"closed","ping_status":"closed","sticky":false,"template":"","format":"standard","meta":{"footnotes":""},"categories":[723,718,715,716,717],"tags":[],"class_list":["post-102538","post","type-post","status-publish","format-standard","has-post-thumbnail","hentry","category-blog-lv005","category-blogger","category-la-voz-de-hellin","category-la-voz-de-hellin-la-voz-de-hellin","category-noticias"],"_links":{"self":[{"href":"https:\/\/lavozdehellin.com\/noticias\/wp-json\/wp\/v2\/posts\/102538","targetHints":{"allow":["GET"]}}],"collection":[{"href":"https:\/\/lavozdehellin.com\/noticias\/wp-json\/wp\/v2\/posts"}],"about":[{"href":"https:\/\/lavozdehellin.com\/noticias\/wp-json\/wp\/v2\/types\/post"}],"author":[{"embeddable":true,"href":"https:\/\/lavozdehellin.com\/noticias\/wp-json\/wp\/v2\/users\/2"}],"replies":[{"embeddable":true,"href":"https:\/\/lavozdehellin.com\/noticias\/wp-json\/wp\/v2\/comments?post=102538"}],"version-history":[{"count":0,"href":"https:\/\/lavozdehellin.com\/noticias\/wp-json\/wp\/v2\/posts\/102538\/revisions"}],"wp:featuredmedia":[{"embeddable":true,"href":"https:\/\/lavozdehellin.com\/noticias\/wp-json\/wp\/v2\/media\/90584"}],"wp:attachment":[{"href":"https:\/\/lavozdehellin.com\/noticias\/wp-json\/wp\/v2\/media?parent=102538"}],"wp:term":[{"taxonomy":"category","embeddable":true,"href":"https:\/\/lavozdehellin.com\/noticias\/wp-json\/wp\/v2\/categories?post=102538"},{"taxonomy":"post_tag","embeddable":true,"href":"https:\/\/lavozdehellin.com\/noticias\/wp-json\/wp\/v2\/tags?post=102538"}],"curies":[{"name":"wp","href":"https:\/\/api.w.org\/{rel}","templated":true}]}}