{"id":102543,"date":"2018-07-06T19:03:24","date_gmt":"2018-07-06T19:03:24","guid":{"rendered":"https:\/\/lavozdehellin.com\/noticias\/v01-122-bienservida-organiza-una-nueva-prueba-btt\/"},"modified":"2024-01-04T14:08:55","modified_gmt":"2024-01-04T14:08:55","slug":"v01-122-bienservida-organiza-una-nueva-prueba-btt","status":"publish","type":"post","link":"https:\/\/lavozdehellin.com\/noticias\/v01-122-bienservida-organiza-una-nueva-prueba-btt\/","title":{"rendered":"LVH NOTICIAS | BIENSERVIDA ORGANIZA UNA NUEVA PRUEBA BTT"},"content":{"rendered":"<p style=\"text-align: justify;\">El pr\u00f3ximo domingo, a partir de las 9:30 de la ma\u00f1ana, se disputar\u00e1 en Bienservida, la vig\u00e9simo tercera prueba del XII Circuito Provincial de BTT Diputaci\u00f3n de Albacete.<\/p>\n<p><!--more--><br \/>\n<!--publicidad-voz01--><a href=\"https:\/\/www.facebook.com\/SoloRadioHellin\/?locale=es_ES\"><img decoding=\"async\" class=\"alignnone size-medium\" src=\"https:\/\/blogger.googleusercontent.com\/img\/b\/R29vZ2xl\/AVvXsEiNncirNnyGedv00mhjZjh5Wl4_YPdJGanoAl8tL8zH-HwqE8uHqjEfSt340RHdx-9tuCSIkZ8rFamZiGyYlgDGxCsmXjCH_1xk5eYM3ntFZRvJP_jndOKR7w1UAo9Tu0vrZyOLfqRpHIxYI5SymJJ-pfGCQw6QVpggBH-UgfjiFQ2JOxqxG0Jx94kW83c\/s1600\/logo-principal.jpg\" width=\"100%\" height=\"100\" \/><\/a><!--bestpublic-voz01--><!--desk-in-out-voz01--><br \/>\n<!--publicidad-voz02--><a href=\"https:\/\/www.hellincf.com\/\"><img decoding=\"async\" class=\"alignnone size-medium\" src=\"https:\/\/blogger.googleusercontent.com\/img\/b\/R29vZ2xl\/AVvXsEhuZ4-XfBVj3UtdP8-RZugy3WVrg-Zv28c53m4oV47qYCxL1rX_dqWX_YddsGSnpH5SRDqZ7bZeKPIfDVCDncpjVlhy3aQs2vojcJBn7Gdv9hC2_Nzct_pRFrnFE1a7KTCdY1bT_kAgnY3-iadRZrGeJf1fR2P5fu11bokx0pWjaypoy-ctwCjklldpEbA\/s1600\/logo-principal7.jpg\" width=\"100%\" height=\"100\" \/><\/a><!--bestpublic-voz02--><!--desk-in-out-voz02--><\/p>\n<p style=\"text-align: justify;\">El Circuito sigue su andadura por la sierra albacete\u00f1a, en esta ocasi\u00f3n en la sierra de Alcaraz, m\u00e1s concretamente enla localidad de Bienservida, que se ha convertido con los a\u00f1os, en todo un cl\u00e1sico de nuestro Circuito. En cuanto a la participaci\u00f3n, m\u00e1s de doscientos sesenta corredores se congregar\u00e1n en el Centro de D\u00eda de la localidad para comenzar a rodar tras el protocolario pistoletazo de salida.<\/p>\n<p style=\"text-align: justify;\">Este trazado est\u00e1 compuesto por treinta y dos kil\u00f3metros con duras subidas y espectaculares descensos que no dejar\u00e1n indiferente a ning\u00fan participante. Durante la primera parte del recorrido se pasar\u00e1 por puntos conocidos como la \u201cSenda de la Hoya de la Salvadora\u201d, \u201cLos Toscares\u201d o la \u201cSenda de Cerro Milano\u201d y se ascender\u00e1 hasta sobrepasar los 1.300 metros de altitud. Una vez superado el primer tercio de carrera, los ciclistas tendr\u00e1n un leve respiro mientras descienden todo el terreno que previamente han tenido que subir. La segunda parte del recorrido aunque m\u00e1s suave, tambi\u00e9n est\u00e1 compuesto por continuas subidas y bajadas que no dar\u00e1n respiro a los participantes, mientras que pedalean atravesando arroyos, huertas y olivares, que les dirigir\u00e1n hacia la l\u00ednea de meta.<\/p>\n<p style=\"text-align: justify;\">Como en todas las pruebas, existir\u00e1 un recorrido alternativo tambi\u00e9n, que en esta ocasi\u00f3n consta de veinte kil\u00f3metros, aunque no por ello exento de dureza y emoci\u00f3n, ya que comparte con el trazado largo parte de su itinerario. En esta modalidad tomar\u00e1n parte diecinueve ciclistas, entre los que se encuentra todos los de la categor\u00eda J\u00fanior.<\/p>\n<p style=\"text-align: justify;\">En cuanto a los nombres propios de participaci\u00f3n en esta prueba, A\u00edda Mil\u00e1n (INGETEAM RUMBO BTT) y Jos\u00e9 Luis Pastor (IGM\u2013EUROCICLO) pondr\u00e1n todas sus fuerzas en conservar su liderato, especialmente en la categor\u00eda masculina, donde Alberto L\u00f3pez (BICIS EL HELLINERO\u2013ACECHO), tiene el liderato a su alcance. Otros corredores con buenos puestos en la clasificaci\u00f3n general son: Alfonsi Villar (FERRO ICE\u2013CONTRALLANO BTT), Mar\u00eda \u00c1ngeles Alegre (DEPOR BIKE SPORT TECNIC CLUB CICLISTA), C\u00e9sar Ruiz (TEAM PREMIER HELL\u00cdN), Enrique Tendero (BICIS EL HELLINERO\u2013ACECHO), Ver\u00f3nica Gonz\u00e1lez (BICICLETAS APARICIO BTT), Celia Pina (LOS RASPETAS BTT), Almudena Jim\u00e9nez (ARTE BICIS C.C.), Manuel Garijo (INGETEAM RUMBO BTT), David Ferri (HYNSER PRO RACING), Rafael Gil (FASTER WEAR TEAM), etc.<\/p>\n<p style=\"text-align: justify;\">Todo preparado por tanto para que arranque una nueva prueba del Circuito BTT, solo queda esperar a las 9:30 horas de la ma\u00f1ana del domingo, para que se comienzo una nueva marcha de bicicletas de monta\u00f1a en nuestra provincia.<\/p>\n<p><!--publicidad-voz03--><a href=\"https:\/\/www.facebook.com\/profile.php?id=100063593791305&amp;locale=es_ES\"><img decoding=\"async\" class=\"alignnone size-medium\" src=\"https:\/\/blogger.googleusercontent.com\/img\/b\/R29vZ2xl\/AVvXsEi8_n_ll8UOcGxCqzFvb_9Io4ICczlGC990BPtPj2w9Px-u7B3oqWUW5vtjZUqPNJ-nyjiUIorE0ATsib_l5tV8BVN-UJ03RTnU__IHJF_4DgDBtY4LIqXNG-FomrO-7ywes20CBCRM2Hcm7EJSh3UUw1dO-c_uTflUrtgY1i7uBRezj_DpympmEFkfbQY\/s1600\/logo-principal2.jpg\" width=\"100%\" height=\"100\" \/><\/a><!--bestpublic-voz03--><!--desk-in-out-voz03--><br \/>\n<!--publicidad-voz04--><a href=\"https:\/\/www.facebook.com\/profile.php?id=61557370768692&amp;locale=es_ES\"><img decoding=\"async\" class=\"alignnone size-medium\" src=\"https:\/\/blogger.googleusercontent.com\/img\/b\/R29vZ2xl\/AVvXsEgy5RdcfffrnrItnYTcV9bCJjgJwldsQLWssfVfrLbyfXeBNTFKgBf0rMIvhrUaGUhiXzVr9_eQgCbi-j63ZDpfTvLIty9w7s140y-m1yHe7eKmEK7v2NAHUJDVYGdfeiQFeRCqUjdwWmN1MX_AUxxz4IVdJ4WIM0APxit8bjWkXzrnEFGqBvW_1F13H1g\/s1600\/logo-principal5.jpg\" width=\"100%\" height=\"100\" \/><\/a><!--bestpublic-voz04--><!--desk-in-out-voz04--><br \/>\n<!--publicidad-voz05--><a href=\"https:\/\/www.facebook.com\/asociaciontamborileroshellin?locale=es_ES\"><img decoding=\"async\" class=\"alignnone size-medium\" src=\"https:\/\/blogger.googleusercontent.com\/img\/b\/R29vZ2xl\/AVvXsEhHEEpZsKK1VpwiYMrS7aE2ujtqIDZoLd4B5wtbiseSU9s2HdTdQfhF84So2XwEB1fv0BLw95GADm6hUl1bkKtzh-eIgVigXONuu_5RxeIMPhjk8q6uNX4EaEHbooKkbu7pCADWPpVJjhKIH5NQSJpWqedC-YBez4QAQeJYokkLot9bhrIaUAeztsGis6M\/s1600\/logo-principal3.jpg\" width=\"100%\" height=\"100\" \/><\/a><!--bestpublic-voz05--><!--desk-in-out-voz05--><br \/>\n<!--publicidad-voz06--><!--bestpublic-voz06--><!--desk-in-out-voz06--><br \/>\n<!--publicidad-voz07--><!--bestpublic-voz07--><!--desk-in-out-voz07--><br \/>\n<!--publicidad-voz08--><!--bestpublic-voz08--><!--desk-in-out-voz08--><br \/>\n<!--publicidad-voz09--><!--bestpublic-voz09--><!--desk-in-out-voz09--><br \/>\n<!--publicidad-voz10--><!--bestpublic-voz10--><!--desk-in-out-voz10--><br \/>\n<!--publicidad-voz11--><!--bestpublic-voz11--><!--desk-in-out-voz11--><br \/>\n<!--publicidad-voz12--><!--bestpublic-voz12--><!--desk-in-out-voz12--><br \/>\n<!--publicidad-voz13--><!--bestpublic-voz13--><!--desk-in-out-voz13--><br \/>\n<!--publicidad-voz14--><!--bestpublic-voz14--><!--desk-in-out-voz14--><br \/>\n<!--publicidad-voz15--><!--bestpublic-voz15--><!--desk-in-out-voz15--><br \/>\n<!--publicidad-voz16--><!--bestpublic-voz16--><!--desk-in-out-voz16--><\/p>\n","protected":false},"excerpt":{"rendered":"<p>BIENSERVIDA ORGANIZA UNA NUEVA PRUEBA BTT<\/p>\n","protected":false},"author":2,"featured_media":90580,"comment_status":"closed","ping_status":"closed","sticky":false,"template":"","format":"standard","meta":{"footnotes":""},"categories":[723,718,715,716,717],"tags":[],"class_list":["post-102543","post","type-post","status-publish","format-standard","has-post-thumbnail","hentry","category-blog-lv005","category-blogger","category-la-voz-de-hellin","category-la-voz-de-hellin-la-voz-de-hellin","category-noticias"],"_links":{"self":[{"href":"https:\/\/lavozdehellin.com\/noticias\/wp-json\/wp\/v2\/posts\/102543","targetHints":{"allow":["GET"]}}],"collection":[{"href":"https:\/\/lavozdehellin.com\/noticias\/wp-json\/wp\/v2\/posts"}],"about":[{"href":"https:\/\/lavozdehellin.com\/noticias\/wp-json\/wp\/v2\/types\/post"}],"author":[{"embeddable":true,"href":"https:\/\/lavozdehellin.com\/noticias\/wp-json\/wp\/v2\/users\/2"}],"replies":[{"embeddable":true,"href":"https:\/\/lavozdehellin.com\/noticias\/wp-json\/wp\/v2\/comments?post=102543"}],"version-history":[{"count":0,"href":"https:\/\/lavozdehellin.com\/noticias\/wp-json\/wp\/v2\/posts\/102543\/revisions"}],"wp:featuredmedia":[{"embeddable":true,"href":"https:\/\/lavozdehellin.com\/noticias\/wp-json\/wp\/v2\/media\/90580"}],"wp:attachment":[{"href":"https:\/\/lavozdehellin.com\/noticias\/wp-json\/wp\/v2\/media?parent=102543"}],"wp:term":[{"taxonomy":"category","embeddable":true,"href":"https:\/\/lavozdehellin.com\/noticias\/wp-json\/wp\/v2\/categories?post=102543"},{"taxonomy":"post_tag","embeddable":true,"href":"https:\/\/lavozdehellin.com\/noticias\/wp-json\/wp\/v2\/tags?post=102543"}],"curies":[{"name":"wp","href":"https:\/\/api.w.org\/{rel}","templated":true}]}}