{"id":102545,"date":"2018-07-06T09:08:53","date_gmt":"2018-07-06T09:08:53","guid":{"rendered":"https:\/\/lavozdehellin.com\/noticias\/v01-124-el-gobierno-regional-promociona-la-semana-santa-de-hellin-en-china\/"},"modified":"2024-01-04T14:08:56","modified_gmt":"2024-01-04T14:08:56","slug":"v01-124-el-gobierno-regional-promociona-la-semana-santa-de-hellin-en-china","status":"publish","type":"post","link":"https:\/\/lavozdehellin.com\/noticias\/v01-124-el-gobierno-regional-promociona-la-semana-santa-de-hellin-en-china\/","title":{"rendered":"LVH NOTICIAS | EL GOBIERNO REGIONAL PROMOCIONA LA SEMANA SANTA DE HELL\u00cdN EN CHINA"},"content":{"rendered":"<p style=\"text-align: justify;\">Castilla-La Mancha ha mostrado este jueves sus principales atractivos para la poblaci\u00f3n de la provincia china de Sichuan, durante el acto de presentaci\u00f3n de la regi\u00f3n como destino tur\u00edstico que se ha celebrado en su capital, Chengdu.<\/p>\n<p><!--more--><br \/>\n<!--publicidad-voz01--><a href=\"https:\/\/www.facebook.com\/SoloRadioHellin\/?locale=es_ES\"><img decoding=\"async\" class=\"alignnone size-medium\" src=\"https:\/\/blogger.googleusercontent.com\/img\/b\/R29vZ2xl\/AVvXsEiNncirNnyGedv00mhjZjh5Wl4_YPdJGanoAl8tL8zH-HwqE8uHqjEfSt340RHdx-9tuCSIkZ8rFamZiGyYlgDGxCsmXjCH_1xk5eYM3ntFZRvJP_jndOKR7w1UAo9Tu0vrZyOLfqRpHIxYI5SymJJ-pfGCQw6QVpggBH-UgfjiFQ2JOxqxG0Jx94kW83c\/s1600\/logo-principal.jpg\" width=\"100%\" height=\"100\" \/><\/a><!--bestpublic-voz01--><!--desk-in-out-voz01--><br \/>\n<!--publicidad-voz02--><a href=\"https:\/\/www.hellincf.com\/\"><img decoding=\"async\" class=\"alignnone size-medium\" src=\"https:\/\/blogger.googleusercontent.com\/img\/b\/R29vZ2xl\/AVvXsEhuZ4-XfBVj3UtdP8-RZugy3WVrg-Zv28c53m4oV47qYCxL1rX_dqWX_YddsGSnpH5SRDqZ7bZeKPIfDVCDncpjVlhy3aQs2vojcJBn7Gdv9hC2_Nzct_pRFrnFE1a7KTCdY1bT_kAgnY3-iadRZrGeJf1fR2P5fu11bokx0pWjaypoy-ctwCjklldpEbA\/s1600\/logo-principal7.jpg\" width=\"100%\" height=\"100\" \/><\/a><!--bestpublic-voz02--><!--desk-in-out-voz02--><\/p>\n<p style=\"text-align: justify;\">Castilla-La Mancha ha mostrado este jueves sus principales atractivos para la poblaci\u00f3n de la provincia china de Sichuan, durante el acto de presentaci\u00f3n de la regi\u00f3n como destino tur\u00edstico que se ha celebrado en su capital, Chengdu, y en el que se han destacado sus cualidades como potencia gastron\u00f3mica, cultural, patrimonial, natural y su vinculaci\u00f3n con la figura de \u2018El Quijote\u2019.<\/p>\n<p style=\"text-align: justify;\">En el acto, organizado por el Gobierno de Castilla-La Mancha y Turespa\u00f1a y al que han asistido m\u00e1s de treinta turoperadores, adem\u00e1s de periodistas especializados y agencias de viajes, ha participado el presidente regional, Emiliano Garc\u00eda-Page, acompa\u00f1ado de la consejera de Econom\u00eda, Empresas y Empleo, Patricia Franco; Jin Guoha, analista de mercado de la Oficina de Turespa\u00f1a en Pek\u00edn; y la directora general de Turismo, Ana Isabel Fern\u00e1ndez Samper; junto al resto de miembros de la delegaci\u00f3n castellano-manchega que, durante esta semana, promociona la imagen de la regi\u00f3n en la provincia china de Sichuan.<\/p>\n<p style=\"text-align: justify;\">El presidente Garc\u00eda-Page ha subrayado cualidades de Castilla-La Mancha relacionadas tanto con su situaci\u00f3n estrat\u00e9gica a nivel geogr\u00e1fico y sus buenas comunicaciones, como con \u201cla idea de conjunto\u201d sobre Espa\u00f1a que resume en s\u00ed misma la regi\u00f3n y con la cercan\u00eda que existe entre el car\u00e1cter de los sichuaneses y los castellano-manchegos.<\/p>\n<p style=\"text-align: justify;\">En este sentido, el presidente del Gobierno regional ha destacado que Castilla-La Mancha se encuentra \u201cen el coraz\u00f3n de Espa\u00f1a\u201d y est\u00e1 \u201cmuy bien comunicada por alta velocidad y por l\u00ednea directa a\u00e9rea con Madrid\u201d. Del mismo modo, ha hecho hincapi\u00e9 en que una de los atractivos de la regi\u00f3n consiste en que \u201ccualquier ciudadano del mundo puede hacerse una idea del conjunto de la cultura espa\u00f1ola, del patrimonio, de la historia y del paisaje mediterr\u00e1neo\u201d, visitando Castilla-La Mancha, adem\u00e1s de contar \u201cmuy cerca\u201d con \u201cmuchos centros donde comprar y al mismo tiempo donde comer y beber estupendamente bien\u201d.<\/p>\n<p style=\"text-align: justify;\">Garc\u00eda-Page explicaba, adem\u00e1s, que \u201cEspa\u00f1a es, junto con Portugal, el \u00fanico sitio de toda Europa donde van a poder conocer la mezcla de tres grandes culturas, de tres grandes religiones como son la musulmana, la jud\u00eda y la cristiana\u201d.<\/p>\n<p style=\"text-align: justify;\">En esta misma l\u00ednea, ha destacado la \u201cventana de conocimiento para todo el continente americano y toda Hispanoam\u00e9rica\u201d que constituye Espa\u00f1a, de modo que \u201cvisitando mi pa\u00eds, visitando Espa\u00f1a, se puede conocer buena parte del planeta, todo lo que ha tenido que ver y se ha relacionado con la cultura espa\u00f1ola\u201d.<\/p>\n<p style=\"text-align: justify;\">Por \u00faltimo, ha asegurado que el car\u00e1cter de los habitantes de la provincia de Chengdu se asemeja \u201cal car\u00e1cter de nosotros mismos\u201d, de modo que, visitando Castilla-La Mancha, pueden \u201cconocer una cultura muy distinta con mucha historia\u201d, al mismo tiempo que pueden \u201csentirse como en casa\u201d.<\/p>\n<p style=\"text-align: justify;\">\u00a0\u201cMuchos de los males que aquejan a la humanidad se curan viajando\u201d<\/p>\n<p style=\"text-align: justify;\">El presidente regional ha reflexionado asimismo sobre la importancia del turismo a nivel global. Un sector que, ha avanzado, puede llegar a los 2.000 millones de viajeros en el a\u00f1o 2030 y que \u201cpuede hacer m\u00e1s por las relaciones entre los pueblos, entre los distintos pa\u00edses, que muchas otras cosas\u201d.<\/p>\n<p style=\"text-align: justify;\">\u201cMuchos de los males que aquejan a la humanidad se curan viajando\u201d, ha recalcado Garc\u00eda-Page, para quien el turismo podr\u00eda ser calificado como \u201cuna f\u00e1brica de paz y de convivencia\u201d. \u201cSolo se puede querer aquello que se conoce\u201d, ha enfatizado el presidente de Castilla-La Mancha.<\/p>\n<p style=\"text-align: justify;\">Castilla-La Mancha es \u2018El Quijote\u2019 y tambi\u00e9n patrimonio, naturaleza, cultura y gastronom\u00eda<\/p>\n<p style=\"text-align: justify;\">Por su parte, la consejera de Econom\u00eda, Empresas y Empleo, Patricia Franco, ha puesto tambi\u00e9n \u00e9nfasis en la situaci\u00f3n geogr\u00e1fica de Castilla-La Mancha, ubicada entre comunidades aut\u00f3nomas como Madrid, Valencia y Andaluc\u00eda, entre otras, as\u00ed como en la vinculaci\u00f3n de la regi\u00f3n con \u2018El Quijote\u2019. Castilla-La Mancha, ha explicado, \u201ces conocida universalmente como la tierra de Don Quijote, el m\u00e1s conocido libro de Miguel de Cervantes y uno de los mayores exponentes de la literatura espa\u00f1ola\u201d.<\/p>\n<p style=\"text-align: justify;\">No obstante, la responsable regional de Econom\u00eda, Empresas y Empleo tambi\u00e9n ha asegurado que \u201cCastilla-La Mancha es mucho m\u00e1s que \u2018El Quijote\u2019\u201d, poniendo \u00e9nfasis en su patrimonio, naturaleza, gastronom\u00eda \u201cy una cultura de m\u00e1s de dos mil a\u00f1os\u201d, que sirve asimismo de nexo con el car\u00e1cter milenario de la propia cultura china.<\/p>\n<p style=\"text-align: justify;\">Patricia Franco ha valorado asimismo el buen comportamiento de China como mercado emisor de turistas a Castilla-La Mancha, con un crecimiento del 42% durante el pasado 2017, \u201cel que ha despertado un mayor crecimiento en turismo internacional\u201d en la regi\u00f3n. De hecho, tal y como ha detallado Franco, actualmente el turismo chino ocupa la cuarta posici\u00f3n en Castilla-La Mancha como emisor internacional, con lo que \u201cse espera que traiga buenas noticias en los pr\u00f3ximos a\u00f1os\u201d a la regi\u00f3n.<\/p>\n<p style=\"text-align: justify;\">Durante la presentaci\u00f3n, la consejera ha destacado el peso de las tres localizaciones que cuentan con la calificaci\u00f3n de Patrimonio de la Humanidad de la UNESCO: Toledo, Cuenca y Almad\u00e9n.<\/p>\n<p style=\"text-align: justify;\">\u201cToledo es la ciudad de las tres culturas, con m\u00e1s de dos milenios de historia\u201d, ha explicado, a la vez que ha puesto de relieve que la capital regional es la ciudad que cuenta con m\u00e1s obras de El Greco, adem\u00e1s de estar situada a media hora de Madrid y de ser considerada \u201cla Jerusal\u00e9n de Occidente\u201d.<\/p>\n<p style=\"text-align: justify;\">Del mismo modo, ha ensalzado las minas de mercurio de Almad\u00e9n (Ciudad Real) y la figura de Cuenca como \u201cmagn\u00edfico ejemplo de ciudad medieval fortificada\u201d y referente en arte abstracto, adem\u00e1s de contar con un destacado \u201centorno natural\u201d en sus proximidades.<\/p>\n<p style=\"text-align: justify;\">Entre otros, Franco tambi\u00e9n se ha referido a los castillos, monasterios, yacimientos y \u201cciudades hist\u00f3ricas que conservan \u00edntegramente nuestro legado patrimonial\u201d, as\u00ed como \u201cla alegr\u00eda y fervor\u201d con que se viven las fiestas y tradiciones en la regi\u00f3n; algo a destacar \u201cteniendo en cuenta que Chengdu es la ciudad china donde se vive m\u00e1s feliz\u201d.<\/p>\n<p style=\"text-align: justify;\">En esta l\u00ednea, teniendo en cuenta el gran inter\u00e9s de los turistas chinos por el turismo cultural, la consejera de Econom\u00eda, Empresas y Empleo ha subrayado la celebraci\u00f3n de eventos que se desarrollan a lo largo del presente mes de julio, como el Festival Internacional de Teatro Cl\u00e1sico de Almagro y su Corral de Comedias, \u201cuno de los teatros m\u00e1s antiguos de Europa que data del siglo XVI\u201d; o el Festival de la lavanda de Brihuega (Guadalajara); as\u00ed como otras festividades que se suceden a lo largo del a\u00f1o como el Corpus de Toledo y otros sitios de la regi\u00f3n, o la Semana Santa de Toledo, Cuenca y Hell\u00edn, todas ellas \u201cdeclaradas fiestas de Inter\u00e9s Tur\u00edstico Internacional\u201d.<\/p>\n<p style=\"text-align: justify;\">Productos gastron\u00f3micos<\/p>\n<p style=\"text-align: justify;\">Asimismo, la consejera ha destacado la gastronom\u00eda castellano-manchega como \u201cotro de los grandes atractivos\u201d de la regi\u00f3n, haciendo especial hincapi\u00e9 en el aceite de oliva -dado el creciente inter\u00e9s que ha despertado en China este producto- junto a otros como el jam\u00f3n, el queso manchego, el azafr\u00e1n de La Mancha \u201co nuestros grandes vinos\u201d. Alimentos todos ellos \u201cque se pueden degustar en una gran oferta de restaurantes de calidad\u201d que ofrece la regi\u00f3n, muchos de ellos reconocidos con Estrellas Michelin.<\/p>\n<p style=\"text-align: justify;\">Asimismo, Patricia Franco ha avanzado que la Consejer\u00eda se encuentra trabajando para ampliar la oferta de cara al p\u00fablico chino, incluyendo la oferta de turismo idiom\u00e1tico, turismo de congresos o turismo de compra con \u201cmagn\u00edficas referencias en artesan\u00eda\u201d.<\/p>\n<p><!--publicidad-voz03--><a href=\"https:\/\/www.facebook.com\/profile.php?id=100063593791305&amp;locale=es_ES\"><img decoding=\"async\" class=\"alignnone size-medium\" src=\"https:\/\/blogger.googleusercontent.com\/img\/b\/R29vZ2xl\/AVvXsEi8_n_ll8UOcGxCqzFvb_9Io4ICczlGC990BPtPj2w9Px-u7B3oqWUW5vtjZUqPNJ-nyjiUIorE0ATsib_l5tV8BVN-UJ03RTnU__IHJF_4DgDBtY4LIqXNG-FomrO-7ywes20CBCRM2Hcm7EJSh3UUw1dO-c_uTflUrtgY1i7uBRezj_DpympmEFkfbQY\/s1600\/logo-principal2.jpg\" width=\"100%\" height=\"100\" \/><\/a><!--bestpublic-voz03--><!--desk-in-out-voz03--><br \/>\n<!--publicidad-voz04--><a href=\"https:\/\/www.facebook.com\/profile.php?id=61557370768692&amp;locale=es_ES\"><img decoding=\"async\" class=\"alignnone size-medium\" src=\"https:\/\/blogger.googleusercontent.com\/img\/b\/R29vZ2xl\/AVvXsEgy5RdcfffrnrItnYTcV9bCJjgJwldsQLWssfVfrLbyfXeBNTFKgBf0rMIvhrUaGUhiXzVr9_eQgCbi-j63ZDpfTvLIty9w7s140y-m1yHe7eKmEK7v2NAHUJDVYGdfeiQFeRCqUjdwWmN1MX_AUxxz4IVdJ4WIM0APxit8bjWkXzrnEFGqBvW_1F13H1g\/s1600\/logo-principal5.jpg\" width=\"100%\" height=\"100\" \/><\/a><!--bestpublic-voz04--><!--desk-in-out-voz04--><br \/>\n<!--publicidad-voz05--><a href=\"https:\/\/www.facebook.com\/asociaciontamborileroshellin?locale=es_ES\"><img decoding=\"async\" class=\"alignnone size-medium\" src=\"https:\/\/blogger.googleusercontent.com\/img\/b\/R29vZ2xl\/AVvXsEhHEEpZsKK1VpwiYMrS7aE2ujtqIDZoLd4B5wtbiseSU9s2HdTdQfhF84So2XwEB1fv0BLw95GADm6hUl1bkKtzh-eIgVigXONuu_5RxeIMPhjk8q6uNX4EaEHbooKkbu7pCADWPpVJjhKIH5NQSJpWqedC-YBez4QAQeJYokkLot9bhrIaUAeztsGis6M\/s1600\/logo-principal3.jpg\" width=\"100%\" height=\"100\" \/><\/a><!--bestpublic-voz05--><!--desk-in-out-voz05--><br \/>\n<!--publicidad-voz06--><!--bestpublic-voz06--><!--desk-in-out-voz06--><br \/>\n<!--publicidad-voz07--><!--bestpublic-voz07--><!--desk-in-out-voz07--><br \/>\n<!--publicidad-voz08--><!--bestpublic-voz08--><!--desk-in-out-voz08--><br \/>\n<!--publicidad-voz09--><!--bestpublic-voz09--><!--desk-in-out-voz09--><br \/>\n<!--publicidad-voz10--><!--bestpublic-voz10--><!--desk-in-out-voz10--><br \/>\n<!--publicidad-voz11--><!--bestpublic-voz11--><!--desk-in-out-voz11--><br \/>\n<!--publicidad-voz12--><!--bestpublic-voz12--><!--desk-in-out-voz12--><br \/>\n<!--publicidad-voz13--><!--bestpublic-voz13--><!--desk-in-out-voz13--><br \/>\n<!--publicidad-voz14--><!--bestpublic-voz14--><!--desk-in-out-voz14--><br \/>\n<!--publicidad-voz15--><!--bestpublic-voz15--><!--desk-in-out-voz15--><br \/>\n<!--publicidad-voz16--><!--bestpublic-voz16--><!--desk-in-out-voz16--><\/p>\n","protected":false},"excerpt":{"rendered":"<p>EL GOBIERNO REGIONAL PROMOCIONA LA SEMANA SANTA DE HELL\u00cdN EN CHINA<\/p>\n","protected":false},"author":2,"featured_media":90581,"comment_status":"closed","ping_status":"closed","sticky":false,"template":"","format":"standard","meta":{"footnotes":""},"categories":[723,718,715,716,717],"tags":[],"class_list":["post-102545","post","type-post","status-publish","format-standard","has-post-thumbnail","hentry","category-blog-lv005","category-blogger","category-la-voz-de-hellin","category-la-voz-de-hellin-la-voz-de-hellin","category-noticias"],"_links":{"self":[{"href":"https:\/\/lavozdehellin.com\/noticias\/wp-json\/wp\/v2\/posts\/102545","targetHints":{"allow":["GET"]}}],"collection":[{"href":"https:\/\/lavozdehellin.com\/noticias\/wp-json\/wp\/v2\/posts"}],"about":[{"href":"https:\/\/lavozdehellin.com\/noticias\/wp-json\/wp\/v2\/types\/post"}],"author":[{"embeddable":true,"href":"https:\/\/lavozdehellin.com\/noticias\/wp-json\/wp\/v2\/users\/2"}],"replies":[{"embeddable":true,"href":"https:\/\/lavozdehellin.com\/noticias\/wp-json\/wp\/v2\/comments?post=102545"}],"version-history":[{"count":0,"href":"https:\/\/lavozdehellin.com\/noticias\/wp-json\/wp\/v2\/posts\/102545\/revisions"}],"wp:featuredmedia":[{"embeddable":true,"href":"https:\/\/lavozdehellin.com\/noticias\/wp-json\/wp\/v2\/media\/90581"}],"wp:attachment":[{"href":"https:\/\/lavozdehellin.com\/noticias\/wp-json\/wp\/v2\/media?parent=102545"}],"wp:term":[{"taxonomy":"category","embeddable":true,"href":"https:\/\/lavozdehellin.com\/noticias\/wp-json\/wp\/v2\/categories?post=102545"},{"taxonomy":"post_tag","embeddable":true,"href":"https:\/\/lavozdehellin.com\/noticias\/wp-json\/wp\/v2\/tags?post=102545"}],"curies":[{"name":"wp","href":"https:\/\/api.w.org\/{rel}","templated":true}]}}