{"id":102583,"date":"2020-04-30T12:04:56","date_gmt":"2020-04-30T12:04:56","guid":{"rendered":"https:\/\/lavozdehellin.com\/noticias\/v01-162-y-ahora-como-quedamos-las-familias-reflexiones-en-tiempos-de-confinamiento\/"},"modified":"2024-01-04T14:03:48","modified_gmt":"2024-01-04T14:03:48","slug":"v01-162-y-ahora-como-quedamos-las-familias-reflexiones-en-tiempos-de-confinamiento","status":"publish","type":"post","link":"https:\/\/lavozdehellin.com\/noticias\/v01-162-y-ahora-como-quedamos-las-familias-reflexiones-en-tiempos-de-confinamiento\/","title":{"rendered":"LVH NOTICIAS | Y AHORA \u00bfCOMO QUEDAMOS LAS FAMILIAS? REFLEXIONES EN TIEMPOS DE CONFINAMIENTO."},"content":{"rendered":"<p style=\"text-align: justify;\">Y AHORA \u00bfCOMO QUEDAMOS LAS FAMILIAS?<\/p>\n<p><!--more--><br \/>\n<!--publicidad-voz01--><a href=\"https:\/\/www.facebook.com\/SoloRadioHellin\/?locale=es_ES\"><img decoding=\"async\" class=\"alignnone size-medium\" src=\"https:\/\/blogger.googleusercontent.com\/img\/b\/R29vZ2xl\/AVvXsEiNncirNnyGedv00mhjZjh5Wl4_YPdJGanoAl8tL8zH-HwqE8uHqjEfSt340RHdx-9tuCSIkZ8rFamZiGyYlgDGxCsmXjCH_1xk5eYM3ntFZRvJP_jndOKR7w1UAo9Tu0vrZyOLfqRpHIxYI5SymJJ-pfGCQw6QVpggBH-UgfjiFQ2JOxqxG0Jx94kW83c\/s1600\/logo-principal.jpg\" width=\"100%\" height=\"100\" \/><\/a><!--bestpublic-voz01--><!--desk-in-out-voz01--><br \/>\n<!--publicidad-voz02--><a href=\"https:\/\/www.hellincf.com\/\"><img decoding=\"async\" class=\"alignnone size-medium\" src=\"https:\/\/blogger.googleusercontent.com\/img\/b\/R29vZ2xl\/AVvXsEhuZ4-XfBVj3UtdP8-RZugy3WVrg-Zv28c53m4oV47qYCxL1rX_dqWX_YddsGSnpH5SRDqZ7bZeKPIfDVCDncpjVlhy3aQs2vojcJBn7Gdv9hC2_Nzct_pRFrnFE1a7KTCdY1bT_kAgnY3-iadRZrGeJf1fR2P5fu11bokx0pWjaypoy-ctwCjklldpEbA\/s1600\/logo-principal7.jpg\" width=\"100%\" height=\"100\" \/><\/a><!--bestpublic-voz02--><!--desk-in-out-voz02--><\/p>\n<p style=\"text-align: justify;\">Las familias han sido y son el soporte de cualquier sociedad. En esta crisis sanitaria las familias son el refugio de las personas, en familia se lleva mejor quedarse en casa. Se ha recuperado humanidad, son las primeras en ayudar a sus seres queridos en casa y fuera de casa a las personas con dificultades, personas solas, especialmente nuestros mayores. La familia es la primera estructura de la sociedad, donde se aprenden los valores humanos.<\/p>\n<p style=\"text-align: justify;\">Los hogares se han convertido en centros de trabajo, en escuelas, en centros de actividades de ocio para ni\u00f1os, j\u00f3venes y padres. Las dificultades que atravesamos son m\u00e1s llevaderas y las alegr\u00edas son m\u00e1s alegr\u00edas.<\/p>\n<p style=\"text-align: justify;\">Si, la familia es lo primero y m\u00e1s importante del ser humano. Hoy m\u00e1s que nunca las ra\u00edces se han robustecido.<\/p>\n<p style=\"text-align: justify;\">Pero la crisis tambi\u00e9n ha llegado. Muchas familias se encuentran en situaci\u00f3n de emergencia social temporal, han perdido los ingresos que les permit\u00edan al menos comer, sin embargo, la mayor\u00eda tenemos lo suficiente para cubrir las necesidades b\u00e1sicas, gracias a las personas que est\u00e1n en primera l\u00ednea en esta crisis, pero la mayor\u00eda con una situaci\u00f3n laboral mucho m\u00e1s complicada.<\/p>\n<p style=\"text-align: justify;\">Todos estamos preocupados por el nuevo panorama que se nos presenta, nada alentador, la econom\u00eda est\u00e1 seriamente afectada, la recuperaci\u00f3n, la vuelta a la normalidad, disfrutar del estado de bienestar que ten\u00edamos va a ser una tarea donde todos tendremos que arrimar el hombro. Pero esta tarea empieza por la familia, la base de la sociedad. Es una oportunidad para empezar de nuevo, cambiar todo aquello que no funcionaba.<\/p>\n<p style=\"text-align: justify;\">Hacemos Un llamamiento para tener en cuenta a las familias con hijos, no importa cuantos, su aporte es el futuro para todos. Hace mes y medio (una eternidad) se hablaba de despoblaci\u00f3n, de envejecimiento, ca\u00edda de natalidad, conciliaci\u00f3n, la soledad de muchas personas, sobre todo nuestros mayores, es ahora m\u00e1s patente que nunca. No se ten\u00eda en cuenta que, detr\u00e1s de cada medida de ayuda a cualquier colectivo hab\u00eda una familia. No se ten\u00eda en cuenta las circunstancias familiares, el cuidado de ni\u00f1os, de ancianos, de personas dependientes&#8230;<\/p>\n<p style=\"text-align: justify;\">Es momento ahora y ya de pensar en ello, de tomar medidas pensando en la familia, de dar un impulso realista a la conciliaci\u00f3n familiar y laboral.<\/p>\n<p style=\"text-align: justify;\">\u00bfQu\u00e9 hacen los progenitores que tienen hijos a cargo y tienen que volver al trabajo? Los ni\u00f1os est\u00e1n en casa, abrir escuelas infantiles o campamentos no es viable de momento. Fomentar el teletrabajo, flexibilidad de horarios, turnos&#8230; La conciliaci\u00f3n NO es un asunto entre empresas y trabajadores, es un asunto de estado. Es la sociedad la que quiere conciliar y juntos debemos hacerlo.<\/p>\n<p style=\"text-align: justify;\">Empezamos una vuelta lenta a la normalidad. Instamos a pensar en las familias con hijos en cada decisi\u00f3n econ\u00f3mica de recuperaci\u00f3n. Desde las instituciones deben proponerse planes pensando en las personas que tienen hijos a cargo y deben trabajar, pero facilitando su conciliaci\u00f3n familiar y laboral. Desde las empresas deben pensarse medidas eficaces y realistas.<\/p>\n<p style=\"text-align: justify;\">En esta nueva etapa de reinventarnos, la reconstrucci\u00f3n pasa por contar con la familia y no nos cabe duda de que las sociedad podr\u00e1 avanzar m\u00e1s r\u00e1pido en el bienestar de todos y para todos.<\/p>\n<p style=\"text-align: justify;\">ACAMAFAN.<\/p>\n<p><!--publicidad-voz03--><a href=\"https:\/\/www.facebook.com\/profile.php?id=100063593791305&amp;locale=es_ES\"><img decoding=\"async\" class=\"alignnone size-medium\" src=\"https:\/\/blogger.googleusercontent.com\/img\/b\/R29vZ2xl\/AVvXsEi8_n_ll8UOcGxCqzFvb_9Io4ICczlGC990BPtPj2w9Px-u7B3oqWUW5vtjZUqPNJ-nyjiUIorE0ATsib_l5tV8BVN-UJ03RTnU__IHJF_4DgDBtY4LIqXNG-FomrO-7ywes20CBCRM2Hcm7EJSh3UUw1dO-c_uTflUrtgY1i7uBRezj_DpympmEFkfbQY\/s1600\/logo-principal2.jpg\" width=\"100%\" height=\"100\" \/><\/a><!--bestpublic-voz03--><!--desk-in-out-voz03--><br \/>\n<!--publicidad-voz04--><a href=\"https:\/\/www.facebook.com\/profile.php?id=61557370768692&amp;locale=es_ES\"><img decoding=\"async\" class=\"alignnone size-medium\" src=\"https:\/\/blogger.googleusercontent.com\/img\/b\/R29vZ2xl\/AVvXsEgy5RdcfffrnrItnYTcV9bCJjgJwldsQLWssfVfrLbyfXeBNTFKgBf0rMIvhrUaGUhiXzVr9_eQgCbi-j63ZDpfTvLIty9w7s140y-m1yHe7eKmEK7v2NAHUJDVYGdfeiQFeRCqUjdwWmN1MX_AUxxz4IVdJ4WIM0APxit8bjWkXzrnEFGqBvW_1F13H1g\/s1600\/logo-principal5.jpg\" width=\"100%\" height=\"100\" \/><\/a><!--bestpublic-voz04--><!--desk-in-out-voz04--><br \/>\n<!--publicidad-voz05--><a href=\"https:\/\/www.facebook.com\/asociaciontamborileroshellin?locale=es_ES\"><img decoding=\"async\" class=\"alignnone size-medium\" src=\"https:\/\/blogger.googleusercontent.com\/img\/b\/R29vZ2xl\/AVvXsEhHEEpZsKK1VpwiYMrS7aE2ujtqIDZoLd4B5wtbiseSU9s2HdTdQfhF84So2XwEB1fv0BLw95GADm6hUl1bkKtzh-eIgVigXONuu_5RxeIMPhjk8q6uNX4EaEHbooKkbu7pCADWPpVJjhKIH5NQSJpWqedC-YBez4QAQeJYokkLot9bhrIaUAeztsGis6M\/s1600\/logo-principal3.jpg\" width=\"100%\" height=\"100\" \/><\/a><!--bestpublic-voz05--><!--desk-in-out-voz05--><br \/>\n<!--publicidad-voz06--><!--bestpublic-voz06--><!--desk-in-out-voz06--><br \/>\n<!--publicidad-voz07--><!--bestpublic-voz07--><!--desk-in-out-voz07--><br \/>\n<!--publicidad-voz08--><!--bestpublic-voz08--><!--desk-in-out-voz08--><br \/>\n<!--publicidad-voz09--><!--bestpublic-voz09--><!--desk-in-out-voz09--><br \/>\n<!--publicidad-voz10--><!--bestpublic-voz10--><!--desk-in-out-voz10--><br \/>\n<!--publicidad-voz11--><!--bestpublic-voz11--><!--desk-in-out-voz11--><br \/>\n<!--publicidad-voz12--><!--bestpublic-voz12--><!--desk-in-out-voz12--><br \/>\n<!--publicidad-voz13--><!--bestpublic-voz13--><!--desk-in-out-voz13--><br \/>\n<!--publicidad-voz14--><!--bestpublic-voz14--><!--desk-in-out-voz14--><br \/>\n<!--publicidad-voz15--><!--bestpublic-voz15--><!--desk-in-out-voz15--><br \/>\n<!--publicidad-voz16--><!--bestpublic-voz16--><!--desk-in-out-voz16--><\/p>\n","protected":false},"excerpt":{"rendered":"<p>Y AHORA \u00bfCOMO QUEDAMOS LAS FAMILIAS? REFLEXIONES EN TIEMPOS DE CONFINAMIENTO.<\/p>\n","protected":false},"author":2,"featured_media":90579,"comment_status":"closed","ping_status":"closed","sticky":false,"template":"","format":"standard","meta":{"footnotes":""},"categories":[723,718,715,716,717],"tags":[],"class_list":["post-102583","post","type-post","status-publish","format-standard","has-post-thumbnail","hentry","category-blog-lv005","category-blogger","category-la-voz-de-hellin","category-la-voz-de-hellin-la-voz-de-hellin","category-noticias"],"_links":{"self":[{"href":"https:\/\/lavozdehellin.com\/noticias\/wp-json\/wp\/v2\/posts\/102583","targetHints":{"allow":["GET"]}}],"collection":[{"href":"https:\/\/lavozdehellin.com\/noticias\/wp-json\/wp\/v2\/posts"}],"about":[{"href":"https:\/\/lavozdehellin.com\/noticias\/wp-json\/wp\/v2\/types\/post"}],"author":[{"embeddable":true,"href":"https:\/\/lavozdehellin.com\/noticias\/wp-json\/wp\/v2\/users\/2"}],"replies":[{"embeddable":true,"href":"https:\/\/lavozdehellin.com\/noticias\/wp-json\/wp\/v2\/comments?post=102583"}],"version-history":[{"count":0,"href":"https:\/\/lavozdehellin.com\/noticias\/wp-json\/wp\/v2\/posts\/102583\/revisions"}],"wp:featuredmedia":[{"embeddable":true,"href":"https:\/\/lavozdehellin.com\/noticias\/wp-json\/wp\/v2\/media\/90579"}],"wp:attachment":[{"href":"https:\/\/lavozdehellin.com\/noticias\/wp-json\/wp\/v2\/media?parent=102583"}],"wp:term":[{"taxonomy":"category","embeddable":true,"href":"https:\/\/lavozdehellin.com\/noticias\/wp-json\/wp\/v2\/categories?post=102583"},{"taxonomy":"post_tag","embeddable":true,"href":"https:\/\/lavozdehellin.com\/noticias\/wp-json\/wp\/v2\/tags?post=102583"}],"curies":[{"name":"wp","href":"https:\/\/api.w.org\/{rel}","templated":true}]}}