{"id":102585,"date":"2020-04-28T13:51:10","date_gmt":"2020-04-28T13:51:10","guid":{"rendered":"https:\/\/lavozdehellin.com\/noticias\/v01-164-servicios-sociales-de-hellin-ya-atiende-a-mas-de-600-familias-en-situacion-de-necesidad\/"},"modified":"2024-01-04T14:03:48","modified_gmt":"2024-01-04T14:03:48","slug":"v01-164-servicios-sociales-de-hellin-ya-atiende-a-mas-de-600-familias-en-situacion-de-necesidad","status":"publish","type":"post","link":"https:\/\/lavozdehellin.com\/noticias\/v01-164-servicios-sociales-de-hellin-ya-atiende-a-mas-de-600-familias-en-situacion-de-necesidad\/","title":{"rendered":"LVH NOTICIAS | SERVICIOS SOCIALES DE HELL\u00cdN YA ATIENDE A M\u00c1S DE 600 FAMILIAS EN SITUACI\u00d3N DE NECESIDAD"},"content":{"rendered":"<p style=\"text-align: justify;\">El concejal de Servicios Sociales, Emilio Pinar, ha comparecido telem\u00e1ticamente para, en primer lugar, mostrar su apoyo y solidaridad a todas aquellas personas que de una manera u otra se han visto afectadas por esta situaci\u00f3n, y en segundo lugar, informar que desde el pasado d\u00eda 14 de marzo la concejal\u00eda y el departamento de Servicios Sociales sigue trabajando en la creaci\u00f3n de nuevos programas y recursos que atiendan las posibles necesidades que est\u00e1n surgiendo.<\/p>\n<p><!--more--><br \/>\n<!--publicidad-voz01--><a href=\"https:\/\/www.facebook.com\/SoloRadioHellin\/?locale=es_ES\"><img decoding=\"async\" class=\"alignnone size-medium\" src=\"https:\/\/blogger.googleusercontent.com\/img\/b\/R29vZ2xl\/AVvXsEiNncirNnyGedv00mhjZjh5Wl4_YPdJGanoAl8tL8zH-HwqE8uHqjEfSt340RHdx-9tuCSIkZ8rFamZiGyYlgDGxCsmXjCH_1xk5eYM3ntFZRvJP_jndOKR7w1UAo9Tu0vrZyOLfqRpHIxYI5SymJJ-pfGCQw6QVpggBH-UgfjiFQ2JOxqxG0Jx94kW83c\/s1600\/logo-principal.jpg\" width=\"100%\" height=\"100\" \/><\/a><!--bestpublic-voz01--><!--desk-in-out-voz01--><br \/>\n<!--publicidad-voz02--><a href=\"https:\/\/www.hellincf.com\/\"><img decoding=\"async\" class=\"alignnone size-medium\" src=\"https:\/\/blogger.googleusercontent.com\/img\/b\/R29vZ2xl\/AVvXsEhuZ4-XfBVj3UtdP8-RZugy3WVrg-Zv28c53m4oV47qYCxL1rX_dqWX_YddsGSnpH5SRDqZ7bZeKPIfDVCDncpjVlhy3aQs2vojcJBn7Gdv9hC2_Nzct_pRFrnFE1a7KTCdY1bT_kAgnY3-iadRZrGeJf1fR2P5fu11bokx0pWjaypoy-ctwCjklldpEbA\/s1600\/logo-principal7.jpg\" width=\"100%\" height=\"100\" \/><\/a><!--bestpublic-voz02--><!--desk-in-out-voz02--><\/p>\n<p style=\"text-align: justify;\">El primer programa que se puso en marcha, en colaboraci\u00f3n con Cruz Roja y Protecci\u00f3n Civil, fue Mayores en Casa, un programa que gracias a un grupo de voluntarios, Cruz Roja y Protecci\u00f3n Civil y Guardia Civil, pretend\u00eda favorecer la estancia de las personas mayores y\/o vulnerables en sus domicilios. Las acciones que se han llevado a cabo son las siguientes:<\/p>\n<p style=\"text-align: justify;\">&#8211; Se han atendido 57 unidades familiares con las siguientes actuaciones:<\/p>\n<p style=\"text-align: justify; padding-left: 40px;\">36 relacionadas con compras de alimentos o medicamentos a cargo del usuario.<\/p>\n<p style=\"text-align: justify; padding-left: 40px;\">23 relacionadas con entregas de men\u00fas o realizaci\u00f3n de compras a cargo de las ayudas puestas a disposici\u00f3n por el Ayuntamiento de Hell\u00edn.<\/p>\n<p style=\"text-align: justify; padding-left: 40px;\">19 llamadas de informaci\u00f3n<\/p>\n<p style=\"text-align: justify; padding-left: 40px;\">9 relacionadas con seguimientos.<\/p>\n<p style=\"text-align: justify;\">&#8211; Con respecto a la coordinaci\u00f3n con otras entidades, de las gestiones que se han indicado:<\/p>\n<p style=\"text-align: justify; padding-left: 40px;\">25 derivadas a Cruz Roja<br \/>\n28 derivadas a Protecci\u00f3n Civil<br \/>\n2 a Polic\u00eda Local<br \/>\n3 a Guardia Civil<\/p>\n<p style=\"text-align: justify;\">En tercer lugar, informaba que debido a esta situaci\u00f3n se realiz\u00f3 una Resoluci\u00f3n de Alcald\u00eda que establec\u00eda la puesta en marcha de nuevas ayudas, \u00e1giles en su tramitaci\u00f3n, y que iban destinadas a paliar necesidades b\u00e1sicas. En dicha resoluci\u00f3n se establec\u00edan las ratios as\u00ed como el porcentaje y cuant\u00eda de dichas ayudas.<\/p>\n<p style=\"text-align: justify;\">Desde la concejal\u00eda se destaca la gran implicaci\u00f3n de todos y cada uno de los trabajadores y trabajadoras del Departamento de Servicios Sociales, que desde el primer momento no han entendido de horas ni de d\u00edas para trabajar en ofrecer los apoyos necesarios a todos aquellos que llamaban a Servicios Sociales buscando una ayuda. El concejal ha remarcado su profesionalidad, siempre cumpliendo con la normativa y requisitos exigidos en la legislaci\u00f3n vigente y la Resoluci\u00f3n de Alcald\u00eda, pero sobre todo su humanidad y calidez, en el trato con todos y cada uno de los usuarios.<\/p>\n<p style=\"text-align: justify;\">Con fecha de esta comparecencia p\u00fablica el n\u00famero de atenciones ha sido de 503, lo que da un resultado de 320 familias atendidas, con un total de 269 prestaciones y una cantidad econ\u00f3mica destinada a ellos que ronda los 10.000 euros. Por otro lado, la coordinaci\u00f3n con el resto de entidades sociales del municipio, C\u00e1ritas Interparroquial y Cruz Roja, ha sido total, de manera que no se han duplicado ayudas ni se han quedado personas sin atenci\u00f3n. En total, entre las tres entidades han sido m\u00e1s de 600 familias las atendidas.<\/p>\n<p style=\"text-align: justify;\">Con este respecto, en la ma\u00f1ana de hoy, el alcalde de Hell\u00edn, Ram\u00f3n Garc\u00eda, junto al propio concejal, han mantenido una reuni\u00f3n con C\u00e1ritas, Cruz Roja y Departamento de Servicios Sociales para la creaci\u00f3n de un Plan de Choque con el que actuar de manera eficaz y coordinada en la situaci\u00f3n que se plantee tras el confinamiento. Este plan se basar\u00e1 en la creaci\u00f3n de protocolos estandarizados basados en una primera ayuda y al mismo tiempo en el compromiso de los usuarios de establecer con ellos un Plan de Inserci\u00f3n laboral, que favorezca su empleabilidad y la toma de contacto con empresarios de la agricultura, que en la actualidad es un sector que necesita mano de obra.<\/p>\n<p style=\"text-align: justify;\">Por \u00faltimo, a\u00f1ad\u00eda que en el pleno de ma\u00f1ana se aprobar\u00e1 la concesi\u00f3n directa de las subvenciones sociosanitarias de la ciudad, que ateni\u00e9ndonos al art\u00edculo 11 del Reglamento Municipal de Subvenciones y a tenor de la causa de excepcionalidad que tenemos, se elimina la concurrencia competitiva y los tr\u00e1mites burocr\u00e1ticos en dichas ayudas. Desde la Concejal\u00eda entienden que son tiempos extraordinarios que requieren medidas extraordinarias y el apoyo a las entidades sociosanitarias de nuestro municipio es fundamental para asegurar su trabajo y continuidad.<\/p>\n<p><!--publicidad-voz03--><a href=\"https:\/\/www.facebook.com\/profile.php?id=100063593791305&amp;locale=es_ES\"><img decoding=\"async\" class=\"alignnone size-medium\" src=\"https:\/\/blogger.googleusercontent.com\/img\/b\/R29vZ2xl\/AVvXsEi8_n_ll8UOcGxCqzFvb_9Io4ICczlGC990BPtPj2w9Px-u7B3oqWUW5vtjZUqPNJ-nyjiUIorE0ATsib_l5tV8BVN-UJ03RTnU__IHJF_4DgDBtY4LIqXNG-FomrO-7ywes20CBCRM2Hcm7EJSh3UUw1dO-c_uTflUrtgY1i7uBRezj_DpympmEFkfbQY\/s1600\/logo-principal2.jpg\" width=\"100%\" height=\"100\" \/><\/a><!--bestpublic-voz03--><!--desk-in-out-voz03--><br \/>\n<!--publicidad-voz04--><a href=\"https:\/\/www.facebook.com\/profile.php?id=61557370768692&amp;locale=es_ES\"><img decoding=\"async\" class=\"alignnone size-medium\" src=\"https:\/\/blogger.googleusercontent.com\/img\/b\/R29vZ2xl\/AVvXsEgy5RdcfffrnrItnYTcV9bCJjgJwldsQLWssfVfrLbyfXeBNTFKgBf0rMIvhrUaGUhiXzVr9_eQgCbi-j63ZDpfTvLIty9w7s140y-m1yHe7eKmEK7v2NAHUJDVYGdfeiQFeRCqUjdwWmN1MX_AUxxz4IVdJ4WIM0APxit8bjWkXzrnEFGqBvW_1F13H1g\/s1600\/logo-principal5.jpg\" width=\"100%\" height=\"100\" \/><\/a><!--bestpublic-voz04--><!--desk-in-out-voz04--><br \/>\n<!--publicidad-voz05--><a href=\"https:\/\/www.facebook.com\/asociaciontamborileroshellin?locale=es_ES\"><img decoding=\"async\" class=\"alignnone size-medium\" src=\"https:\/\/blogger.googleusercontent.com\/img\/b\/R29vZ2xl\/AVvXsEhHEEpZsKK1VpwiYMrS7aE2ujtqIDZoLd4B5wtbiseSU9s2HdTdQfhF84So2XwEB1fv0BLw95GADm6hUl1bkKtzh-eIgVigXONuu_5RxeIMPhjk8q6uNX4EaEHbooKkbu7pCADWPpVJjhKIH5NQSJpWqedC-YBez4QAQeJYokkLot9bhrIaUAeztsGis6M\/s1600\/logo-principal3.jpg\" width=\"100%\" height=\"100\" \/><\/a><!--bestpublic-voz05--><!--desk-in-out-voz05--><br \/>\n<!--publicidad-voz06--><!--bestpublic-voz06--><!--desk-in-out-voz06--><br \/>\n<!--publicidad-voz07--><!--bestpublic-voz07--><!--desk-in-out-voz07--><br \/>\n<!--publicidad-voz08--><!--bestpublic-voz08--><!--desk-in-out-voz08--><br \/>\n<!--publicidad-voz09--><!--bestpublic-voz09--><!--desk-in-out-voz09--><br \/>\n<!--publicidad-voz10--><!--bestpublic-voz10--><!--desk-in-out-voz10--><br \/>\n<!--publicidad-voz11--><!--bestpublic-voz11--><!--desk-in-out-voz11--><br \/>\n<!--publicidad-voz12--><!--bestpublic-voz12--><!--desk-in-out-voz12--><br \/>\n<!--publicidad-voz13--><!--bestpublic-voz13--><!--desk-in-out-voz13--><br \/>\n<!--publicidad-voz14--><!--bestpublic-voz14--><!--desk-in-out-voz14--><br \/>\n<!--publicidad-voz15--><!--bestpublic-voz15--><!--desk-in-out-voz15--><br \/>\n<!--publicidad-voz16--><!--bestpublic-voz16--><!--desk-in-out-voz16--><\/p>\n","protected":false},"excerpt":{"rendered":"<p>SERVICIOS SOCIALES DE HELL\u00cdN YA ATIENDE A M\u00c1S DE 600 FAMILIAS EN SITUACI\u00d3N DE NECESIDAD<\/p>\n","protected":false},"author":2,"featured_media":90582,"comment_status":"closed","ping_status":"closed","sticky":false,"template":"","format":"standard","meta":{"footnotes":""},"categories":[723,718,715,716,717],"tags":[],"class_list":["post-102585","post","type-post","status-publish","format-standard","has-post-thumbnail","hentry","category-blog-lv005","category-blogger","category-la-voz-de-hellin","category-la-voz-de-hellin-la-voz-de-hellin","category-noticias"],"_links":{"self":[{"href":"https:\/\/lavozdehellin.com\/noticias\/wp-json\/wp\/v2\/posts\/102585","targetHints":{"allow":["GET"]}}],"collection":[{"href":"https:\/\/lavozdehellin.com\/noticias\/wp-json\/wp\/v2\/posts"}],"about":[{"href":"https:\/\/lavozdehellin.com\/noticias\/wp-json\/wp\/v2\/types\/post"}],"author":[{"embeddable":true,"href":"https:\/\/lavozdehellin.com\/noticias\/wp-json\/wp\/v2\/users\/2"}],"replies":[{"embeddable":true,"href":"https:\/\/lavozdehellin.com\/noticias\/wp-json\/wp\/v2\/comments?post=102585"}],"version-history":[{"count":0,"href":"https:\/\/lavozdehellin.com\/noticias\/wp-json\/wp\/v2\/posts\/102585\/revisions"}],"wp:featuredmedia":[{"embeddable":true,"href":"https:\/\/lavozdehellin.com\/noticias\/wp-json\/wp\/v2\/media\/90582"}],"wp:attachment":[{"href":"https:\/\/lavozdehellin.com\/noticias\/wp-json\/wp\/v2\/media?parent=102585"}],"wp:term":[{"taxonomy":"category","embeddable":true,"href":"https:\/\/lavozdehellin.com\/noticias\/wp-json\/wp\/v2\/categories?post=102585"},{"taxonomy":"post_tag","embeddable":true,"href":"https:\/\/lavozdehellin.com\/noticias\/wp-json\/wp\/v2\/tags?post=102585"}],"curies":[{"name":"wp","href":"https:\/\/api.w.org\/{rel}","templated":true}]}}