{"id":102586,"date":"2020-04-23T09:48:42","date_gmt":"2020-04-23T09:48:42","guid":{"rendered":"https:\/\/lavozdehellin.com\/noticias\/v01-165-recomendaciones-literarias-para-el-del-dia-del-libro\/"},"modified":"2024-01-04T14:03:49","modified_gmt":"2024-01-04T14:03:49","slug":"v01-165-recomendaciones-literarias-para-el-del-dia-del-libro","status":"publish","type":"post","link":"https:\/\/lavozdehellin.com\/noticias\/v01-165-recomendaciones-literarias-para-el-del-dia-del-libro\/","title":{"rendered":"LVH NOTICIAS | RECOMENDACIONES LITERARIAS PARA EL DEL DIA DEL LIBRO"},"content":{"rendered":"<p style=\"text-align: justify;\">Suspiros de color violeta &#8211; Jos\u00e9 Antonio Iniesta &#8211; Editorial Siete Luces<\/p>\n<p><!--more--><br \/>\n<!--publicidad-voz01--><a href=\"https:\/\/www.facebook.com\/SoloRadioHellin\/?locale=es_ES\"><img decoding=\"async\" class=\"alignnone size-medium\" src=\"https:\/\/blogger.googleusercontent.com\/img\/b\/R29vZ2xl\/AVvXsEiNncirNnyGedv00mhjZjh5Wl4_YPdJGanoAl8tL8zH-HwqE8uHqjEfSt340RHdx-9tuCSIkZ8rFamZiGyYlgDGxCsmXjCH_1xk5eYM3ntFZRvJP_jndOKR7w1UAo9Tu0vrZyOLfqRpHIxYI5SymJJ-pfGCQw6QVpggBH-UgfjiFQ2JOxqxG0Jx94kW83c\/s1600\/logo-principal.jpg\" width=\"100%\" height=\"100\" \/><\/a><!--bestpublic-voz01--><!--desk-in-out-voz01--><br \/>\n<!--publicidad-voz02--><a href=\"https:\/\/www.hellincf.com\/\"><img decoding=\"async\" class=\"alignnone size-medium\" src=\"https:\/\/blogger.googleusercontent.com\/img\/b\/R29vZ2xl\/AVvXsEhuZ4-XfBVj3UtdP8-RZugy3WVrg-Zv28c53m4oV47qYCxL1rX_dqWX_YddsGSnpH5SRDqZ7bZeKPIfDVCDncpjVlhy3aQs2vojcJBn7Gdv9hC2_Nzct_pRFrnFE1a7KTCdY1bT_kAgnY3-iadRZrGeJf1fR2P5fu11bokx0pWjaypoy-ctwCjklldpEbA\/s1600\/logo-principal7.jpg\" width=\"100%\" height=\"100\" \/><\/a><!--bestpublic-voz02--><!--desk-in-out-voz02--><\/p>\n<p style=\"text-align: justify;\">Relatos de una esencia m\u00e1gica. Narraciones con mucho misterio y un pr\u00f3logo del escritor e investigador Jes\u00fas Callejo.<\/p>\n<p style=\"text-align: justify;\">Esta obra est\u00e1 compuesta por trece cuentos m\u00e1gicos escritos a lo largo de una vida, en distintos momentos en los que el autor ha querido reflejar un episodio de gran transcendencia, un proceso revelador de su existencia o un sentimiento que le dej\u00f3 huella para siempre. Son mojones en un camino que siempre ha estado entregado al prodigio en cada uno de los aspectos de su larga y compleja andadura.<\/p>\n<p style=\"text-align: justify;\">Aunque envueltos totalmente por la magia arcana, lo sobrenatural, lo que parece imposible, no son m\u00e1s que la expresi\u00f3n literaria y metaf\u00f3rica de experiencias reales, vividas personalmente, la cr\u00f3nica del tr\u00e1nsito entre dimensiones que ha sido caracter\u00edstica de su b\u00fasqueda como escritor e investigador, pero m\u00e1s todav\u00eda como ser espiritual que ha bebido de las fuentes primigenias del conocimiento proveniente de las m\u00e1s diversas civilizaciones ancestrales.<\/p>\n<p style=\"text-align: justify;\">Los \u00e1ngeles, los seres m\u00e1gicos de la naturaleza y la conciencia de un ser vivo como es la Tierra, se unen a la pr\u00e1ctica del chamanismo, la muerte de un padre, el amor absoluto y la legendaria existencia de seres que a lo largo de los tiempos han creado escuelas inici\u00e1ticas y han alcanzado el conocimiento para entregarlo a las generaciones futuras.<\/p>\n<p style=\"text-align: justify;\">Nada es lo que parece en estas p\u00e1ginas. M\u00e1s all\u00e1 de la aparente fantas\u00eda, de la urdimbre de s\u00edmbolos, del relato m\u00e1gico en el que pululan seres de aspecto glorioso o terrible, todo es en esencia la experiencia de quien ha buscado encontrar el rostro de la divinidad en los infinitos aspectos de todo cuanto ha sido creado.<\/p>\n<p style=\"text-align: justify;\"><iframe title=\"Suspiros de color violeta\" type=\"text\/html\" width=\"640\" height=\"550\" frameborder=\"0\" allowfullscreen style=\"max-width:100%\" src=\"https:\/\/leer.amazon.es\/kp\/card?preview=inline&#038;linkCode=kpd&#038;ref_=k4w_oembed_hwjv3PHkg0cnk3&#038;asin=B07Y5JM91M&#038;tag=kpembed-20\"><\/iframe><\/p>\n<p style=\"text-align: justify;\">El semillero de la Luz &#8211; Jos\u00e9 Antonio Iniesta &#8211; Editorial Siete Luces<\/p>\n<p style=\"text-align: justify;\">Hacen faltas semillas que germinen para que den buenas cosechas, y para que no se apoderen de nuestro mundo las tinieblas es necesario un semillero de luz que despierte nuestras conciencias. Por eso este libro es un ramillete de textos de luz, de sencilla expresi\u00f3n y met\u00e1fora profunda, para acceder a la sabidur\u00eda secreta del silencio y la reflexi\u00f3n. Magia y m\u00e1s magia guarda esta obra, envuelta en la palabra con reveladores mensajes. Un mundo en miniatura poblado por domesticadores del ego, un p\u00e1jaro de la armon\u00eda y sembradores del miedo, en una dimensi\u00f3n escrita donde el lector puede encontrarse con un trapecio de la luz y reveladores espejos, entre los que caminan h\u00e9roes que se encarnan en la Tierra, en un mundo en el que nos alimentan con mentiras y donde existe una oficina esp\u00edritus perdidos.<\/p>\n<p style=\"text-align: justify;\">Aqu\u00ed nada desaparece del todo, el don de la palabra nos redime y nos permite mantener la frecuencia por si acaso nos dormimos en los laureles. En este libro, que est\u00e1 escrito con una profunda carga simb\u00f3lica, todas estas frases son s\u00f3lo algunos de los t\u00edtulos de esos textos escritos con el coraz\u00f3n, para corazones sensibles, que permitir\u00e1n viajar al lector, sin moverse de su sitio, a parajes singulares con los que seguramente so\u00f1\u00f3 en alguna que otra ocasi\u00f3n.<\/p>\n<p style=\"text-align: justify;\"><iframe title=\"El semillero de la Luz\" type=\"text\/html\" width=\"640\" height=\"550\" frameborder=\"0\" allowfullscreen style=\"max-width:100%\" src=\"https:\/\/leer.amazon.es\/kp\/card?preview=inline&#038;linkCode=kpd&#038;ref_=k4w_oembed_96ZDSizYqheOIF&#038;asin=1688706674&#038;tag=kpembed-20\"><\/iframe><\/p>\n<p style=\"text-align: justify;\">Viajando hacia la Luz &#8211; Jos\u00e9 Antonio Iniesta &#8211; Editorial Siete Luces<\/p>\n<p style=\"text-align: justify;\">\u201cViajando hacia la Luz\u201d es el resultado de toda una vida de b\u00fasqueda espiritual, la vivencia interior de un escritor e investigador que, por encima de todo, m\u00e1s incluso que un descifrador de enigmas, es un ser humano entregado a la interminable tarea de experimentar la espiritualidad, el misterio de lo divino. Para ello ha viajado a los lugares m\u00e1s remotos del planeta, conviviendo con toda clase de grupos \u00e9tnicos, guardianes del conocimiento y maestros de sabidur\u00eda. El motivo para escribir este libro tiene que ver con sucesos sobrenaturales, una llamada y una petici\u00f3n de la forma m\u00e1s asombrosa que alguien pueda imaginar. Es, sin duda, un apasionante viaje hacia la verdadera esencia de la Creaci\u00f3n y del origen y destino de la especie humana, en un constante proceso de evoluci\u00f3n.<\/p>\n<p style=\"text-align: justify;\"><iframe title=\"Viajando hacia la Luz: Gu\u00eda de ayuda para las almas perdidas\" type=\"text\/html\" width=\"640\" height=\"550\" frameborder=\"0\" allowfullscreen style=\"max-width:100%\" src=\"https:\/\/leer.amazon.es\/kp\/card?preview=inline&#038;linkCode=kpd&#038;ref_=k4w_oembed_pWAjCpZwwmd2SW&#038;asin=B07YJQC69C&#038;tag=kpembed-20\"><\/iframe><\/p>\n<p style=\"text-align: justify;\">El escriba de las estrellas &#8211; Jos\u00e9 Antonio Iniesta &#8211; Editorial Siete Luces<\/p>\n<p style=\"text-align: justify;\">(Novela de un tiempo remoto, de or\u00e1culos y sortilegios, que encierra el enigma de un tiempo presente).<\/p>\n<p style=\"text-align: justify;\">En este libro est\u00e1 oculto entre l\u00edneas el que sin duda es uno de los m\u00e1s grandes secretos del autor, lo que se esconde detr\u00e1s de una b\u00fasqueda interminable, durante toda una vida, del conocimiento ancestral del planeta, al que han accedido de una u otra forma todas las culturas.<\/p>\n<p style=\"text-align: justify;\">Es la historia de un anciano escriba, de alguien que recorre el mundo, en una \u00e9poca remota, con el prop\u00f3sito de que toda la sabidur\u00eda que ha atesorado a lo largo de su existencia no se pierda, y pueda ayudar alg\u00fan d\u00eda a otros seres que, como \u00e9l, quieren conocerse a s\u00ed mismos y acceder a otras realidades.<\/p>\n<p style=\"text-align: justify;\">La paradoja es que es una historia situada en un tiempo lejano, hace miles de a\u00f1os, alegor\u00eda pura de la divinidad que se encuentra en cada uno de los seres humanos, de la b\u00fasqueda del conocimiento de todos los tiempos, y es al mismo tiempo la de un ser que recuerda su pasado. Sigue siendo el mismo en el presente, sembrando semillas de luz para que alguien las encuentre en el futuro y germinen, como cosecha para los que llegar\u00e1n el d\u00eda de ma\u00f1ana.<\/p>\n<p style=\"text-align: justify;\"><iframe title=\"El escriba de las estrellas\" type=\"text\/html\" width=\"640\" height=\"550\" frameborder=\"0\" allowfullscreen style=\"max-width:100%\" src=\"https:\/\/leer.amazon.es\/kp\/card?preview=inline&#038;linkCode=kpd&#038;ref_=k4w_oembed_rQXwkCX6a9fra4&#038;asin=B07Z3QX3HR&#038;tag=kpembed-20\"><\/iframe><\/p>\n<p style=\"text-align: justify;\">Los barrenderos del miedo &#8211; Jos\u00e9 Antonio Iniesta &#8211; Editorial Siete Luces<\/p>\n<p style=\"text-align: justify;\">\u00bfQui\u00e9n ejerce el verdadero control sobre los seres humanos? El misterioso relato de \u201cLos barrenderos del miedo\u201d nos sumerge en una conjura para acabar con el miedo y la oscuridad que reinan en un lugar que parece fruto de la imaginaci\u00f3n, un imperio que est\u00e1 m\u00e1s all\u00e1 del tiempo y del espacio de la sociedad en la que vivimos. Y sin embargo, como el lector descubrir\u00e1 poco a poco, los s\u00edmbolos se revelan como guardianes de una realidad m\u00e1s cercana a nosotros de lo que imaginamos. En clave inici\u00e1tica, con un argumento sorprendente, en el que la magia y la fuerza del esp\u00edritu se enfrentan a la maldad y la expansi\u00f3n de la oscuridad, nos encontramos con una obra en la que la clave es la esperanza, capaz de disolver el inmenso poder de una misteriosa fuerza, pues este libro nos ofrecer\u00e1 la respuesta a uno de los grandes enigmas de la Humanidad&#8230;<\/p>\n<p style=\"text-align: justify;\"><iframe title=\"Los barrenderos del miedo\" type=\"text\/html\" width=\"640\" height=\"550\" frameborder=\"0\" allowfullscreen style=\"max-width:100%\" src=\"https:\/\/leer.amazon.es\/kp\/card?preview=inline&#038;linkCode=kpd&#038;ref_=k4w_oembed_XOxoeQyLcSxYP4&#038;asin=B07Z3XC364&#038;tag=kpembed-20\"><\/iframe><\/p>\n<p style=\"text-align: justify;\">Un susurro al amanecer &#8211; Jos\u00e9 Antonio Iniesta &#8211; Editorial Siete Luces<\/p>\n<p style=\"text-align: justify;\">Sutil como un tenue susurro cuando amanece, como un aliento o un murmullo, es cada uno de los textos de luz de este libro que, con una narrativa impregnada por la poes\u00eda, desvela el secreto que encierran m\u00faltiples aspectos de nuestra vida, la que est\u00e1 al alcance de nuestros ojos y la que tan s\u00f3lo forma parte del misterio. La constante metamorfosis, el amor que todo lo puede, la importancia del presente que vivimos, la existencia de Dios o las c\u00e1rceles del alma, se revelan con la fuerza de un lenguaje que viene del esp\u00edritu, de la pura introspecci\u00f3n, de la vivencia personal, hasta la m\u00e9dula, de cuanto aqu\u00ed se narra con la voz del que ha visto y experimentado otras realidades. Lo que hay m\u00e1s all\u00e1 del arco iris, el vuelo de la mariposa, el titilar de las estrellas, el perd\u00f3n o el rostro de la divinidad, son algunos de los muchos atisbos de otra forma de entender la existencia, de ver m\u00e1s all\u00e1 de lo cotidiano. Es el relato de lo sublime cuando invade lo que es habitual, el amor por lo inaprensible que desborda la conciencia de lo material, la pura esencia de un viaje a todas partes cuando se alcanza el Infinito. Una gu\u00eda para vivir hacia adentro, para sentir de otra forma, para aprender tanto de lo bueno como de lo malo, para ver la belleza de cuanto nos rodea, tanto en lo que es agradable como en lo que nos parece feo. Porque en esa dualidad de la rueda de la existencia est\u00e1 la totalidad de lo que se busca y lo que se puede alcanzar.<\/p>\n<p style=\"text-align: justify;\"><iframe title=\"Un susurro al amanecer\" type=\"text\/html\" width=\"640\" height=\"550\" frameborder=\"0\" allowfullscreen style=\"max-width:100%\" src=\"https:\/\/leer.amazon.es\/kp\/card?preview=inline&#038;linkCode=kpd&#038;ref_=k4w_oembed_bg1C0HKxoHbrmW&#038;asin=B081FH8G4C&#038;tag=kpembed-20\"><\/iframe><\/p>\n<p style=\"text-align: justify;\">Los guardianes del Tiempo &#8211; Jos\u00e9 Antonio Iniesta &#8211; Editorial Siete Luces<\/p>\n<p style=\"text-align: justify;\">Del misterio de las p\u00e1ginas de este libro surge la b\u00fasqueda de unos m\u00e1gicos seres, los guardianes del Tiempo, vinculados a un tiempo que no es el actual, lineal y ficticio, sino que se corresponde con la din\u00e1mica del Universo, con las sincronicidades y el Orden Sincr\u00f3nico, lo que los m\u00edsticos y visionarios conocen como el No Tiempo o el Eterno Presente. No hay un pasado ni un futuro en estas p\u00e1ginas, pues todo lo es en un instante, a la vez. La esencia de unos seres que sincronizan sucesos, que viajan en el Tiempo, se manifiesta a trav\u00e9s de un relato tan metaf\u00f3rico como real en la vida del que busca la iniciaci\u00f3n, la ruptura con lo cotidiano, la fusi\u00f3n con el Gran Misterio que hace comprensible el caos en el que aparentemente nos movemos. Es una aventura m\u00edtica, pero es tambi\u00e9n la historia de todo aquel que quiere volver a tener la uni\u00f3n que exist\u00eda en el pasado con los ciclos de la naturaleza, regidos por el Sol, la Luna, la Tierra y las estrellas. Es un largo viaje de encuentros con lo ins\u00f3lito, lo que parece estar en otra dimensi\u00f3n y, sin embargo, es reconocible, para el que tiene ojos para ver, como algo presente a la vuelta de la esquina. Se trata de la ins\u00f3lita experiencia de la exploraci\u00f3n de uno mismo, la b\u00fasqueda entre las sombras de los miedos y las dudas, para encontrarse al otro lado de ninguna parte. La alegor\u00eda del continuo mensaje revelado se manifiesta en el encuentro con toda clase de seres que indican un camino, las se\u00f1ales que siempre nos gu\u00edan, para las que hay que estar atento, con los ojos abiertos, no s\u00f3lo con los que vemos en la tercera dimensi\u00f3n, sino con los del esp\u00edritu, que nos permitir\u00e1n atravesar los m\u00e1s asombrosos umbrales.<\/p>\n<p style=\"text-align: justify;\"><iframe title=\"Los guardianes del Tiempo\" type=\"text\/html\" width=\"640\" height=\"550\" frameborder=\"0\" allowfullscreen style=\"max-width:100%\" src=\"https:\/\/leer.amazon.es\/kp\/card?preview=inline&#038;linkCode=kpd&#038;ref_=k4w_oembed_9KwudCBKjykn0W&#038;asin=B081FSVQ1Y&#038;tag=kpembed-20\"><\/iframe><\/p>\n<p style=\"text-align: justify;\">Sue\u00f1os de mariposa &#8211; Jos\u00e9 Antonio Iniesta &#8211; Editorial Siete Luces<\/p>\n<p style=\"text-align: justify;\">Utilizando el s\u00edmbolo de la transformaci\u00f3n de la oruga en mariposa, como ejemplo de la transformaci\u00f3n del propio ser humano, nos sumergimos en unos relatos absolutamente m\u00e1gicos, llenos de poes\u00eda y met\u00e1fora, en los que la naturaleza habla directamente al coraz\u00f3n. El agua del r\u00edo, los \u00e1rboles, las flores o los p\u00e1jaros, se convierten en protagonistas, a trav\u00e9s de una prosa cautivadora, y escenifican la compleja andadura de la humanidad, siempre sumida en una interminable encrucijada. El bosque se convierte as\u00ed en un espejo de nuestras vidas, y las maravillosas historias que en su interior suceden son el reflejo del alma de cada uno de los seres humanos. Es la alegor\u00eda del proceso evolutivo que nos lleva a un estado superior de conciencia, simbolizado por la oruga que se convierte en mariposa, la exaltaci\u00f3n de los valores supremos, la vivencia espiritual, el acercamiento a otras dimensiones. Los seres de la naturaleza se convierten en elementos imprescindibles de este c\u00e1ntico a la vida, reflejando, con sus actos y di\u00e1logos, los m\u00e1s profundos anhelos de la especie humana. \u201cSue\u00f1os de mariposa\u201d es una alegor\u00eda de la transformaci\u00f3n interior, del vuelo espiritual, del milagro de la vida, de la esperanza en que todo puede ser mejor en nuestra existencia cotidiana.<\/p>\n<p style=\"text-align: justify;\"><iframe title=\"Sue\u00f1os de mariposa\" type=\"text\/html\" width=\"640\" height=\"550\" frameborder=\"0\" allowfullscreen style=\"max-width:100%\" src=\"https:\/\/leer.amazon.es\/kp\/card?preview=inline&#038;linkCode=kpd&#038;ref_=k4w_oembed_lUR8NhSMeph24H&#038;asin=B0811XSP47&#038;tag=kpembed-20\"><\/iframe><\/p>\n<p style=\"text-align: justify;\">Aliento fot\u00f3nico &#8211; Jos\u00e9 Antonio Iniesta &#8211; Editorial Siete Luces<\/p>\n<p style=\"text-align: justify;\">Cuarenta textos relacionados con la espiritualidad, con el cambio de conciencia. Aborda los misterios de la existencia, los prodigios con los que nos encontramos, la magia de la existencia diaria, las sincronicidades, todos esos procesos tan singulares que hacen que el ser humano evolucione constantemente. Un aliento de vida en cada expresi\u00f3n de la palabra, una forma de ver con otros ojos y transmitir a los dem\u00e1s la belleza, la armon\u00eda y la magia que se encuentra en cualquier cosa que observamos, por m\u00e1s que nos quieran enga\u00f1ar los espejismos de los sentidos. Una b\u00fasqueda personal e infinita del que quiere saber de s\u00ed mismo, explorando sin miedo alguno lo m\u00e1s profundo de su ser, aunque sea con el desgarro del alma. El viaje interminable de un ser humano en busca de su naturaleza m\u00e1s aut\u00e9ntica, una huella invisible dejada en el camino en el que siempre quedar\u00e1 la esencia del caminante\u2026<\/p>\n<p style=\"text-align: justify;\"><iframe title=\"Aliento fot\u00f3nico\" type=\"text\/html\" width=\"640\" height=\"550\" frameborder=\"0\" allowfullscreen style=\"max-width:100%\" src=\"https:\/\/leer.amazon.es\/kp\/card?preview=inline&#038;linkCode=kpd&#038;ref_=k4w_oembed_60KB1IIjCOgNMn&#038;asin=B07ZZJ689K&#038;tag=kpembed-20\"><\/iframe><\/p>\n<p style=\"text-align: justify;\">Revelaciones &#8211; Jos\u00e9 Antonio Iniesta &#8211; Editorial Siete Luces<\/p>\n<p style=\"text-align: justify;\">La propia vida, en cada uno de los momentos del d\u00eda, es una fuente de revelaciones que nos abren la puerta del conocimiento. S\u00f3lo hay que tener una nueva visi\u00f3n para ver m\u00e1s all\u00e1 de lo que no alcanzamos a observar con nuestros ojos, porque fijamos la atenci\u00f3n en cuestiones intranscendentes. S\u00f3lo hay que saber o\u00edr el susurro de una voz que nos acerca al Misterio, a la cadencia de nuestra frecuencia interna. En lo sencillo habita lo complejo, y lo m\u00e1s complejo se nos muestra en el momento que menos imaginamos, siempre que estemos preparados para recibir el regalo del milagro, del prodigio, del cambio de conciencia, del golpe de gracia para iniciar una nueva octava en la espiral constante de nuestra evoluci\u00f3n, que nos puede llevar del Microcosmos al Macrocosmos, y viceversa, en un abrir y cerrar de ojos. Nunca hay puertas que est\u00e9n enteramente cerradas si uno sabe abrirlas, cuando se desea hacerlo verdaderamente, porque al otro lado de cualquier esquina podemos encontrarnos con lo que verdaderamente somos nosotros mismos. La muerte, los seres de luz que nos abrazan, aquellos que nos visitan desde otros mundos f\u00edsicos, o provenientes de inimaginables dimensiones, son una fuente de reflexi\u00f3n en este libro, junto con la bestia del ego, el Tiempo, los estados alterados de conciencia, la locura que habita en las calles, los procesos del esp\u00edritu, la tiran\u00eda entre los seres humanos, los guardianes de la tradici\u00f3n y la Luz expandi\u00e9ndose por todas partes. \u201cRevelaciones\u201d sondea desde lo m\u00e1s profundo de una habitaci\u00f3n el juego hermoso y terrible, al mismo tiempo, de la dualidad de la luz y la oscuridad en la que todos los seres nos movemos.<\/p>\n<p style=\"text-align: justify;\"><iframe title=\"Revelaciones\" type=\"text\/html\" width=\"640\" height=\"550\" frameborder=\"0\" allowfullscreen style=\"max-width:100%\" src=\"https:\/\/leer.amazon.es\/kp\/card?preview=inline&#038;linkCode=kpd&#038;ref_=k4w_oembed_HEpeMkQ75JhKui&#038;asin=B081NMCX75&#038;tag=kpembed-20\"><\/iframe><\/p>\n<p style=\"text-align: justify;\">La buhardilla del S\u00e9ptimo Cielo &#8211; Jos\u00e9 Antonio Iniesta &#8211; Editorial Siete Luces<\/p>\n<p style=\"text-align: justify;\">En una enigm\u00e1tica construcci\u00f3n, m\u00e1s extra\u00f1a por dentro que por fuera, donde el paso del tiempo es irreconocible y el espacio se expande hacia el Infinito, tiene lugar la b\u00fasqueda de un ser humano que es, al fin y al cabo, la de todos. Un laberinto de pruebas inici\u00e1ticas, una enciclopedia de acertijos, un viaje a todos los lugares y al interior de uno mismo, dan forma a una historia que nunca es realmente lo que parece, pero que, de comienzo a fin, es la met\u00e1fora del proceso que cada ser humano experimenta a lo largo de su vida para comprender su origen y su destino. Se trata de descifrar los misterios de la vida y entregarse a un cambio de conciencia que har\u00e1 posible que sea coherente con su destino. Para ello tiene que fundirse, m\u00e1s tarde o m\u00e1s temprano, con la conciencia divina de la que procede. Pura poes\u00eda es la narrativa del lenguaje, pueblos y personajes extra\u00f1os surgiendo de la nada para darle forma al Todo, gozo y sacrificio, y muchos senderos en un interminable cruce de caminos, es lo que hay en este libro m\u00e1gico, porque encierra la magia de la peregrinaci\u00f3n del esp\u00edritu para alcanzar algo sublime, que s\u00f3lo se descubrir\u00e1 al final: el secreto tesoro que han buscado todos los seres humanos desde el comienzo de los tiempos.<\/p>\n<p style=\"text-align: justify;\">.https:\/\/www.amazon.es\/buhardilla-del-S%C3%A9ptimo-Cielo-ebook\/dp\/B0825BL5FM\/ref=sr_1_14?__mk_es_ES=%C3%85M%C3%85%C5%BD%C3%95%C3%91&amp;dchild=1&amp;keywords=Jos%C3%A9+Antonio+Iniesta&amp;qid=1588267139&amp;sr=8-14<\/p>\n<p style=\"text-align: justify;\">Caminante del Cielo &#8211; Jos\u00e9 Antonio Iniesta &#8211; Editorial Siete Luces<\/p>\n<p style=\"text-align: justify;\">El que camina por el Cielo recorre un sendero de luz que parte de la tierra que pisa, en el equilibrio entre el Macrocosmos y el Microcosmos, pues \u201cas\u00ed es arriba como es abajo\u201d, y establece su andadura en la dualidad de la existencia. Este libro, de narrativa y poes\u00eda, de met\u00e1fora urdida constantemente para expresar la divinidad con palabras humanas, re\u00fane infinidad de textos como un trabajo de servicio a la Luz, en el prop\u00f3sito de despertar conciencias dormidas. Es el fruto de toda una vida de viajes por el mundo, de iniciaciones en los m\u00e1s lejanos territorios, al amparo de los guardianes de la tradici\u00f3n de civilizaciones ancestrales, siempre al borde del prodigio, o m\u00e1s all\u00e1 incluso, en el v\u00e9rtigo de lo imposible y con el firme prop\u00f3sito de recorrer los caminos que pocas veces han sido transitados, pues s\u00f3lo forman parte de la aventura personal del buscador de la luz, cuyo horizonte est\u00e1 m\u00e1s all\u00e1 del tiempo y del espacio. A trav\u00e9s del ensue\u00f1o de las palabras, inspiradas en vastos territorios del planeta Tierra, textos llenos de s\u00edmbolos y arquetipos gu\u00edan al lector para llevarlo de la mano a la senda del esp\u00edritu y del conocimiento ancestral, de la tradici\u00f3n m\u00e1gica y las ra\u00edces comunes de todos los pueblos.<\/p>\n<p style=\"text-align: justify;\"><iframe title=\"Caminante del Cielo\" type=\"text\/html\" width=\"640\" height=\"550\" frameborder=\"0\" allowfullscreen style=\"max-width:100%\" src=\"https:\/\/leer.amazon.es\/kp\/card?preview=inline&#038;linkCode=kpd&#038;ref_=k4w_oembed_sqa8v01BH4cFyq&#038;asin=B082V945NT&#038;tag=kpembed-20\"><\/iframe><\/p>\n<p style=\"text-align: justify;\">Bestiario Urbano &#8211; Jos\u00e9 Antonio Iniesta &#8211; Editorial Siete Luces<\/p>\n<p style=\"text-align: justify;\">Al estilo de los bestiarios medievales, que reun\u00edan entre sus p\u00e1ginas monstruos de toda clase y condici\u00f3n, fruto de las exageraciones de ciertos exploradores y cronistas, de la superstici\u00f3n popular y de la fantas\u00eda colectiva m\u00e1s delirante, \u201cBestiario Urbano\u201d recopila la asombrosa fauna del siglo XXI, de los h\u00edbridos, mezcla de ser humano y animal, que genera una imaginaria sociedad mutante en la que el esperpento, el desprop\u00f3sito, la desverg\u00fcenza, el oportunismo y el patetismo, se convierten en uso y costumbre como resultado de la naturaleza at\u00e1vica y contradictoria del ser humano. Con fino sarcasmo y s\u00e1tira, Jos\u00e9 Antonio Iniesta ha creado un mundo independiente, un peque\u00f1o cosmos de sorprendentes personajes. Pero por m\u00e1s que nos asombre, no son m\u00e1s que el reflejo caricaturizado de una sociedad real como la vida misma, que en much\u00edsimas ocasiones nos deja perplejos por sus excesos y desvar\u00edos.<\/p>\n<p style=\"text-align: justify;\"><iframe title=\"Bestiario Urbano\" type=\"text\/html\" width=\"640\" height=\"550\" frameborder=\"0\" allowfullscreen style=\"max-width:100%\" src=\"https:\/\/leer.amazon.es\/kp\/card?preview=inline&#038;linkCode=kpd&#038;ref_=k4w_oembed_90yDeH06GnfKQv&#038;asin=B082V9QGCC&#038;tag=kpembed-20\"><\/iframe><\/p>\n<p style=\"text-align: justify;\">M\u00e1s all\u00e1 de 2012. Profec\u00edas de los ancestros mayas. &#8211; Jos\u00e9 Antonio Iniesta &#8211; Editorial Siete Luces<\/p>\n<p style=\"text-align: justify;\">En los albores del solsticio de invierno de 2012 apareci\u00f3 por primera vez este libro, acompa\u00f1ando al ejemplar de la revista A\u00f1o Cero. Jos\u00e9 Antonio Iniesta lo escribi\u00f3 a petici\u00f3n de quien por aquel entonces era su director, el gran investigador del misterio Enrique de Vicente. \u201cM\u00e1s all\u00e1 de 2012. Profec\u00edas de los ancestros mayas\u201d mostr\u00f3 al mundo por primera vez en la historia, de forma conjunta y con la informaci\u00f3n privilegiada que fue facilitada por los guardianes de la tradici\u00f3n, las aut\u00e9nticas profec\u00edas mayas, que jam\u00e1s han tenido que ver con el fin del mundo. Si ya de por s\u00ed se trataba de la revelaci\u00f3n de un inmenso legado guardado durante siglos y siglos, tambi\u00e9n pusieron su confianza en el autor los que en el mayor de los secretos hab\u00edan preservado las profec\u00edas y tradiciones ancestrales de otras dos grandes civilizaciones de M\u00e9xico: la tolteca y la olmeca. Ahora, siete a\u00f1os despu\u00e9s de aquel gran acontecimiento, vuelve a ser editada esta asombrosa obra por Editorial Siete Luces, con muchas m\u00e1s p\u00e1ginas que en su d\u00eda no pudieron ser publicadas, para reflexionar sobre la validez de las profec\u00edas mayas y los grandes retos a los que se enfrenta en estos momentos tan cr\u00edticos la especie humana.<\/p>\n<p style=\"text-align: justify;\"><iframe title=\"M\u00e1s all\u00e1 de 2012: Profec\u00edas de los ancestros mayas\" type=\"text\/html\" width=\"640\" height=\"550\" frameborder=\"0\" allowfullscreen style=\"max-width:100%\" src=\"https:\/\/leer.amazon.es\/kp\/card?preview=inline&#038;linkCode=kpd&#038;ref_=k4w_oembed_sMVkL7jtHkbtoR&#038;asin=B08333JLNN&#038;tag=kpembed-20\"><\/iframe><\/p>\n<p><!--publicidad-voz03--><a href=\"https:\/\/www.facebook.com\/profile.php?id=100063593791305&amp;locale=es_ES\"><img decoding=\"async\" class=\"alignnone size-medium\" src=\"https:\/\/blogger.googleusercontent.com\/img\/b\/R29vZ2xl\/AVvXsEi8_n_ll8UOcGxCqzFvb_9Io4ICczlGC990BPtPj2w9Px-u7B3oqWUW5vtjZUqPNJ-nyjiUIorE0ATsib_l5tV8BVN-UJ03RTnU__IHJF_4DgDBtY4LIqXNG-FomrO-7ywes20CBCRM2Hcm7EJSh3UUw1dO-c_uTflUrtgY1i7uBRezj_DpympmEFkfbQY\/s1600\/logo-principal2.jpg\" width=\"100%\" height=\"100\" \/><\/a><!--bestpublic-voz03--><!--desk-in-out-voz03--><br \/>\n<!--publicidad-voz04--><a href=\"https:\/\/www.facebook.com\/profile.php?id=61557370768692&amp;locale=es_ES\"><img decoding=\"async\" class=\"alignnone size-medium\" src=\"https:\/\/blogger.googleusercontent.com\/img\/b\/R29vZ2xl\/AVvXsEgy5RdcfffrnrItnYTcV9bCJjgJwldsQLWssfVfrLbyfXeBNTFKgBf0rMIvhrUaGUhiXzVr9_eQgCbi-j63ZDpfTvLIty9w7s140y-m1yHe7eKmEK7v2NAHUJDVYGdfeiQFeRCqUjdwWmN1MX_AUxxz4IVdJ4WIM0APxit8bjWkXzrnEFGqBvW_1F13H1g\/s1600\/logo-principal5.jpg\" width=\"100%\" height=\"100\" \/><\/a><!--bestpublic-voz04--><!--desk-in-out-voz04--><br \/>\n<!--publicidad-voz05--><a href=\"https:\/\/www.facebook.com\/asociaciontamborileroshellin?locale=es_ES\"><img decoding=\"async\" class=\"alignnone size-medium\" src=\"https:\/\/blogger.googleusercontent.com\/img\/b\/R29vZ2xl\/AVvXsEhHEEpZsKK1VpwiYMrS7aE2ujtqIDZoLd4B5wtbiseSU9s2HdTdQfhF84So2XwEB1fv0BLw95GADm6hUl1bkKtzh-eIgVigXONuu_5RxeIMPhjk8q6uNX4EaEHbooKkbu7pCADWPpVJjhKIH5NQSJpWqedC-YBez4QAQeJYokkLot9bhrIaUAeztsGis6M\/s1600\/logo-principal3.jpg\" width=\"100%\" height=\"100\" \/><\/a><!--bestpublic-voz05--><!--desk-in-out-voz05--><br \/>\n<!--publicidad-voz06--><!--bestpublic-voz06--><!--desk-in-out-voz06--><br \/>\n<!--publicidad-voz07--><!--bestpublic-voz07--><!--desk-in-out-voz07--><br \/>\n<!--publicidad-voz08--><!--bestpublic-voz08--><!--desk-in-out-voz08--><br \/>\n<!--publicidad-voz09--><!--bestpublic-voz09--><!--desk-in-out-voz09--><br \/>\n<!--publicidad-voz10--><!--bestpublic-voz10--><!--desk-in-out-voz10--><br \/>\n<!--publicidad-voz11--><!--bestpublic-voz11--><!--desk-in-out-voz11--><br \/>\n<!--publicidad-voz12--><!--bestpublic-voz12--><!--desk-in-out-voz12--><br \/>\n<!--publicidad-voz13--><!--bestpublic-voz13--><!--desk-in-out-voz13--><br \/>\n<!--publicidad-voz14--><!--bestpublic-voz14--><!--desk-in-out-voz14--><br \/>\n<!--publicidad-voz15--><!--bestpublic-voz15--><!--desk-in-out-voz15--><br \/>\n<!--publicidad-voz16--><!--bestpublic-voz16--><!--desk-in-out-voz16--><\/p>\n","protected":false},"excerpt":{"rendered":"<p>RECOMENDACIONES LITERARIAS PARA EL DEL DIA DEL LIBRO<\/p>\n","protected":false},"author":2,"featured_media":90582,"comment_status":"closed","ping_status":"closed","sticky":false,"template":"","format":"standard","meta":{"footnotes":""},"categories":[723,718,715,716,717],"tags":[],"class_list":["post-102586","post","type-post","status-publish","format-standard","has-post-thumbnail","hentry","category-blog-lv005","category-blogger","category-la-voz-de-hellin","category-la-voz-de-hellin-la-voz-de-hellin","category-noticias"],"_links":{"self":[{"href":"https:\/\/lavozdehellin.com\/noticias\/wp-json\/wp\/v2\/posts\/102586","targetHints":{"allow":["GET"]}}],"collection":[{"href":"https:\/\/lavozdehellin.com\/noticias\/wp-json\/wp\/v2\/posts"}],"about":[{"href":"https:\/\/lavozdehellin.com\/noticias\/wp-json\/wp\/v2\/types\/post"}],"author":[{"embeddable":true,"href":"https:\/\/lavozdehellin.com\/noticias\/wp-json\/wp\/v2\/users\/2"}],"replies":[{"embeddable":true,"href":"https:\/\/lavozdehellin.com\/noticias\/wp-json\/wp\/v2\/comments?post=102586"}],"version-history":[{"count":0,"href":"https:\/\/lavozdehellin.com\/noticias\/wp-json\/wp\/v2\/posts\/102586\/revisions"}],"wp:featuredmedia":[{"embeddable":true,"href":"https:\/\/lavozdehellin.com\/noticias\/wp-json\/wp\/v2\/media\/90582"}],"wp:attachment":[{"href":"https:\/\/lavozdehellin.com\/noticias\/wp-json\/wp\/v2\/media?parent=102586"}],"wp:term":[{"taxonomy":"category","embeddable":true,"href":"https:\/\/lavozdehellin.com\/noticias\/wp-json\/wp\/v2\/categories?post=102586"},{"taxonomy":"post_tag","embeddable":true,"href":"https:\/\/lavozdehellin.com\/noticias\/wp-json\/wp\/v2\/tags?post=102586"}],"curies":[{"name":"wp","href":"https:\/\/api.w.org\/{rel}","templated":true}]}}