{"id":106681,"date":"2022-01-21T13:45:44","date_gmt":"2022-01-21T13:45:44","guid":{"rendered":"https:\/\/lavozdehellin.com\/noticias\/v05-260-el-presidente-de-la-diputacion-aplaude-la-puesta-a-disposicion-de-la-ciudadania-de-la-nueva-ciudad-de-la-justicia-de-albacete-inaugurada-este-viernes-por-el-rey-felipe-vi\/"},"modified":"2024-01-04T14:00:17","modified_gmt":"2024-01-04T14:00:17","slug":"v05-260-el-presidente-de-la-diputacion-aplaude-la-puesta-a-disposicion-de-la-ciudadania-de-la-nueva-ciudad-de-la-justicia-de-albacete-inaugurada-este-viernes-por-el-rey-felipe-vi","status":"publish","type":"post","link":"https:\/\/lavozdehellin.com\/noticias\/v05-260-el-presidente-de-la-diputacion-aplaude-la-puesta-a-disposicion-de-la-ciudadania-de-la-nueva-ciudad-de-la-justicia-de-albacete-inaugurada-este-viernes-por-el-rey-felipe-vi\/","title":{"rendered":"LVH NOTICIAS | EL PRESIDENTE DE LA DIPUTACI\u00d3N APLAUDE LA PUESTA A DISPOSICI\u00d3N DE LA CIUDADAN\u00cdA DE LA NUEVA \u2018CIUDAD DE LA JUSTICIA DE ALBACETE\u2019 INAUGURADA ESTE VIERNES POR EL REY FELIPE VI"},"content":{"rendered":"<p style=\"text-align: justify;\">Este viernes, 22 de enero, ha sido \u201cun d\u00eda de enhorabuena\u201d para el conjunto de la poblaci\u00f3n provincial, tal y como el propio Caba\u00f1ero ha tenido ocasi\u00f3n de comentar en los proleg\u00f3menos de este acto inaugural que ha puesto fin, de forma oficial -el edificio est\u00e1 en funcionamiento ofreciendo servicio desde el pasado 2 de noviembre- a unos seis a\u00f1os de obras y diecisiete desde que esta realidad comenzar\u00e1 a gestarse, con la Diputaci\u00f3n de Albacete como parte importante en los inicios de aquel proyecto tan demandado por los y las profesionales de la Justicia vinculados al TSJCLM.<\/p>\n<p><!--more--><br \/>\n<!--publicidad-voz01--><a href=\"https:\/\/www.facebook.com\/SoloRadioHellin\/?locale=es_ES\"><img decoding=\"async\" class=\"alignnone size-medium\" src=\"https:\/\/blogger.googleusercontent.com\/img\/b\/R29vZ2xl\/AVvXsEiNncirNnyGedv00mhjZjh5Wl4_YPdJGanoAl8tL8zH-HwqE8uHqjEfSt340RHdx-9tuCSIkZ8rFamZiGyYlgDGxCsmXjCH_1xk5eYM3ntFZRvJP_jndOKR7w1UAo9Tu0vrZyOLfqRpHIxYI5SymJJ-pfGCQw6QVpggBH-UgfjiFQ2JOxqxG0Jx94kW83c\/s1600\/logo-principal.jpg\" width=\"100%\" height=\"100\" \/><\/a><!--bestpublic-voz01--><!--desk-in-out-voz01--><br \/>\n<!--publicidad-voz02--><a href=\"https:\/\/www.hellincf.com\/\"><img decoding=\"async\" class=\"alignnone size-medium\" src=\"https:\/\/blogger.googleusercontent.com\/img\/b\/R29vZ2xl\/AVvXsEhuZ4-XfBVj3UtdP8-RZugy3WVrg-Zv28c53m4oV47qYCxL1rX_dqWX_YddsGSnpH5SRDqZ7bZeKPIfDVCDncpjVlhy3aQs2vojcJBn7Gdv9hC2_Nzct_pRFrnFE1a7KTCdY1bT_kAgnY3-iadRZrGeJf1fR2P5fu11bokx0pWjaypoy-ctwCjklldpEbA\/s1600\/logo-principal7.jpg\" width=\"100%\" height=\"100\" \/><\/a><!--bestpublic-voz02--><!--desk-in-out-voz02--><\/p>\n<p style=\"text-align: justify;\">No en vano, en los terrenos sobre los que ahora luce imponente este edificio estuvo, anta\u00f1o, el m\u00edtico colegio \u2018Giner de los R\u00edos\u2019 dependiente de la instituci\u00f3n provincial que, all\u00e1 por 2005, qued\u00f3 clausurado. Poco m\u00e1s de un a\u00f1o despu\u00e9s (en octubre de 2006), el Pleno de la Diputaci\u00f3n aprob\u00f3 el inicio del Expediente por el que se ceder\u00edan al Ministerio de Justicia el edificio y los terrenos anexos: en total, m\u00e1s de 34.000 m\u00b2 sobre los que construir esta \u2018Cuidad de la Justicia de Albacete\u2019 que hoy est\u00e1 ya a disposici\u00f3n de la ciudadan\u00eda.<\/p>\n<p style=\"text-align: justify;\">\u2018Modernizaci\u00f3n\u2019 externa e interna en un \u00e1mbito clave para la ciudadan\u00eda<\/p>\n<p style=\"text-align: justify;\">Junto a Felipe VI, las autoridades presentes en la cita han tenido ocasi\u00f3n de recorrer buena parte de esta nueva y necesaria infraestructura en la que el Ministerio de Justicia ha invertido unos 25 millones de euros y que ya es lugar de trabajo para m\u00e1s de 310 profesionales del \u00e1mbito judicial (entre judicatura, magistratura, fiscal\u00eda, abogac\u00eda y personal funcionario).<\/p>\n<p style=\"text-align: justify;\">Un edificio que acoge los 21 \u00f3rganos judiciales unipersonales de la ciudad, la Fiscal\u00eda Provincial y dependencias organizativas anejas a la Administraci\u00f3n de Justicia reservando, en el solar anexo, espacio adicional para construir en un futuro el Instituto de Medicina Legal de Albacete y el Archivo Territorial judicial.<\/p>\n<p style=\"text-align: justify;\">As\u00ed, Santi Caba\u00f1ero ha podido comprobar las magn\u00edficas instalaciones que, ha comentado, vendr\u00e1n a mejorar muy notablemente las condiciones en la que se desempe\u00f1an su labor los y las profesionales vinculados a este pilar b\u00e1sico del Estado de Derecho (tanto en cuesti\u00f3n de espacio como de presentaciones), pero tambi\u00e9n las de la ciudadan\u00eda que, a diario, hace uso de ellas y que, ahora, ofrecen un marco a la altura de ambas partes en un \u00e1mbito tan clave como \u00e9ste.<\/p>\n<p style=\"text-align: justify;\">Diputaci\u00f3n y Ministerio de Justicia colaboran en un proyecto de Intercambio de Informaci\u00f3n entre Administraciones<\/p>\n<p style=\"text-align: justify;\">Una m\u00e1s que evidente \u2018modernizaci\u00f3n\u2019 externa que vendr\u00e1 a sumarse a la que, de forma interna, viene acometiendo la propia Administraci\u00f3n Judicial en los \u00faltimos tiempos con el fin de mejorar la atenci\u00f3n que presta a la poblaci\u00f3n. Cuesti\u00f3n en la que tambi\u00e9n colabora directamente con la Diputaci\u00f3n de Albacete a trav\u00e9s del Servicio de Modernizaci\u00f3n Administrativa y Tic de la instituci\u00f3n provincial, creador de la Plataforma de Administraci\u00f3n Electr\u00f3nica p\u00fablica \u2018Sedipualb@\u2019: referente en su campo y una realidad que beneficia a m\u00e1s de 300 instituciones y organismos p\u00fablicos y a 4\u20195 millones de habitantes de todo el pa\u00eds.<\/p>\n<p style=\"text-align: justify;\">No en vano, desde el pasado junio ambas parte colaboran en el Proyecto de Intercambio de Informaci\u00f3n entre Administraciones a trav\u00e9s de \u2018Sedipualb@\u2019; una iniciativa que automatiza el proceso de solicitud y env\u00edo al Ministerio de Justicia (y, con ello, a cualquier Juzgado) de Expedientes desde las Administraciones P\u00fablicas que emplean \u2018la Plataforma de la Diputaci\u00f3n de Albacete.<\/p>\n<p style=\"text-align: justify;\">Una colaboraci\u00f3n que, adem\u00e1s, permite realizar digitalmente todos los requerimientos de los \u00f3rganos judiciales a cualquier Administraci\u00f3n P\u00fablica que, hasta ahora, se realizaban en papel; un proyecto que, por tanto, elimina posibles errores de transcripci\u00f3n, escaneado o env\u00edo y que supone un gran ahorro de tiempo y de costes, redundando, en \u00faltima instancia, en una mejor eficiencia procesal.<\/p>\n<p><!--publicidad-voz03--><a href=\"https:\/\/www.facebook.com\/profile.php?id=100063593791305&amp;locale=es_ES\"><img decoding=\"async\" class=\"alignnone size-medium\" src=\"https:\/\/blogger.googleusercontent.com\/img\/b\/R29vZ2xl\/AVvXsEi8_n_ll8UOcGxCqzFvb_9Io4ICczlGC990BPtPj2w9Px-u7B3oqWUW5vtjZUqPNJ-nyjiUIorE0ATsib_l5tV8BVN-UJ03RTnU__IHJF_4DgDBtY4LIqXNG-FomrO-7ywes20CBCRM2Hcm7EJSh3UUw1dO-c_uTflUrtgY1i7uBRezj_DpympmEFkfbQY\/s1600\/logo-principal2.jpg\" width=\"100%\" height=\"100\" \/><\/a><!--bestpublic-voz03--><!--desk-in-out-voz03--><br \/>\n<!--publicidad-voz04--><a href=\"https:\/\/www.facebook.com\/profile.php?id=61557370768692&amp;locale=es_ES\"><img decoding=\"async\" class=\"alignnone size-medium\" src=\"https:\/\/blogger.googleusercontent.com\/img\/b\/R29vZ2xl\/AVvXsEgy5RdcfffrnrItnYTcV9bCJjgJwldsQLWssfVfrLbyfXeBNTFKgBf0rMIvhrUaGUhiXzVr9_eQgCbi-j63ZDpfTvLIty9w7s140y-m1yHe7eKmEK7v2NAHUJDVYGdfeiQFeRCqUjdwWmN1MX_AUxxz4IVdJ4WIM0APxit8bjWkXzrnEFGqBvW_1F13H1g\/s1600\/logo-principal5.jpg\" width=\"100%\" height=\"100\" \/><\/a><!--bestpublic-voz04--><!--desk-in-out-voz04--><br \/>\n<!--publicidad-voz05--><a href=\"https:\/\/www.facebook.com\/asociaciontamborileroshellin?locale=es_ES\"><img decoding=\"async\" class=\"alignnone size-medium\" src=\"https:\/\/blogger.googleusercontent.com\/img\/b\/R29vZ2xl\/AVvXsEhHEEpZsKK1VpwiYMrS7aE2ujtqIDZoLd4B5wtbiseSU9s2HdTdQfhF84So2XwEB1fv0BLw95GADm6hUl1bkKtzh-eIgVigXONuu_5RxeIMPhjk8q6uNX4EaEHbooKkbu7pCADWPpVJjhKIH5NQSJpWqedC-YBez4QAQeJYokkLot9bhrIaUAeztsGis6M\/s1600\/logo-principal3.jpg\" width=\"100%\" height=\"100\" \/><\/a><!--bestpublic-voz05--><!--desk-in-out-voz05--><br \/>\n<!--publicidad-voz06--><!--bestpublic-voz06--><!--desk-in-out-voz06--><br \/>\n<!--publicidad-voz07--><!--bestpublic-voz07--><!--desk-in-out-voz07--><br \/>\n<!--publicidad-voz08--><!--bestpublic-voz08--><!--desk-in-out-voz08--><br \/>\n<!--publicidad-voz09--><!--bestpublic-voz09--><!--desk-in-out-voz09--><br \/>\n<!--publicidad-voz10--><!--bestpublic-voz10--><!--desk-in-out-voz10--><br \/>\n<!--publicidad-voz11--><!--bestpublic-voz11--><!--desk-in-out-voz11--><br \/>\n<!--publicidad-voz12--><!--bestpublic-voz12--><!--desk-in-out-voz12--><br \/>\n<!--publicidad-voz13--><!--bestpublic-voz13--><!--desk-in-out-voz13--><br \/>\n<!--publicidad-voz14--><!--bestpublic-voz14--><!--desk-in-out-voz14--><br \/>\n<!--publicidad-voz15--><!--bestpublic-voz15--><!--desk-in-out-voz15--><br \/>\n<!--publicidad-voz16--><!--bestpublic-voz16--><!--desk-in-out-voz16--><\/p>\n","protected":false},"excerpt":{"rendered":"<p>EL PRESIDENTE DE LA DIPUTACI\u00d3N APLAUDE LA PUESTA A DISPOSICI\u00d3N DE LA CIUDADAN\u00cdA DE LA NUEVA \u2018CIUDAD DE LA JUSTICIA DE ALBACETE\u2019 INAUGURADA ESTE VIERNES POR EL REY FELIPE VI<\/p>\n","protected":false},"author":2,"featured_media":90580,"comment_status":"closed","ping_status":"closed","sticky":false,"template":"","format":"standard","meta":{"footnotes":""},"categories":[740,718,715,716,717],"tags":[],"class_list":["post-106681","post","type-post","status-publish","format-standard","has-post-thumbnail","hentry","category-blog-lv022","category-blogger","category-la-voz-de-hellin","category-la-voz-de-hellin-la-voz-de-hellin","category-noticias"],"_links":{"self":[{"href":"https:\/\/lavozdehellin.com\/noticias\/wp-json\/wp\/v2\/posts\/106681","targetHints":{"allow":["GET"]}}],"collection":[{"href":"https:\/\/lavozdehellin.com\/noticias\/wp-json\/wp\/v2\/posts"}],"about":[{"href":"https:\/\/lavozdehellin.com\/noticias\/wp-json\/wp\/v2\/types\/post"}],"author":[{"embeddable":true,"href":"https:\/\/lavozdehellin.com\/noticias\/wp-json\/wp\/v2\/users\/2"}],"replies":[{"embeddable":true,"href":"https:\/\/lavozdehellin.com\/noticias\/wp-json\/wp\/v2\/comments?post=106681"}],"version-history":[{"count":0,"href":"https:\/\/lavozdehellin.com\/noticias\/wp-json\/wp\/v2\/posts\/106681\/revisions"}],"wp:featuredmedia":[{"embeddable":true,"href":"https:\/\/lavozdehellin.com\/noticias\/wp-json\/wp\/v2\/media\/90580"}],"wp:attachment":[{"href":"https:\/\/lavozdehellin.com\/noticias\/wp-json\/wp\/v2\/media?parent=106681"}],"wp:term":[{"taxonomy":"category","embeddable":true,"href":"https:\/\/lavozdehellin.com\/noticias\/wp-json\/wp\/v2\/categories?post=106681"},{"taxonomy":"post_tag","embeddable":true,"href":"https:\/\/lavozdehellin.com\/noticias\/wp-json\/wp\/v2\/tags?post=106681"}],"curies":[{"name":"wp","href":"https:\/\/api.w.org\/{rel}","templated":true}]}}