{"id":146333,"date":"2024-02-11T10:22:50","date_gmt":"2024-02-11T10:22:50","guid":{"rendered":"https:\/\/lavozdehellin.com\/noticias\/?p=146333"},"modified":"2024-02-16T09:20:38","modified_gmt":"2024-02-16T09:20:38","slug":"v08-034-la-maleta-didactica-mujeres-en-la-ciencia-impulsada-por-la-diputacion-de-albacete-ha-hecho-27-paradas-desde-el-comienzo-de-su-viaje-en-2019","status":"publish","type":"post","link":"https:\/\/lavozdehellin.com\/noticias\/v08-034-la-maleta-didactica-mujeres-en-la-ciencia-impulsada-por-la-diputacion-de-albacete-ha-hecho-27-paradas-desde-el-comienzo-de-su-viaje-en-2019\/","title":{"rendered":"LVH NOTICIAS | LA MALETA DID\u00c1CTICA \u2018MUJERES EN LA CIENCIA\u2019 IMPULSADA POR LA DIPUTACI\u00d3N DE ALBACETE HA HECHO 27 PARADAS DESDE EL COMIENZO DE SU VIAJE, EN 2019"},"content":{"rendered":"<p style=\"text-align: justify;\">En el marco de este \u2018D\u00eda de la Mujer y la Ni\u00f1a en la Ciencia\u2019 conviene no perder de vista datos como los que apuntan a que apenas un 7% de las ni\u00f1as creen que podr\u00e1n llegar a ser cient\u00edficas en un futuro.<\/p>\n<p><!--more--><br \/>\n<!--publicidad-voz01--><a href=\"https:\/\/www.facebook.com\/SoloRadioHellin\/?locale=es_ES\"><img decoding=\"async\" class=\"alignnone size-medium\" src=\"https:\/\/blogger.googleusercontent.com\/img\/b\/R29vZ2xl\/AVvXsEiNncirNnyGedv00mhjZjh5Wl4_YPdJGanoAl8tL8zH-HwqE8uHqjEfSt340RHdx-9tuCSIkZ8rFamZiGyYlgDGxCsmXjCH_1xk5eYM3ntFZRvJP_jndOKR7w1UAo9Tu0vrZyOLfqRpHIxYI5SymJJ-pfGCQw6QVpggBH-UgfjiFQ2JOxqxG0Jx94kW83c\/s1600\/logo-principal.jpg\" width=\"100%\" height=\"100\" \/><\/a><!--bestpublic-voz01--><!--desk-in-out-voz01--><br \/>\n<!--publicidad-voz02--><a href=\"https:\/\/www.hellincf.com\/\"><img decoding=\"async\" class=\"alignnone size-medium\" src=\"https:\/\/blogger.googleusercontent.com\/img\/b\/R29vZ2xl\/AVvXsEhuZ4-XfBVj3UtdP8-RZugy3WVrg-Zv28c53m4oV47qYCxL1rX_dqWX_YddsGSnpH5SRDqZ7bZeKPIfDVCDncpjVlhy3aQs2vojcJBn7Gdv9hC2_Nzct_pRFrnFE1a7KTCdY1bT_kAgnY3-iadRZrGeJf1fR2P5fu11bokx0pWjaypoy-ctwCjklldpEbA\/s1600\/logo-principal7.jpg\" width=\"100%\" height=\"100\" \/><\/a><!--bestpublic-voz02--><!--desk-in-out-voz02--><\/p>\n<p style=\"text-align: justify;\">Algo que denota que la brecha de g\u00e9nero persiste en sectores como la ciencia, la tecnolog\u00eda, la ingenier\u00eda y las matem\u00e1ticas (STEM), a pesar de que ya ha pasado m\u00e1s de un siglo desde que Marie Curie consiguiera el Premio Nobel de Qu\u00edmica.<\/p>\n<p style=\"text-align: justify;\">Con el objetivo de promocionar a las mujeres cient\u00edficas y motivar a las ni\u00f1as y j\u00f3venes a seguir sus pasos en el campo de la ciencia, el Gobierno Provincial de Santi Caba\u00f1ero, a trav\u00e9s del Servicio de Educaci\u00f3n y Cultura, incluy\u00f3 entre su cat\u00e1logo de \u2018maletas did\u00e1cticas\u2019 la titulada \u2018Mujeres en la Ciencia\u2019 que, con un enfoque educativo y ameno, busca revertir estereotipos sociales y potenciar el acceso de las mujeres a carreras cient\u00edficas y tecnol\u00f3gicas.<\/p>\n<p style=\"text-align: justify;\">Desde entonces, esa maleta ha realizado veintisiete \u2018paradas\u2019 en su viaje; veintisiete pr\u00e9stamos en veintitr\u00e9s Centros de Educaci\u00f3n Infantil y Primaria, dos Institutos de Educaci\u00f3n Secundaria, una biblioteca y un Centro Joven.<\/p>\n<p style=\"text-align: justify;\">La maleta plantea un material did\u00e1ctico adecuado para el alumnado de cada etapa, siendo f\u00e1cilmente transportable y almacenable en los centros educativos, con el fin de incorporar referentes que favorezcan una elecci\u00f3n profesional sin sesgo de g\u00e9nero. Adem\u00e1s, promueve el pensamiento cr\u00edtico desde edades tempranas, fomentando la capacidad de acci\u00f3n que transformen la realidad a mejor.<\/p>\n<p style=\"text-align: justify;\">Otro aspecto importante de la iniciativa es la visibilizaci\u00f3n de las mujeres cient\u00edficas y tecn\u00f3logas, tanto hist\u00f3ricas como actuales, para poner en valor su trabajo, construir nuevos referentes y favorecer un contexto social y educativo donde las ni\u00f1as se vean reconocidas, pudiendo as\u00ed elegir su futuro en igualdad de derechos y responsabilidades. Se propone tambi\u00e9n la generaci\u00f3n de referentes femeninos que fomenten el empoderamiento en las chicas y el respeto en los chicos, as\u00ed como la corresponsabilidad en las tareas de cuidados.<\/p>\n<p style=\"text-align: justify;\">Actividades para avanzar como territorio con la valiosa herramienta que es la educaci\u00f3n<\/p>\n<p style=\"text-align: justify;\">En el \u00e1mbito educativo espec\u00edfico, se plantean actividades para los y las estudiantes, como la investigaci\u00f3n de mujeres relevantes en la historia cient\u00edfica y art\u00edstica, el an\u00e1lisis de noticias protagonizadas por hombres y mujeres, y la elaboraci\u00f3n de un peri\u00f3dico. Tambi\u00e9n, se promueve la interacci\u00f3n directa con cient\u00edficas, incluyendo la invitaci\u00f3n de madres o familiares cercanas cient\u00edficas a que visitan las escuelas o institutos y comparten sus experiencias.<\/p>\n<p style=\"text-align: justify;\">La metodolog\u00eda propuesta para el desarrollo de esta maleta sugiere, adem\u00e1s, el uso de v\u00eddeos, actividades l\u00fadicas, charlas, debates y talleres para despertar el pensamiento cr\u00edtico y fomentar un aprendizaje visual y din\u00e1mico.<\/p>\n<p style=\"text-align: justify;\">Con esta iniciativa, la Diputaci\u00f3n de Albacete aspira a colaborar en la promoci\u00f3n de mujeres cient\u00edficas, generando referentes femeninos para ni\u00f1as y j\u00f3venes en el \u00e1mbito cient\u00edfico y tecnol\u00f3gico.<\/p>\n<p style=\"text-align: justify;\">\u2018Mujeres en la ciencia\u2019 est\u00e1, junto a las de \u2018Artes pl\u00e1sticas\u2019, \u2019Danza\u2019 y \u2019Emociones\u2019, entre las maletas did\u00e1cticas con las que el Gobierno Provincial de Caba\u00f1ero suma a las actividades a disposici\u00f3n de los distintos centros del territorio para avanzar a trav\u00e9s de la herramienta m\u00e1s poderosa para hacerlo en igualdad de condiciones y con las mayores garant\u00edas de \u00e9xito: la educaci\u00f3n.<\/p>\n<p><!--publicidad-voz03--><a href=\"https:\/\/www.facebook.com\/profile.php?id=100063593791305&amp;locale=es_ES\"><img decoding=\"async\" class=\"alignnone size-medium\" src=\"https:\/\/blogger.googleusercontent.com\/img\/b\/R29vZ2xl\/AVvXsEi8_n_ll8UOcGxCqzFvb_9Io4ICczlGC990BPtPj2w9Px-u7B3oqWUW5vtjZUqPNJ-nyjiUIorE0ATsib_l5tV8BVN-UJ03RTnU__IHJF_4DgDBtY4LIqXNG-FomrO-7ywes20CBCRM2Hcm7EJSh3UUw1dO-c_uTflUrtgY1i7uBRezj_DpympmEFkfbQY\/s1600\/logo-principal2.jpg\" width=\"100%\" height=\"100\" \/><\/a><!--bestpublic-voz03--><!--desk-in-out-voz03--><br \/>\n<!--publicidad-voz04--><a href=\"https:\/\/www.facebook.com\/profile.php?id=61557370768692&amp;locale=es_ES\"><img decoding=\"async\" class=\"alignnone size-medium\" src=\"https:\/\/blogger.googleusercontent.com\/img\/b\/R29vZ2xl\/AVvXsEgy5RdcfffrnrItnYTcV9bCJjgJwldsQLWssfVfrLbyfXeBNTFKgBf0rMIvhrUaGUhiXzVr9_eQgCbi-j63ZDpfTvLIty9w7s140y-m1yHe7eKmEK7v2NAHUJDVYGdfeiQFeRCqUjdwWmN1MX_AUxxz4IVdJ4WIM0APxit8bjWkXzrnEFGqBvW_1F13H1g\/s1600\/logo-principal5.jpg\" width=\"100%\" height=\"100\" \/><\/a><!--bestpublic-voz04--><!--desk-in-out-voz04--><br \/>\n<!--publicidad-voz05--><a href=\"https:\/\/www.facebook.com\/asociaciontamborileroshellin?locale=es_ES\"><img decoding=\"async\" class=\"alignnone size-medium\" src=\"https:\/\/blogger.googleusercontent.com\/img\/b\/R29vZ2xl\/AVvXsEhHEEpZsKK1VpwiYMrS7aE2ujtqIDZoLd4B5wtbiseSU9s2HdTdQfhF84So2XwEB1fv0BLw95GADm6hUl1bkKtzh-eIgVigXONuu_5RxeIMPhjk8q6uNX4EaEHbooKkbu7pCADWPpVJjhKIH5NQSJpWqedC-YBez4QAQeJYokkLot9bhrIaUAeztsGis6M\/s1600\/logo-principal3.jpg\" width=\"100%\" height=\"100\" \/><\/a><!--bestpublic-voz05--><!--desk-in-out-voz05--><br \/>\n<!--publicidad-voz06--><!--bestpublic-voz06--><!--desk-in-out-voz06--><br \/>\n<!--publicidad-voz07--><!--bestpublic-voz07--><!--desk-in-out-voz07--><br \/>\n<!--publicidad-voz08--><!--bestpublic-voz08--><!--desk-in-out-voz08--><br \/>\n<!--publicidad-voz09--><!--bestpublic-voz09--><!--desk-in-out-voz09--><br \/>\n<!--publicidad-voz10--><!--bestpublic-voz10--><!--desk-in-out-voz10--><br \/>\n<!--publicidad-voz11--><!--bestpublic-voz11--><!--desk-in-out-voz11--><br \/>\n<!--publicidad-voz12--><!--bestpublic-voz12--><!--desk-in-out-voz12--><br \/>\n<!--publicidad-voz13--><!--bestpublic-voz13--><!--desk-in-out-voz13--><br \/>\n<!--publicidad-voz14--><!--bestpublic-voz14--><!--desk-in-out-voz14--><br \/>\n<!--publicidad-voz15--><!--bestpublic-voz15--><!--desk-in-out-voz15--><br \/>\n<!--publicidad-voz16--><!--bestpublic-voz16--><!--desk-in-out-voz16--><\/p>\n","protected":false},"excerpt":{"rendered":"<p>En el marco de este \u2018D\u00eda de la Mujer y la Ni\u00f1a en la Ciencia\u2019 conviene no perder de vista datos como los que apuntan a que apenas un 7%&#8230;<\/p>\n","protected":false},"author":2,"featured_media":146334,"comment_status":"closed","ping_status":"closed","sticky":false,"template":"","format":"standard","meta":{"footnotes":""},"categories":[752,718,715,716,717],"tags":[],"class_list":["post-146333","post","type-post","status-publish","format-standard","has-post-thumbnail","hentry","category-blog-lv033","category-blogger","category-la-voz-de-hellin","category-la-voz-de-hellin-la-voz-de-hellin","category-noticias"],"_links":{"self":[{"href":"https:\/\/lavozdehellin.com\/noticias\/wp-json\/wp\/v2\/posts\/146333","targetHints":{"allow":["GET"]}}],"collection":[{"href":"https:\/\/lavozdehellin.com\/noticias\/wp-json\/wp\/v2\/posts"}],"about":[{"href":"https:\/\/lavozdehellin.com\/noticias\/wp-json\/wp\/v2\/types\/post"}],"author":[{"embeddable":true,"href":"https:\/\/lavozdehellin.com\/noticias\/wp-json\/wp\/v2\/users\/2"}],"replies":[{"embeddable":true,"href":"https:\/\/lavozdehellin.com\/noticias\/wp-json\/wp\/v2\/comments?post=146333"}],"version-history":[{"count":0,"href":"https:\/\/lavozdehellin.com\/noticias\/wp-json\/wp\/v2\/posts\/146333\/revisions"}],"wp:featuredmedia":[{"embeddable":true,"href":"https:\/\/lavozdehellin.com\/noticias\/wp-json\/wp\/v2\/media\/146334"}],"wp:attachment":[{"href":"https:\/\/lavozdehellin.com\/noticias\/wp-json\/wp\/v2\/media?parent=146333"}],"wp:term":[{"taxonomy":"category","embeddable":true,"href":"https:\/\/lavozdehellin.com\/noticias\/wp-json\/wp\/v2\/categories?post=146333"},{"taxonomy":"post_tag","embeddable":true,"href":"https:\/\/lavozdehellin.com\/noticias\/wp-json\/wp\/v2\/tags?post=146333"}],"curies":[{"name":"wp","href":"https:\/\/api.w.org\/{rel}","templated":true}]}}