{"id":146336,"date":"2024-02-10T14:17:12","date_gmt":"2024-02-10T14:17:12","guid":{"rendered":"https:\/\/lavozdehellin.com\/noticias\/?p=146336"},"modified":"2024-02-16T09:20:39","modified_gmt":"2024-02-16T09:20:39","slug":"v08-033-el-gobierno-provincial-de-cabanero-refuerza-el-compromiso-con-los-carnavales-de-tarazona-de-la-mancha","status":"publish","type":"post","link":"https:\/\/lavozdehellin.com\/noticias\/v08-033-el-gobierno-provincial-de-cabanero-refuerza-el-compromiso-con-los-carnavales-de-tarazona-de-la-mancha\/","title":{"rendered":"LVH NOTICIAS | EL GOBIERNO PROVINCIAL DE CABA\u00d1ERO REFUERZA EL COMPROMISO CON LOS CARNAVALES DE TARAZONA DE LA MANCHA"},"content":{"rendered":"<p style=\"text-align: justify;\">S\u00e1bado tremendamente especial en una Tarazona de la Mancha completamente volcada en la celebraci\u00f3n de sus excepcionales carnavales.<\/p>\n<p><!--more--><br \/>\n<!--publicidad-voz01--><a href=\"https:\/\/www.facebook.com\/SoloRadioHellin\/?locale=es_ES\"><img decoding=\"async\" class=\"alignnone size-medium\" src=\"https:\/\/blogger.googleusercontent.com\/img\/b\/R29vZ2xl\/AVvXsEiNncirNnyGedv00mhjZjh5Wl4_YPdJGanoAl8tL8zH-HwqE8uHqjEfSt340RHdx-9tuCSIkZ8rFamZiGyYlgDGxCsmXjCH_1xk5eYM3ntFZRvJP_jndOKR7w1UAo9Tu0vrZyOLfqRpHIxYI5SymJJ-pfGCQw6QVpggBH-UgfjiFQ2JOxqxG0Jx94kW83c\/s1600\/logo-principal.jpg\" width=\"100%\" height=\"100\" \/><\/a><!--bestpublic-voz01--><!--desk-in-out-voz01--><br \/>\n<!--publicidad-voz02--><a href=\"https:\/\/www.hellincf.com\/\"><img decoding=\"async\" class=\"alignnone size-medium\" src=\"https:\/\/blogger.googleusercontent.com\/img\/b\/R29vZ2xl\/AVvXsEhuZ4-XfBVj3UtdP8-RZugy3WVrg-Zv28c53m4oV47qYCxL1rX_dqWX_YddsGSnpH5SRDqZ7bZeKPIfDVCDncpjVlhy3aQs2vojcJBn7Gdv9hC2_Nzct_pRFrnFE1a7KTCdY1bT_kAgnY3-iadRZrGeJf1fR2P5fu11bokx0pWjaypoy-ctwCjklldpEbA\/s1600\/logo-principal7.jpg\" width=\"100%\" height=\"100\" \/><\/a><!--bestpublic-voz02--><!--desk-in-out-voz02--><\/p>\n<p style=\"text-align: justify;\">Una jornada que ha comenzado con la entrega de premios del V Concurso Nacional del Cartel de Carnaval y del m\u00edtico Concurso Provincial del Cartel Anunciador del Carnaval Infantil que, ya en su XXXVII edici\u00f3n, sigue contando con el inquebrantable apoyo de la Diputaci\u00f3n de Albacete que, adem\u00e1s, este a\u00f1o se ampl\u00eda mirando al conjunto de estas celebraciones.<\/p>\n<p style=\"text-align: justify;\">As\u00ed lo ha anunciado el propio presidente provincial, se\u00f1alando que este a\u00f1o la instituci\u00f3n impulsa un nuevo convenio que, con una cuant\u00eda de 8.000 euros, ser\u00e1 importante para ayudar al Ayuntamiento de la localidad a seguir ampliando el esplendor de esta gran expresi\u00f3n popular, \u00fanica en la regi\u00f3n que cuenta con la Declaraci\u00f3n de Bien de Inter\u00e9s Cultural BIC.<\/p>\n<p style=\"text-align: justify;\">Santi Caba\u00f1ero ha participado en la entrega de reconocimientos del certamen del cartel que proclama el carnaval de los m\u00e1s peque\u00f1os y m\u00e1s peque\u00f1os de la casa; lo ha hecho junto al alcalde (el diputado provincial de Educaci\u00f3n y Cultura), Miguel Zamora, y al delegado provincial de Fomento, Julen S\u00e1nchez, reafirmando el s\u00f3lido compromiso de la Diputaci\u00f3n con estos carnavales que, ha se\u00f1alado, conjugan cultura, tradici\u00f3n y dinamismo, atrayendo a p\u00fablico de distintos puntos del mapa, m\u00e1s all\u00e1 de la provincia.<\/p>\n<p style=\"text-align: justify;\">Ha sido en el marco perfecto del patio de la Casa de la Cultura de la localidad, lugar donde, adem\u00e1s de lucir la exposici\u00f3n \u2018De m\u00e1scaras y miradas: retratos de Carnaval\u2019, de Carlos Navarro, lo hace el IV Concurso fotogr\u00e1fico promovido por la Asociaci\u00f3n Carnavalera de la localidad.<\/p>\n<p style=\"text-align: justify;\">Caba\u00f1ero ha felicitado por su talento a quienes han participado en esta edici\u00f3n del certamen provincial infantil (el m\u00e1s antiguo de la provincia) que, un a\u00f1o m\u00e1s, ha tenido el apoyo de la Diputaci\u00f3n con 1.000 euros para la organizaci\u00f3n y la dotaci\u00f3n de 200 euros para el primer premio y de 100 euros para el segundo y tercero. Andr\u00e9s Moreno Sotos ha sido el autor de \u2018Viva el vino y el carnaval\u2019, la obra ganadora que, al igual que los y las reconocidos en segunda y tercera categor\u00eda y con los dos acc\u00e9sit, ha capturado la esencia del Carnaval de Tarazona de la Mancha con una creatividad y originalidad excepcionales que les han valido tambi\u00e9n para recibir un formidable lote de regalos fruto tambi\u00e9n a la implicaci\u00f3n del tejido empresarial local.<\/p>\n<p style=\"text-align: justify;\">El `premio del V Concurso Nacional del Cartel del Carnaval ha sido para la tambi\u00e9n jovenc\u00edsima (apenas quince a\u00f1os) Sara Talavera, con su trabajo \u2018Esp\u00eda\u2019.<\/p>\n<p style=\"text-align: justify;\">Caba\u00f1ero ha subrayado c\u00f3mo cada a\u00f1o estos cert\u00e1menes vuelven a sorprender con \u201cla frescura y originalidad de las propuestas presentadas\u201d, demostrando que \u201cel esp\u00edritu del carnaval nace en la imaginaci\u00f3n y vive evolucionando con cada nueva generaci\u00f3n\u00bb.<\/p>\n<p style=\"text-align: justify;\">El carnaval de Tarazona de la Mancha, entre los m\u00e1s referentes del conjunto del territorio provincial y regional gracias a su rica tradici\u00f3n y a esa divertida celebraci\u00f3n en la que, d\u00eda a d\u00eda, se implica toda la poblaci\u00f3n de la localidad (y del grand\u00edsimo n\u00famero de visitantes que no quieren perd\u00e9rselo), es \u201cun pilar fundamental no s\u00f3lo en el tejido cultural de la provincia, sino tambi\u00e9n en su estructura social y econ\u00f3mica\u201d.<\/p>\n<p style=\"text-align: justify;\">As\u00ed, ha incidido en que estos d\u00edas, m\u00e1s all\u00e1 de ser \u201cuna gran expresi\u00f3n de nuestra identidad cultural y un homenaje a nuestra historia\u201d, son \u201cun revulsivo econ\u00f3mico\u201d que impulsa el turismo y el comercio local, trayendo vitalidad y desarrollo no s\u00f3lo a Tarazona, sino al conjunto de la comarca.<\/p>\n<p style=\"text-align: justify;\">Singularidad, historia, creatividad, participaci\u00f3n y potencial tur\u00edstico<\/p>\n<p style=\"text-align: justify;\">Reconociendo el papel crucial, tanto del Consistorio como de todas las entidades y personas involucradas en que estas jornadas luzcan como lo hacen a\u00f1o tras a\u00f1o, el presidente ha subrayado la colaboraci\u00f3n y el esfuerzo conjunto que hay tras todo eso. \u00abEs admirable ver c\u00f3mo el Ayuntamiento de Tarazona de la Mancha, junto con educadores, artistas, comerciantes, asociaciones, pe\u00f1as y, en definitiva, toda la poblaci\u00f3n, se unen no s\u00f3lo para celebrar, sino para potenciar y mejorar cada vez m\u00e1s la que es una rica tradici\u00f3n carnavalesca que tiene precisamente en esa dedicaci\u00f3n y en esa pasi\u00f3n pilares fundamentales para el continuo \u00e9xito y la renovaci\u00f3n constante de lo que hace \u00fanicos estos carnavales\u00ab, ha asegurado.<\/p>\n<p style=\"text-align: justify;\">Mirando hacia el futuro, Santi Caba\u00f1ero ha reiterado el compromiso de la Diputaci\u00f3n de Albacete para seguir apoyando esta cita que une la juventud y el talento al bagaje de un carnaval hist\u00f3rico, mostrando la plena disposici\u00f3n de seguir trabajando de la mano con el resto de administraciones involucradas, directa e indirectamente, en el esplendor de estos d\u00edas con un objetivo claro: alcanzar la Declaraci\u00f3n de Inter\u00e9s Tur\u00edstico Nacional para el Carnaval de Tarazona de la Mancha, un reconocimiento que ha asegurado que merece \u201cpor su singularidad, su historia y su capacidad de atraer a visitantes de todas partes, engrandeciendo el patrimonio cultural y tur\u00edstico de todo un pueblo y de la provincia al completo\u201d.<\/p>\n<p style=\"text-align: justify;\">Y es que, como ha se\u00f1alado, este carnaval, con su desbordante alegr\u00eda, su colorido y su capacidad de uni\u00f3n entre personas y generaciones, \u201crefleja lo mejor de este territorio\u201d, siendo vitalidad, creatividad y compromiso con la preservaci\u00f3n de las tradiciones, buscando darles siempre valor a\u00f1adido para impulsarlas al futuro con todas las garant\u00edas de afianzarlas como \u201cla gran muestra de nuestra identidad\u00bb que son.<\/p>\n<p style=\"text-align: justify;\">Por su parte, el alcalde, Miguel Zamora, ha valorado muy positivamente ese respaldo de la m\u00e1xima instituci\u00f3n provincial y ha recordado \u2018la solera\u2019 del concurso de carteles del carnaval infantil que nac\u00eda con el impulso, en su momento, del colegio.<\/p>\n<p style=\"text-align: justify;\">A pocas horas del Preg\u00f3n, uno de los momentos m\u00e1s esperados por los tarazoneros y tarazoneras, Zamora se ha mostrado orgulloso de ser alcalde del \u00fanico lugar que cuenta en Castilla-La Mancha con unos carnavales declarados BIC. Agradeciendo la implicaci\u00f3n de todo el pueblo, de las entidades y colectivos (en especial, a las personas con capacidades diferentes que, desde distintas asociaciones, se vuelcan tambi\u00e9n en la preparaci\u00f3n de estos d\u00edas), ha llamado a todo el mundo a disfrutar de estos carnavales en los que, ha subrayado, \u201cnadie se siente forastero\u201d.<\/p>\n<p><!--publicidad-voz03--><a href=\"https:\/\/www.facebook.com\/profile.php?id=100063593791305&amp;locale=es_ES\"><img decoding=\"async\" class=\"alignnone size-medium\" src=\"https:\/\/blogger.googleusercontent.com\/img\/b\/R29vZ2xl\/AVvXsEi8_n_ll8UOcGxCqzFvb_9Io4ICczlGC990BPtPj2w9Px-u7B3oqWUW5vtjZUqPNJ-nyjiUIorE0ATsib_l5tV8BVN-UJ03RTnU__IHJF_4DgDBtY4LIqXNG-FomrO-7ywes20CBCRM2Hcm7EJSh3UUw1dO-c_uTflUrtgY1i7uBRezj_DpympmEFkfbQY\/s1600\/logo-principal2.jpg\" width=\"100%\" height=\"100\" \/><\/a><!--bestpublic-voz03--><!--desk-in-out-voz03--><br \/>\n<!--publicidad-voz04--><a href=\"https:\/\/www.facebook.com\/profile.php?id=61557370768692&amp;locale=es_ES\"><img decoding=\"async\" class=\"alignnone size-medium\" src=\"https:\/\/blogger.googleusercontent.com\/img\/b\/R29vZ2xl\/AVvXsEgy5RdcfffrnrItnYTcV9bCJjgJwldsQLWssfVfrLbyfXeBNTFKgBf0rMIvhrUaGUhiXzVr9_eQgCbi-j63ZDpfTvLIty9w7s140y-m1yHe7eKmEK7v2NAHUJDVYGdfeiQFeRCqUjdwWmN1MX_AUxxz4IVdJ4WIM0APxit8bjWkXzrnEFGqBvW_1F13H1g\/s1600\/logo-principal5.jpg\" width=\"100%\" height=\"100\" \/><\/a><!--bestpublic-voz04--><!--desk-in-out-voz04--><br \/>\n<!--publicidad-voz05--><a href=\"https:\/\/www.facebook.com\/asociaciontamborileroshellin?locale=es_ES\"><img decoding=\"async\" class=\"alignnone size-medium\" src=\"https:\/\/blogger.googleusercontent.com\/img\/b\/R29vZ2xl\/AVvXsEhHEEpZsKK1VpwiYMrS7aE2ujtqIDZoLd4B5wtbiseSU9s2HdTdQfhF84So2XwEB1fv0BLw95GADm6hUl1bkKtzh-eIgVigXONuu_5RxeIMPhjk8q6uNX4EaEHbooKkbu7pCADWPpVJjhKIH5NQSJpWqedC-YBez4QAQeJYokkLot9bhrIaUAeztsGis6M\/s1600\/logo-principal3.jpg\" width=\"100%\" height=\"100\" \/><\/a><!--bestpublic-voz05--><!--desk-in-out-voz05--><br \/>\n<!--publicidad-voz06--><!--bestpublic-voz06--><!--desk-in-out-voz06--><br \/>\n<!--publicidad-voz07--><!--bestpublic-voz07--><!--desk-in-out-voz07--><br \/>\n<!--publicidad-voz08--><!--bestpublic-voz08--><!--desk-in-out-voz08--><br \/>\n<!--publicidad-voz09--><!--bestpublic-voz09--><!--desk-in-out-voz09--><br \/>\n<!--publicidad-voz10--><!--bestpublic-voz10--><!--desk-in-out-voz10--><br \/>\n<!--publicidad-voz11--><!--bestpublic-voz11--><!--desk-in-out-voz11--><br \/>\n<!--publicidad-voz12--><!--bestpublic-voz12--><!--desk-in-out-voz12--><br \/>\n<!--publicidad-voz13--><!--bestpublic-voz13--><!--desk-in-out-voz13--><br \/>\n<!--publicidad-voz14--><!--bestpublic-voz14--><!--desk-in-out-voz14--><br \/>\n<!--publicidad-voz15--><!--bestpublic-voz15--><!--desk-in-out-voz15--><br \/>\n<!--publicidad-voz16--><!--bestpublic-voz16--><!--desk-in-out-voz16--><\/p>\n","protected":false},"excerpt":{"rendered":"<p>S\u00e1bado tremendamente especial en una Tarazona de la Mancha completamente volcada en la celebraci\u00f3n de sus excepcionales carnavales.<\/p>\n","protected":false},"author":2,"featured_media":146337,"comment_status":"closed","ping_status":"closed","sticky":false,"template":"","format":"standard","meta":{"footnotes":""},"categories":[752,718,715,716,717],"tags":[],"class_list":["post-146336","post","type-post","status-publish","format-standard","has-post-thumbnail","hentry","category-blog-lv033","category-blogger","category-la-voz-de-hellin","category-la-voz-de-hellin-la-voz-de-hellin","category-noticias"],"_links":{"self":[{"href":"https:\/\/lavozdehellin.com\/noticias\/wp-json\/wp\/v2\/posts\/146336","targetHints":{"allow":["GET"]}}],"collection":[{"href":"https:\/\/lavozdehellin.com\/noticias\/wp-json\/wp\/v2\/posts"}],"about":[{"href":"https:\/\/lavozdehellin.com\/noticias\/wp-json\/wp\/v2\/types\/post"}],"author":[{"embeddable":true,"href":"https:\/\/lavozdehellin.com\/noticias\/wp-json\/wp\/v2\/users\/2"}],"replies":[{"embeddable":true,"href":"https:\/\/lavozdehellin.com\/noticias\/wp-json\/wp\/v2\/comments?post=146336"}],"version-history":[{"count":0,"href":"https:\/\/lavozdehellin.com\/noticias\/wp-json\/wp\/v2\/posts\/146336\/revisions"}],"wp:featuredmedia":[{"embeddable":true,"href":"https:\/\/lavozdehellin.com\/noticias\/wp-json\/wp\/v2\/media\/146337"}],"wp:attachment":[{"href":"https:\/\/lavozdehellin.com\/noticias\/wp-json\/wp\/v2\/media?parent=146336"}],"wp:term":[{"taxonomy":"category","embeddable":true,"href":"https:\/\/lavozdehellin.com\/noticias\/wp-json\/wp\/v2\/categories?post=146336"},{"taxonomy":"post_tag","embeddable":true,"href":"https:\/\/lavozdehellin.com\/noticias\/wp-json\/wp\/v2\/tags?post=146336"}],"curies":[{"name":"wp","href":"https:\/\/api.w.org\/{rel}","templated":true}]}}