{"id":146339,"date":"2024-02-09T22:50:35","date_gmt":"2024-02-09T22:50:35","guid":{"rendered":"https:\/\/lavozdehellin.com\/noticias\/?p=146339"},"modified":"2024-02-16T09:20:39","modified_gmt":"2024-02-16T09:20:39","slug":"v08-032-cabanero-reitera-el-apoyo-de-la-diputacion-a-la-semana-santa-de-tobarra-facilitando-la-adquisicion-de-un-equipo-de-comunicacion-para-la-coordinacion-de-sus-desfiles-procesionales","status":"publish","type":"post","link":"https:\/\/lavozdehellin.com\/noticias\/v08-032-cabanero-reitera-el-apoyo-de-la-diputacion-a-la-semana-santa-de-tobarra-facilitando-la-adquisicion-de-un-equipo-de-comunicacion-para-la-coordinacion-de-sus-desfiles-procesionales\/","title":{"rendered":"LVH NOTICIAS | CABA\u00d1ERO REITERA EL APOYO DE LA DIPUTACI\u00d3N A LA SEMANA SANTA DE TOBARRA FACILITANDO LA ADQUISICI\u00d3N DE UN EQUIPO DE COMUNICACI\u00d3N PARA LA COORDINACI\u00d3N DE SUS DESFILES PROCESIONALES"},"content":{"rendered":"<p style=\"text-align: justify;\">El presidente de la Diputaci\u00f3n de Albacete, Santi Caba\u00f1ero, acompa\u00f1ado de la diputada de Turismo, Raquel Ruiz, ha estado junto a los tobarre\u00f1os y tobarre\u00f1as participando en la presentaci\u00f3n de los carteles de su Semana Santa (tanto el de la Federaci\u00f3n de Hermandades y Cofrad\u00edas como el de la Asociaci\u00f3n de Amigos del Tambor) y de su revista.<\/p>\n<p><!--more--><br \/>\n<!--publicidad-voz01--><a href=\"https:\/\/www.facebook.com\/SoloRadioHellin\/?locale=es_ES\"><img decoding=\"async\" class=\"alignnone size-medium\" src=\"https:\/\/blogger.googleusercontent.com\/img\/b\/R29vZ2xl\/AVvXsEiNncirNnyGedv00mhjZjh5Wl4_YPdJGanoAl8tL8zH-HwqE8uHqjEfSt340RHdx-9tuCSIkZ8rFamZiGyYlgDGxCsmXjCH_1xk5eYM3ntFZRvJP_jndOKR7w1UAo9Tu0vrZyOLfqRpHIxYI5SymJJ-pfGCQw6QVpggBH-UgfjiFQ2JOxqxG0Jx94kW83c\/s1600\/logo-principal.jpg\" width=\"100%\" height=\"100\" \/><\/a><!--bestpublic-voz01--><!--desk-in-out-voz01--><br \/>\n<!--publicidad-voz02--><a href=\"https:\/\/www.hellincf.com\/\"><img decoding=\"async\" class=\"alignnone size-medium\" src=\"https:\/\/blogger.googleusercontent.com\/img\/b\/R29vZ2xl\/AVvXsEhuZ4-XfBVj3UtdP8-RZugy3WVrg-Zv28c53m4oV47qYCxL1rX_dqWX_YddsGSnpH5SRDqZ7bZeKPIfDVCDncpjVlhy3aQs2vojcJBn7Gdv9hC2_Nzct_pRFrnFE1a7KTCdY1bT_kAgnY3-iadRZrGeJf1fR2P5fu11bokx0pWjaypoy-ctwCjklldpEbA\/s1600\/logo-principal7.jpg\" width=\"100%\" height=\"100\" \/><\/a><!--bestpublic-voz02--><!--desk-in-out-voz02--><\/p>\n<p style=\"text-align: justify;\">Lo ha hecho junto a los presidentes de ambas entidades (Cristina Alfaro y Jos\u00e9 Manuel Cano, respectivamente), la alcaldesa local, Manuela Garrido, y el resto de representantes institucionales presentes.<\/p>\n<p style=\"text-align: justify;\">El Polideportivo Municipal \u2018La Granja\u2019 ha sido, un a\u00f1o m\u00e1s, el escenario elegido para acoger este acto que abre \u2018la cuenta atr\u00e1s\u2019 para la Semana Santa tobarre\u00f1a y en el que Caba\u00f1ero ha comenzado su intervenci\u00f3n rememorando su paso por tantas semanas santas de la localidad con la banda de m\u00fasica de su pueblo, y poniendo en valor tanto la actuaci\u00f3n de cornetas y tambores que ha abierto la gala como el papel esencial que, en s\u00ed mismo, juega la m\u00fasica para el total lucimiento de la Semana Santa m\u00e1s aut\u00e9ntica. Momento que ha aprovechado tambi\u00e9n para reiterar el compromiso de la instituci\u00f3n provincial con esta celebraci\u00f3n, reconociendo el trabajo de las personas y colectivos que la protagonizan, \u201ccontribuyendo a hacer mayor el patrimonio cultural con el que contamos en la provincia y a visibilizarlo fuera de ella\u201d. En especial, a la presidenta de la Federaci\u00f3n de Hermandades y Cofrad\u00edas de Semana Santa, Cristina Alfaro; y al presidente de la Asociaci\u00f3n Amigos del Tambor de Tobarra, Jos\u00e9 Manuel Cano, a quien ha deseado seguir abanderando \u00e9xitos en el seno del Consorcio Nacional del Tambor.<\/p>\n<p style=\"text-align: justify;\">Como antesala de esas m\u00edticas 104 horas ininterrumpidas de toque de tambor y de esa imaginer\u00eda iluminando a su paso la calle Mayor o la de Las Columnas, esta presentaci\u00f3n tambi\u00e9n da a conocer el nombre de quien pregonar\u00e1 esta Semana Santa. Honor que este a\u00f1o ha reca\u00eddo en Mar\u00eda Dolores Garrido, a quien Caba\u00f1ero ha felicitado por adelantado, al igual que a quienes han rubricado los magn\u00edficos carteles 2024: el de la Tamborada, \u2018El Legado de la Artesan\u00eda\u2019, un homenaje a la artesan\u00eda del tambor, composici\u00f3n de Miguel Mart\u00ednez (m\u00e1s conocido como \u2018Gilito\u2019, de Tobarra), con fotograf\u00edas de: Guillermo A. Paterna, Juan Enrique Morcillo, Diego J. Santos, Mar\u00eda Guerrero y Antonio Garc\u00eda. Y, el de la Semana Santa, con fotograf\u00eda de Antonio Alfaro Mico y dise\u00f1o de Cristina Alfaro L\u00f3pez, con la imagen titular de la Hermandad de San Juan Evangelista.<\/p>\n<p style=\"text-align: justify;\">La Diputaci\u00f3n contribuir\u00e1 a mejorar la comunicaci\u00f3n interna durante los desfiles<\/p>\n<p style=\"text-align: justify;\">En su intervenci\u00f3n, el presidente ha apuntado que desde la Diputaci\u00f3n de Albacete, a\u00f1o tras a\u00f1o, se trabaja para corresponder al esfuerzo que se realiza en esta localidad para ensalzar su Semana Santa y su Tamborada.<\/p>\n<p style=\"text-align: justify;\">As\u00ed, este 2024, al convenio que la instituci\u00f3n provincial suscribe anualmente con la Federaci\u00f3n de Hermandades y Cofrad\u00edas por valor de 3.000 euros, se suma una ayuda anunciada por Caba\u00f1ero que, con otros cerca de 5.000 euros, har\u00e1 posible la mejora de las comunicaciones en los desfiles procesionales a trav\u00e9s de la adquisici\u00f3n de unos equipos espec\u00edficamente destinados a ello. Algo que contribuir\u00e1 a una mejor y m\u00e1s eficiente coordinaci\u00f3n, favoreciendo tambi\u00e9n su vistosidad.<\/p>\n<p style=\"text-align: justify;\">El presidente de la Diputaci\u00f3n ha asegurado que la Semana Santa supone un acontecimiento religioso, cultural, social y tur\u00edstico de primer orden, siendo una de las tradiciones m\u00e1s arraigadas y m\u00e1s importantes para gran parte de la poblaci\u00f3n de una provincia que, ha advertido, \u201cpuede (y debe) presumir\u201d de estas celebraciones que son parte del patrimonio material e inmaterial del territorio, su cultura y su imaginario colectivo.<\/p>\n<p style=\"text-align: justify;\">Santi Caba\u00f1ero ha se\u00f1alado que la Semana Santa de Tobarra, declarada de Inter\u00e9s Tur\u00edstico Nacional con unas Tamboradas que (con las de Agram\u00f3n y Hell\u00edn) son Patrimonio Cultural Inmaterial de la Humanidad, es \u201cuna parada obligada\u201d en el mapa \u2018semanasantero\u2019 de la provincia.<\/p>\n<p style=\"text-align: justify;\">Adem\u00e1s, ha remarcado que para la Diputaci\u00f3n de Albacete es \u201cun orgullo\u201d contar con celebraciones como \u00e9sta pero, sobre todo, con vecinos y vecinas como los tobarre\u00f1os y tobarre\u00f1as que han sabido conservar y transmitir de generaci\u00f3n en generaci\u00f3n esta cita, convirti\u00e9ndola en se\u00f1a de identidad.<\/p>\n<p style=\"text-align: justify;\">Como se ha rememorado durante la noche y Caba\u00f1ero ha puesto en valor, Tobarra cuenta con procesiones cargadas de belleza y pasi\u00f3n (como la del \u2018Viernes Santo de Espa\u00f1a\u2019); con grandes artesanos del tambor; con un monumento y museo muy especiales en torno a este instrumento; y con la Tamborada m\u00e1s larga del pa\u00eds.<\/p>\n<p style=\"text-align: justify;\">Todo ello haciendo, como ha compartido con las y los asistentes, que incluso quienes no son de la localidad sientan gran atracci\u00f3n por ese toque del tambor, recordando con especial cari\u00f1o su participaci\u00f3n el pasado a\u00f1o en las 36\u00aa Jornadas Nacionales de Exaltaci\u00f3n del Tambor y el Bombo, \u201ctodo un \u00e9xito tanto en organizaci\u00f3n y participaci\u00f3n, como en ambiente\u201d, en el entorno de esos espacios p\u00fablicos que rodean la Plaza de Espa\u00f1a (donde est\u00e1n tanto el Ayuntamiento como la Iglesia de la Asunci\u00f3n, construida entre 1546 y 1616, mezcla de estilos g\u00f3tico y renacentista y Bien de Inter\u00e9s Cultural desde 2010), remodelados a tiempo para ese momento por la Diputaci\u00f3n a trav\u00e9s de la EDUSI con una inversi\u00f3n de 125.000 euros, mejorando integralmente un punto clave tambi\u00e9n para esos d\u00edas de tambor y Semana Santa cada a\u00f1o en la localidad.<\/p>\n<p style=\"text-align: justify;\">Caba\u00f1ero ha llamado a seguir trabajando de la mano en el objetivo de mantener vivas tradiciones como \u00e9stas, que hacen posible que toda la provincia sepa que el redoble de un tambor, m\u00e1s que un mero sonido, es \u201cla banda sonora de una parte de su cultura\u201d. Palabras que ha concluido animando a locales y visitantes a disfrutar de cada sensaci\u00f3n de la Semana Santa tobarre\u00f1a.<\/p>\n<p><!--publicidad-voz03--><a href=\"https:\/\/www.facebook.com\/profile.php?id=100063593791305&amp;locale=es_ES\"><img decoding=\"async\" class=\"alignnone size-medium\" src=\"https:\/\/blogger.googleusercontent.com\/img\/b\/R29vZ2xl\/AVvXsEi8_n_ll8UOcGxCqzFvb_9Io4ICczlGC990BPtPj2w9Px-u7B3oqWUW5vtjZUqPNJ-nyjiUIorE0ATsib_l5tV8BVN-UJ03RTnU__IHJF_4DgDBtY4LIqXNG-FomrO-7ywes20CBCRM2Hcm7EJSh3UUw1dO-c_uTflUrtgY1i7uBRezj_DpympmEFkfbQY\/s1600\/logo-principal2.jpg\" width=\"100%\" height=\"100\" \/><\/a><!--bestpublic-voz03--><!--desk-in-out-voz03--><br \/>\n<!--publicidad-voz04--><a href=\"https:\/\/www.facebook.com\/profile.php?id=61557370768692&amp;locale=es_ES\"><img decoding=\"async\" class=\"alignnone size-medium\" src=\"https:\/\/blogger.googleusercontent.com\/img\/b\/R29vZ2xl\/AVvXsEgy5RdcfffrnrItnYTcV9bCJjgJwldsQLWssfVfrLbyfXeBNTFKgBf0rMIvhrUaGUhiXzVr9_eQgCbi-j63ZDpfTvLIty9w7s140y-m1yHe7eKmEK7v2NAHUJDVYGdfeiQFeRCqUjdwWmN1MX_AUxxz4IVdJ4WIM0APxit8bjWkXzrnEFGqBvW_1F13H1g\/s1600\/logo-principal5.jpg\" width=\"100%\" height=\"100\" \/><\/a><!--bestpublic-voz04--><!--desk-in-out-voz04--><br \/>\n<!--publicidad-voz05--><a href=\"https:\/\/www.facebook.com\/asociaciontamborileroshellin?locale=es_ES\"><img decoding=\"async\" class=\"alignnone size-medium\" src=\"https:\/\/blogger.googleusercontent.com\/img\/b\/R29vZ2xl\/AVvXsEhHEEpZsKK1VpwiYMrS7aE2ujtqIDZoLd4B5wtbiseSU9s2HdTdQfhF84So2XwEB1fv0BLw95GADm6hUl1bkKtzh-eIgVigXONuu_5RxeIMPhjk8q6uNX4EaEHbooKkbu7pCADWPpVJjhKIH5NQSJpWqedC-YBez4QAQeJYokkLot9bhrIaUAeztsGis6M\/s1600\/logo-principal3.jpg\" width=\"100%\" height=\"100\" \/><\/a><!--bestpublic-voz05--><!--desk-in-out-voz05--><br \/>\n<!--publicidad-voz06--><!--bestpublic-voz06--><!--desk-in-out-voz06--><br \/>\n<!--publicidad-voz07--><!--bestpublic-voz07--><!--desk-in-out-voz07--><br \/>\n<!--publicidad-voz08--><!--bestpublic-voz08--><!--desk-in-out-voz08--><br \/>\n<!--publicidad-voz09--><!--bestpublic-voz09--><!--desk-in-out-voz09--><br \/>\n<!--publicidad-voz10--><!--bestpublic-voz10--><!--desk-in-out-voz10--><br \/>\n<!--publicidad-voz11--><!--bestpublic-voz11--><!--desk-in-out-voz11--><br \/>\n<!--publicidad-voz12--><!--bestpublic-voz12--><!--desk-in-out-voz12--><br \/>\n<!--publicidad-voz13--><!--bestpublic-voz13--><!--desk-in-out-voz13--><br \/>\n<!--publicidad-voz14--><!--bestpublic-voz14--><!--desk-in-out-voz14--><br \/>\n<!--publicidad-voz15--><!--bestpublic-voz15--><!--desk-in-out-voz15--><br \/>\n<!--publicidad-voz16--><!--bestpublic-voz16--><!--desk-in-out-voz16--><\/p>\n","protected":false},"excerpt":{"rendered":"<p>El presidente de la Diputaci\u00f3n de Albacete, Santi Caba\u00f1ero, acompa\u00f1ado de la diputada de Turismo, Raquel Ruiz, ha estado junto a los tobarre\u00f1os y tobarre\u00f1as participando en la presentaci\u00f3n de&#8230;<\/p>\n","protected":false},"author":2,"featured_media":146340,"comment_status":"closed","ping_status":"closed","sticky":false,"template":"","format":"standard","meta":{"footnotes":""},"categories":[752,718,715,716,717],"tags":[],"class_list":["post-146339","post","type-post","status-publish","format-standard","has-post-thumbnail","hentry","category-blog-lv033","category-blogger","category-la-voz-de-hellin","category-la-voz-de-hellin-la-voz-de-hellin","category-noticias"],"_links":{"self":[{"href":"https:\/\/lavozdehellin.com\/noticias\/wp-json\/wp\/v2\/posts\/146339","targetHints":{"allow":["GET"]}}],"collection":[{"href":"https:\/\/lavozdehellin.com\/noticias\/wp-json\/wp\/v2\/posts"}],"about":[{"href":"https:\/\/lavozdehellin.com\/noticias\/wp-json\/wp\/v2\/types\/post"}],"author":[{"embeddable":true,"href":"https:\/\/lavozdehellin.com\/noticias\/wp-json\/wp\/v2\/users\/2"}],"replies":[{"embeddable":true,"href":"https:\/\/lavozdehellin.com\/noticias\/wp-json\/wp\/v2\/comments?post=146339"}],"version-history":[{"count":0,"href":"https:\/\/lavozdehellin.com\/noticias\/wp-json\/wp\/v2\/posts\/146339\/revisions"}],"wp:featuredmedia":[{"embeddable":true,"href":"https:\/\/lavozdehellin.com\/noticias\/wp-json\/wp\/v2\/media\/146340"}],"wp:attachment":[{"href":"https:\/\/lavozdehellin.com\/noticias\/wp-json\/wp\/v2\/media?parent=146339"}],"wp:term":[{"taxonomy":"category","embeddable":true,"href":"https:\/\/lavozdehellin.com\/noticias\/wp-json\/wp\/v2\/categories?post=146339"},{"taxonomy":"post_tag","embeddable":true,"href":"https:\/\/lavozdehellin.com\/noticias\/wp-json\/wp\/v2\/tags?post=146339"}],"curies":[{"name":"wp","href":"https:\/\/api.w.org\/{rel}","templated":true}]}}