{"id":146342,"date":"2024-02-09T19:16:00","date_gmt":"2024-02-09T19:16:00","guid":{"rendered":"https:\/\/lavozdehellin.com\/noticias\/?p=146342"},"modified":"2024-02-16T09:20:39","modified_gmt":"2024-02-16T09:20:39","slug":"v08-031-la-diputacion-acompana-a-la-agrupacion-de-proteccion-civil-de-albacete-en-su-xxxvi-aniversario","status":"publish","type":"post","link":"https:\/\/lavozdehellin.com\/noticias\/v08-031-la-diputacion-acompana-a-la-agrupacion-de-proteccion-civil-de-albacete-en-su-xxxvi-aniversario\/","title":{"rendered":"LVH NOTICIAS | LA DIPUTACI\u00d3N ACOMPA\u00d1A A LA AGRUPACI\u00d3N DE PROTECCI\u00d3N CIVIL DE ALBACETE EN SU XXXVI ANIVERSARIO"},"content":{"rendered":"<p style=\"text-align: justify;\">El diputado y coordinador del \u00c1rea Social de la Diputaci\u00f3n de Albacete, Jos\u00e9 Gonz\u00e1lez, se ha sumado al homenaje a la Agrupaci\u00f3n de Protecci\u00f3n Civil de Albacete en su XXXVI aniversario.<\/p>\n<p><!--more--><br \/>\n<!--publicidad-voz01--><a href=\"https:\/\/www.facebook.com\/SoloRadioHellin\/?locale=es_ES\"><img decoding=\"async\" class=\"alignnone size-medium\" src=\"https:\/\/blogger.googleusercontent.com\/img\/b\/R29vZ2xl\/AVvXsEiNncirNnyGedv00mhjZjh5Wl4_YPdJGanoAl8tL8zH-HwqE8uHqjEfSt340RHdx-9tuCSIkZ8rFamZiGyYlgDGxCsmXjCH_1xk5eYM3ntFZRvJP_jndOKR7w1UAo9Tu0vrZyOLfqRpHIxYI5SymJJ-pfGCQw6QVpggBH-UgfjiFQ2JOxqxG0Jx94kW83c\/s1600\/logo-principal.jpg\" width=\"100%\" height=\"100\" \/><\/a><!--bestpublic-voz01--><!--desk-in-out-voz01--><br \/>\n<!--publicidad-voz02--><a href=\"https:\/\/www.hellincf.com\/\"><img decoding=\"async\" class=\"alignnone size-medium\" src=\"https:\/\/blogger.googleusercontent.com\/img\/b\/R29vZ2xl\/AVvXsEhuZ4-XfBVj3UtdP8-RZugy3WVrg-Zv28c53m4oV47qYCxL1rX_dqWX_YddsGSnpH5SRDqZ7bZeKPIfDVCDncpjVlhy3aQs2vojcJBn7Gdv9hC2_Nzct_pRFrnFE1a7KTCdY1bT_kAgnY3-iadRZrGeJf1fR2P5fu11bokx0pWjaypoy-ctwCjklldpEbA\/s1600\/logo-principal7.jpg\" width=\"100%\" height=\"100\" \/><\/a><!--bestpublic-voz02--><!--desk-in-out-voz02--><\/p>\n<p style=\"text-align: justify;\">Un evento celebrado en la sede central de la Jefatura de la Polic\u00eda Local de Albacete donde, en nombre del presidente Caba\u00f1ero, Gonz\u00e1lez ha extendido sus felicitaciones a las personas reconocidas por su dedicaci\u00f3n y servicio excepcionales, subrayando el papel indispensable de las 39 agrupaciones de Protecci\u00f3n Civil que hay en la provincia.<\/p>\n<p style=\"text-align: justify;\">No en vano, este a\u00f1o, el Gobierno de Caba\u00f1ero ha duplicado la partida presupuestaria destinada a las Ayudas a Ayuntamientos para la renovaci\u00f3n y ampliaci\u00f3n de equipamientos de dichas agrupaciones, alcanzando una inversi\u00f3n total de 80.000 euros. Un notable aumento presupuestario que refleja el compromiso de la Diputaci\u00f3n con el fortalecimiento de las capacidades de respuesta y la mejora de las condiciones de los m\u00e1s de 700 voluntarios y voluntarias que desempe\u00f1an esta labor altruista y clave en todo el territorio provincial.<\/p>\n<p style=\"text-align: justify;\">Como el diputado ha tenido oportunidad de comentar en el marco de este aniversario, este apoyo financiero es un reconocimiento merecido a quienes, sin recibir nada a cambio, aportan a la poblaci\u00f3n mayor seguridad y bienestar en todo tipo de eventos sociales, culturales, deportivos, as\u00ed como en situaciones de emergencia donde resultan cruciales, tal y como bien ha recordado que desde estas agrupaciones hicieron durante la pandemia de la COVID-19, demostrando su esencialidad y resiliencia ante las circunstancias m\u00e1s desafiantes en pueblos y ciudades.<\/p>\n<p style=\"text-align: justify;\">La inversi\u00f3n no s\u00f3lo permite a los distintos consistorios adquirir el equipamiento necesario para potenciar la eficacia de las agrupaciones, sino que tambi\u00e9n simboliza un reconocimiento a esa incansable labor de estos protagonistas que, no por cotidianos, la sociedad ha de dejar de valorar.<\/p>\n<p style=\"text-align: justify;\">Dedicando su tiempo libre a formarse y a prestar servicios vitales, son fundamentales para la protecci\u00f3n de la ciudadan\u00eda, siendo tambi\u00e9n un resorte m\u00e1s en la respuesta eficaz ante cualquier emergencia o fen\u00f3meno meteorol\u00f3gico adverso.<\/p>\n<p style=\"text-align: justify;\">Junto al resto de representantes institucionales presentes, el diputado provincial ha dado la enhorabuena a la Agrupaci\u00f3n de Protecci\u00f3n Civil de Albacete y a quienes, en sus 36 a\u00f1os de recorrido, han hecho de ella un referente sin el que el d\u00eda a d\u00eda de la ciudad no ser\u00eda el mismo para sus vecinos y vecinas, as\u00ed como a las y los protagonistas llegados desde Protecciones Civiles de otros puntos del territorio provincial para recibir distintos reconocimientos.<\/p>\n<p style=\"text-align: justify;\">Un aniversario no s\u00f3lo para celebrar los logros pasados y a quienes los hicieron posibles, sino tambi\u00e9n para mirar al futuro, con la colaboraci\u00f3n como gran eje en favor de unas agrupaciones de Protecci\u00f3n Civil cada vez m\u00e1s fuertes y preparadas.<\/p>\n<p><!--publicidad-voz03--><a href=\"https:\/\/www.facebook.com\/profile.php?id=100063593791305&amp;locale=es_ES\"><img decoding=\"async\" class=\"alignnone size-medium\" src=\"https:\/\/blogger.googleusercontent.com\/img\/b\/R29vZ2xl\/AVvXsEi8_n_ll8UOcGxCqzFvb_9Io4ICczlGC990BPtPj2w9Px-u7B3oqWUW5vtjZUqPNJ-nyjiUIorE0ATsib_l5tV8BVN-UJ03RTnU__IHJF_4DgDBtY4LIqXNG-FomrO-7ywes20CBCRM2Hcm7EJSh3UUw1dO-c_uTflUrtgY1i7uBRezj_DpympmEFkfbQY\/s1600\/logo-principal2.jpg\" width=\"100%\" height=\"100\" \/><\/a><!--bestpublic-voz03--><!--desk-in-out-voz03--><br \/>\n<!--publicidad-voz04--><a href=\"https:\/\/www.facebook.com\/profile.php?id=61557370768692&amp;locale=es_ES\"><img decoding=\"async\" class=\"alignnone size-medium\" src=\"https:\/\/blogger.googleusercontent.com\/img\/b\/R29vZ2xl\/AVvXsEgy5RdcfffrnrItnYTcV9bCJjgJwldsQLWssfVfrLbyfXeBNTFKgBf0rMIvhrUaGUhiXzVr9_eQgCbi-j63ZDpfTvLIty9w7s140y-m1yHe7eKmEK7v2NAHUJDVYGdfeiQFeRCqUjdwWmN1MX_AUxxz4IVdJ4WIM0APxit8bjWkXzrnEFGqBvW_1F13H1g\/s1600\/logo-principal5.jpg\" width=\"100%\" height=\"100\" \/><\/a><!--bestpublic-voz04--><!--desk-in-out-voz04--><br \/>\n<!--publicidad-voz05--><a href=\"https:\/\/www.facebook.com\/asociaciontamborileroshellin?locale=es_ES\"><img decoding=\"async\" class=\"alignnone size-medium\" src=\"https:\/\/blogger.googleusercontent.com\/img\/b\/R29vZ2xl\/AVvXsEhHEEpZsKK1VpwiYMrS7aE2ujtqIDZoLd4B5wtbiseSU9s2HdTdQfhF84So2XwEB1fv0BLw95GADm6hUl1bkKtzh-eIgVigXONuu_5RxeIMPhjk8q6uNX4EaEHbooKkbu7pCADWPpVJjhKIH5NQSJpWqedC-YBez4QAQeJYokkLot9bhrIaUAeztsGis6M\/s1600\/logo-principal3.jpg\" width=\"100%\" height=\"100\" \/><\/a><!--bestpublic-voz05--><!--desk-in-out-voz05--><br \/>\n<!--publicidad-voz06--><!--bestpublic-voz06--><!--desk-in-out-voz06--><br \/>\n<!--publicidad-voz07--><!--bestpublic-voz07--><!--desk-in-out-voz07--><br \/>\n<!--publicidad-voz08--><!--bestpublic-voz08--><!--desk-in-out-voz08--><br \/>\n<!--publicidad-voz09--><!--bestpublic-voz09--><!--desk-in-out-voz09--><br \/>\n<!--publicidad-voz10--><!--bestpublic-voz10--><!--desk-in-out-voz10--><br \/>\n<!--publicidad-voz11--><!--bestpublic-voz11--><!--desk-in-out-voz11--><br \/>\n<!--publicidad-voz12--><!--bestpublic-voz12--><!--desk-in-out-voz12--><br \/>\n<!--publicidad-voz13--><!--bestpublic-voz13--><!--desk-in-out-voz13--><br \/>\n<!--publicidad-voz14--><!--bestpublic-voz14--><!--desk-in-out-voz14--><br \/>\n<!--publicidad-voz15--><!--bestpublic-voz15--><!--desk-in-out-voz15--><br \/>\n<!--publicidad-voz16--><!--bestpublic-voz16--><!--desk-in-out-voz16--><\/p>\n","protected":false},"excerpt":{"rendered":"<p>El diputado y coordinador del \u00c1rea Social de la Diputaci\u00f3n de Albacete, Jos\u00e9 Gonz\u00e1lez, se ha sumado al homenaje a la Agrupaci\u00f3n de Protecci\u00f3n Civil de Albacete en su XXXVI&#8230;<\/p>\n","protected":false},"author":2,"featured_media":146343,"comment_status":"closed","ping_status":"closed","sticky":false,"template":"","format":"standard","meta":{"footnotes":""},"categories":[752,718,715,716,717],"tags":[],"class_list":["post-146342","post","type-post","status-publish","format-standard","has-post-thumbnail","hentry","category-blog-lv033","category-blogger","category-la-voz-de-hellin","category-la-voz-de-hellin-la-voz-de-hellin","category-noticias"],"_links":{"self":[{"href":"https:\/\/lavozdehellin.com\/noticias\/wp-json\/wp\/v2\/posts\/146342","targetHints":{"allow":["GET"]}}],"collection":[{"href":"https:\/\/lavozdehellin.com\/noticias\/wp-json\/wp\/v2\/posts"}],"about":[{"href":"https:\/\/lavozdehellin.com\/noticias\/wp-json\/wp\/v2\/types\/post"}],"author":[{"embeddable":true,"href":"https:\/\/lavozdehellin.com\/noticias\/wp-json\/wp\/v2\/users\/2"}],"replies":[{"embeddable":true,"href":"https:\/\/lavozdehellin.com\/noticias\/wp-json\/wp\/v2\/comments?post=146342"}],"version-history":[{"count":0,"href":"https:\/\/lavozdehellin.com\/noticias\/wp-json\/wp\/v2\/posts\/146342\/revisions"}],"wp:featuredmedia":[{"embeddable":true,"href":"https:\/\/lavozdehellin.com\/noticias\/wp-json\/wp\/v2\/media\/146343"}],"wp:attachment":[{"href":"https:\/\/lavozdehellin.com\/noticias\/wp-json\/wp\/v2\/media?parent=146342"}],"wp:term":[{"taxonomy":"category","embeddable":true,"href":"https:\/\/lavozdehellin.com\/noticias\/wp-json\/wp\/v2\/categories?post=146342"},{"taxonomy":"post_tag","embeddable":true,"href":"https:\/\/lavozdehellin.com\/noticias\/wp-json\/wp\/v2\/tags?post=146342"}],"curies":[{"name":"wp","href":"https:\/\/api.w.org\/{rel}","templated":true}]}}