{"id":147315,"date":"2024-02-09T10:22:11","date_gmt":"2024-02-09T08:22:11","guid":{"rendered":"https:\/\/hellinsoloradio.com\/noticias\/?p=147315"},"modified":"2024-02-16T09:20:39","modified_gmt":"2024-02-16T09:20:39","slug":"v08-029-la-rapida-actuacion-y-la-colaboracion-de-los-efectivos-minimizo-las-consecuencias-del-incendio-declarado-ayer-en-las-minas","status":"publish","type":"post","link":"https:\/\/lavozdehellin.com\/noticias\/v08-029-la-rapida-actuacion-y-la-colaboracion-de-los-efectivos-minimizo-las-consecuencias-del-incendio-declarado-ayer-en-las-minas\/","title":{"rendered":"LVH NOTICIAS | LA R\u00c1PIDA ACTUACI\u00d3N Y LA COLABORACI\u00d3N DE LOS EFECTIVOS MINIMIZ\u00d3 LAS CONSECUENCIAS DEL INCENDIO DECLARADO AYER EN LAS MINAS"},"content":{"rendered":"<p style=\"text-align: justify;\">Nota de prensa.<\/p>\n<p><!--more--><br \/>\n<!--publicidad-voz01--><a href=\"https:\/\/www.facebook.com\/SoloRadioHellin\/?locale=es_ES\"><img decoding=\"async\" class=\"alignnone size-medium\" src=\"https:\/\/blogger.googleusercontent.com\/img\/b\/R29vZ2xl\/AVvXsEiNncirNnyGedv00mhjZjh5Wl4_YPdJGanoAl8tL8zH-HwqE8uHqjEfSt340RHdx-9tuCSIkZ8rFamZiGyYlgDGxCsmXjCH_1xk5eYM3ntFZRvJP_jndOKR7w1UAo9Tu0vrZyOLfqRpHIxYI5SymJJ-pfGCQw6QVpggBH-UgfjiFQ2JOxqxG0Jx94kW83c\/s1600\/logo-principal.jpg\" width=\"100%\" height=\"100\" \/><\/a><!--bestpublic-voz01--><!--desk-in-out-voz01--><br \/>\n<!--publicidad-voz02--><a href=\"https:\/\/tues.es\/p00003\"><img decoding=\"async\" class=\"alignnone size-medium\" src=\"https:\/\/blogger.googleusercontent.com\/img\/b\/R29vZ2xl\/AVvXsEhxVwESIj__PZPlX39jGrZXcmmln3MYf67n-5o2LnTWcEJg-U8LXF5w3UotiKphlJ1HiCnwpYN1d-lBO0DLaVj35wZBja6ulX3nbVjsnB4n_06vM-eqahHuxXV0PAa-SM1G5GZl2Dl0qo-znrJN3V5fQcbvwz9CWD-VPbYcmFp37lz8ybdtCoNQl4usr0Q\/s1600\/fotalg-destacado0008.jpg\" width=\"100%\" height=\"100\" \/><\/a><!--bestpublic-voz02--><!--desk-in-out-voz02--><\/p>\n<p style=\"text-align: justify;\">La r\u00e1pida actuaci\u00f3n y la colaboraci\u00f3n de los efectivos minimiz\u00f3 las consecuencias del incendio declarado ayer en Las Minas<\/p>\n<p style=\"text-align: justify;\">El parque de Bomberos de Hell\u00edn, Infocam, Infomur y el Consorcio de Extinci\u00f3n de Incendios y Salvamento de la Regi\u00f3n de Murcia aplacaron las llamas<\/p>\n<p style=\"text-align: justify;\">A falta de datos oficiales se sabe que a las 17:30 del mi\u00e9rcoles 7 se detect\u00f3 el incendio en la zona de Las Minas, que estuvo activo hasta las 00:45 del d\u00eda de hoy.<\/p>\n<p style=\"text-align: justify;\">Siete horas en las ardieron aproximadamente 50 hect\u00e1reas de alto valor natural, puesto que se encontraban dentro de un espacio protegido de especial importancia bot\u00e1nica, al formar parte de Paraje de los Yesares de Hell\u00edn.<\/p>\n<p style=\"text-align: justify;\">Importante colaboraci\u00f3n por parte de los medios de Murcia<\/p>\n<p style=\"text-align: justify;\">El SEPEI -Parque de Bomberos de Hell\u00edn- se person\u00f3 de inmediato en la zona del incendio, aportando tres veh\u00edculos pesados y dos de mando; a los que se uni\u00f3 la presencia de varios agentes medioambientales de la comarca hellinera y efectivos de Infocam.<\/p>\n<p style=\"text-align: justify;\">A pesar de que el incendio no alcanz\u00f3 suelo murciano, medios de la Regi\u00f3n de Murcia colaboraron activamente en su extinci\u00f3n. Se trata de unidades de Infomur y dispositivos del Bomberos del Consorcio de Extinci\u00f3n de Incendios y Salvamento de la Regi\u00f3n de Murcia, que unidos a los dispositivos aut\u00f3ctonos en la lucha contra las llamas mermaron la capacidad devoradora de las llamas, alentadas por el viento que era favorable para su expansi\u00f3n.<\/p>\n<p><!--publicidad-voz03--><a href=\"https:\/\/tues.es\/p00001\"><img decoding=\"async\" class=\"alignnone size-medium\" src=\"https:\/\/blogger.googleusercontent.com\/img\/b\/R29vZ2xl\/AVvXsEjg_JvBels6KqfvrVyNoX1tlmJ5rAm1ireRXJuaGCst66TnyNBl4mqUkqHUF9mriivNNCgLL7V01LIbnqxouleyVeLqh2klaHd3DGnI0IEspGaOTD-WVxugaEH-pPgRfFWG2jcOh44vtf0pe2dpA5oHEtyoVXQbkOiXtAXpVpJBqeIuz2XXwgjeSjjHEQA\/s1600\/eleccionreina2026.jpg\" width=\"100%\" height=\"100\" \/><\/a><!--bestpublic-voz03--><!--desk-in-out-voz03--><br \/>\n<!--publicidad-voz04--><a href=\"https:\/\/www.facebook.com\/profile.php?id=61557370768692&amp;locale=es_ES\"><img decoding=\"async\" class=\"alignnone size-medium\" src=\"https:\/\/blogger.googleusercontent.com\/img\/b\/R29vZ2xl\/AVvXsEgy5RdcfffrnrItnYTcV9bCJjgJwldsQLWssfVfrLbyfXeBNTFKgBf0rMIvhrUaGUhiXzVr9_eQgCbi-j63ZDpfTvLIty9w7s140y-m1yHe7eKmEK7v2NAHUJDVYGdfeiQFeRCqUjdwWmN1MX_AUxxz4IVdJ4WIM0APxit8bjWkXzrnEFGqBvW_1F13H1g\/s1600\/logo-principal5.jpg\" width=\"100%\" height=\"100\" \/><\/a><!--bestpublic-voz04--><!--desk-in-out-voz04--><br \/>\n<!--publicidad-voz05--><a href=\"https:\/\/tues.es\/p00002\"><img decoding=\"async\" class=\"alignnone size-medium\" src=\"https:\/\/blogger.googleusercontent.com\/img\/b\/R29vZ2xl\/AVvXsEiV6VilaAvrY3XVE6aqGIKTUHCB4JPQ-CR6y9rAf9J8zFI9mguq1v7MMg70PIAyKe4Wqnh7rLCOSJSqX3YNe8UtxYr4wrRYfKOTdbkxoKOSyKAQ9WrHXiuVYdbphfYpIon2v37bfuTT_sB0iSLwKATTzZxE7NuhjVCJM-XN9MKzfsRItbScW-UOvE2e0h4\/s1600\/feriadehellin2026.jpg\" width=\"100%\" height=\"100\" \/><\/a><!--bestpublic-voz05--><!--desk-in-out-voz05--><br \/>\n<!--publicidad-voz06--><!--bestpublic-voz06--><!--desk-in-out-voz06--><br \/>\n<!--publicidad-voz07--><!--bestpublic-voz07--><!--desk-in-out-voz07--><br \/>\n<!--publicidad-voz08--><!--bestpublic-voz08--><!--desk-in-out-voz08--><br \/>\n<!--publicidad-voz09--><!--bestpublic-voz09--><!--desk-in-out-voz09--><br \/>\n<!--publicidad-voz10--><!--bestpublic-voz10--><!--desk-in-out-voz10--><br \/>\n<!--publicidad-voz11--><!--bestpublic-voz11--><!--desk-in-out-voz11--><br \/>\n<!--publicidad-voz12--><!--bestpublic-voz12--><!--desk-in-out-voz12--><br \/>\n<!--publicidad-voz13--><!--bestpublic-voz13--><!--desk-in-out-voz13--><br \/>\n<!--publicidad-voz14--><!--bestpublic-voz14--><!--desk-in-out-voz14--><br \/>\n<!--publicidad-voz15--><!--bestpublic-voz15--><!--desk-in-out-voz15--><br \/>\n<!--publicidad-voz16--><!--bestpublic-voz16--><!--desk-in-out-voz16--><\/p>\n","protected":false},"excerpt":{"rendered":"<p>Nota de prensa.<\/p>\n","protected":false},"author":2,"featured_media":147347,"comment_status":"closed","ping_status":"closed","sticky":false,"template":"","format":"standard","meta":{"footnotes":""},"categories":[752,718,715,716,717],"tags":[],"class_list":["post-147315","post","type-post","status-publish","format-standard","has-post-thumbnail","hentry","category-blog-lv033","category-blogger","category-la-voz-de-hellin","category-la-voz-de-hellin-la-voz-de-hellin","category-noticias"],"_links":{"self":[{"href":"https:\/\/lavozdehellin.com\/noticias\/wp-json\/wp\/v2\/posts\/147315","targetHints":{"allow":["GET"]}}],"collection":[{"href":"https:\/\/lavozdehellin.com\/noticias\/wp-json\/wp\/v2\/posts"}],"about":[{"href":"https:\/\/lavozdehellin.com\/noticias\/wp-json\/wp\/v2\/types\/post"}],"author":[{"embeddable":true,"href":"https:\/\/lavozdehellin.com\/noticias\/wp-json\/wp\/v2\/users\/2"}],"replies":[{"embeddable":true,"href":"https:\/\/lavozdehellin.com\/noticias\/wp-json\/wp\/v2\/comments?post=147315"}],"version-history":[{"count":0,"href":"https:\/\/lavozdehellin.com\/noticias\/wp-json\/wp\/v2\/posts\/147315\/revisions"}],"wp:featuredmedia":[{"embeddable":true,"href":"https:\/\/lavozdehellin.com\/noticias\/wp-json\/wp\/v2\/media\/147347"}],"wp:attachment":[{"href":"https:\/\/lavozdehellin.com\/noticias\/wp-json\/wp\/v2\/media?parent=147315"}],"wp:term":[{"taxonomy":"category","embeddable":true,"href":"https:\/\/lavozdehellin.com\/noticias\/wp-json\/wp\/v2\/categories?post=147315"},{"taxonomy":"post_tag","embeddable":true,"href":"https:\/\/lavozdehellin.com\/noticias\/wp-json\/wp\/v2\/tags?post=147315"}],"curies":[{"name":"wp","href":"https:\/\/api.w.org\/{rel}","templated":true}]}}