{"id":147321,"date":"2024-02-12T10:08:30","date_gmt":"2024-02-12T08:08:30","guid":{"rendered":"https:\/\/hellinsoloradio.com\/noticias\/?p=147321"},"modified":"2024-02-16T09:20:38","modified_gmt":"2024-02-16T09:20:38","slug":"v08-036-villalgordo-del-jucar-acogio-las-rutas-de-senderismo-de-la-diputacion","status":"publish","type":"post","link":"https:\/\/lavozdehellin.com\/noticias\/v08-036-villalgordo-del-jucar-acogio-las-rutas-de-senderismo-de-la-diputacion\/","title":{"rendered":"LVH NOTICIAS | VILLALGORDO DEL J\u00daCAR ACOGI\u00d3 LAS RUTAS DE SENDERISMO DE LA DIPUTACI\u00d3N"},"content":{"rendered":"<p style=\"text-align: justify;\">Este domingo, 11 de febrero, tuvo lugar la quinta de las pruebas de la XI Edici\u00f3n de las Rutas de Senderismo 2024, que organiza la Diputaci\u00f3n Provincial de Albacete.<\/p>\n<p><!--more--><br \/>\n<!--publicidad-voz01--><a href=\"https:\/\/www.facebook.com\/SoloRadioHellin\/?locale=es_ES\"><img decoding=\"async\" class=\"alignnone size-medium\" src=\"https:\/\/blogger.googleusercontent.com\/img\/b\/R29vZ2xl\/AVvXsEiNncirNnyGedv00mhjZjh5Wl4_YPdJGanoAl8tL8zH-HwqE8uHqjEfSt340RHdx-9tuCSIkZ8rFamZiGyYlgDGxCsmXjCH_1xk5eYM3ntFZRvJP_jndOKR7w1UAo9Tu0vrZyOLfqRpHIxYI5SymJJ-pfGCQw6QVpggBH-UgfjiFQ2JOxqxG0Jx94kW83c\/s1600\/logo-principal.jpg\" width=\"100%\" height=\"100\" \/><\/a><!--bestpublic-voz01--><!--desk-in-out-voz01--><br \/>\n<!--publicidad-voz02--><a href=\"https:\/\/www.hellincf.com\/\"><img decoding=\"async\" class=\"alignnone size-medium\" src=\"https:\/\/blogger.googleusercontent.com\/img\/b\/R29vZ2xl\/AVvXsEhuZ4-XfBVj3UtdP8-RZugy3WVrg-Zv28c53m4oV47qYCxL1rX_dqWX_YddsGSnpH5SRDqZ7bZeKPIfDVCDncpjVlhy3aQs2vojcJBn7Gdv9hC2_Nzct_pRFrnFE1a7KTCdY1bT_kAgnY3-iadRZrGeJf1fR2P5fu11bokx0pWjaypoy-ctwCjklldpEbA\/s1600\/logo-principal7.jpg\" width=\"100%\" height=\"100\" \/><\/a><!--bestpublic-voz02--><!--desk-in-out-voz02--><\/p>\n<p style=\"text-align: justify;\">Una iniciativa que busca ayudar a promocionar tanto el turismo, como el deporte y la cultura que ofrecen nuestros pueblos. En esta ocasi\u00f3n, el r\u00edo, en Villalgordo del J\u00facar, fue el protagonista, en un precioso rinc\u00f3n de la provincia. Un aut\u00e9ntico para\u00edso en la comarca de La Mancha J\u00facar-Centro.<\/p>\n<p style=\"text-align: justify;\">En una fresca y encapotada ma\u00f1ana, les recib\u00eda y daba la bienvenida el alcalde del municipio, Jos\u00e9 Luis Mart\u00ednez Cano, a las puertas de la Casa de la Cultura. Arrancar\u00edan primero por el Paseo de la Familia Gos\u00e1lvez, a trav\u00e9s del Parque Hondo del R\u00edo hasta subir por las escalerillas que dan acceso a la carretera CM3114 para cruzar el puente sobre el J\u00facar.<\/p>\n<p style=\"text-align: justify;\">Avanzar\u00edan un tramo por la carretera, quedando a su izquierda el Palacio de la Familia Gosalvez, de estilo Versallesco Franc\u00e9s que fue construido a finales del siglo IXX e inaugurado en 1902 y que desgraciadamente a d\u00eda de hoy en ruinas, aunque son dignos de contemplar tanto su entorno natural, como sus caracter\u00edsticas arquitect\u00f3nicas.<\/p>\n<p style=\"text-align: justify;\">Cruzaron la carretera para girar a la derecha desde donde cogieron un camino y siguieron la ruta r\u00edo arriba por su margen derecha para ir cogiendo altura, entre pinos, por la cuesta de Las Pe\u00f1icas y una vez arriba con unas magn\u00edficas vistas que nos ofrece el Valle formado por el r\u00edo que da nombre a la localidad, con Villalgordo del J\u00facar al fondo, un entorno totalmente natural formado por gran diversidad de especies forestales como pino, carrasca, vi\u00f1a, arom\u00e1ticas, espartos y distintos campos de cultivo, donde tambi\u00e9n se albergan gran cantidad de especies de fauna como aves rapaces, conejos, liebres, perdices, corzo o jabal\u00ed.<\/p>\n<p style=\"text-align: justify;\">La ruta continuar\u00eda por una senda paralela al trasvase Tajo-Segura que iba pr\u00e1cticamente vac\u00edo. Avanzar\u00edan as\u00ed unos kil\u00f3metros hasta adentrarse de nuevo en el monte y, tras avanzar un tramo por camino, en algunos tramos con algo de barro debido a las lluvias de d\u00edas anteriores, hasta llegar a una finca donde se ubica un precioso hotel rural \u201cHoces del Batanejo\u201d, incluso con un nuevo sal\u00f3n de celebraciones. Aqu\u00ed les esperaba, por cortes\u00eda del Ayuntamiento y gracias a la colaboraci\u00f3n de algunos vecinos, unas ricas gachas, con tajas de tocino, chorizos, etc.\u2026regadas con el buen vino de la zona y un calentito caf\u00e9 para finalizar.<\/p>\n<p style=\"text-align: justify;\">Con fuerzas renovadas, continuaron la marcha. Lo hicieron con un leve ascenso hasta llegar a la parte alta de una de las hoces que forma a su paso el r\u00edo J\u00facar, con unas preciosas vistas del rio y una peque\u00f1a presa, continuaron, ahora con un leve descenso, un poco mas hasta llegar al Puente de los Arejos, el cual cruzaron, para as\u00ed pasar al margen izquierda del rio J\u00facar y coger camino de vuelta a Villalgordo ascender\u00edan un tramo hasta llegar a una zona con las mejores vistas de la zona, se trata del ca\u00f1\u00f3n formado por el r\u00edo que da lugar a este paraje denominado \u201cHoces del Batanejo\u201d, un lugar donde se puede disfrutar de la escalada, como as\u00ed pudieron constatar.<\/p>\n<p><!--publicidad-voz03--><a href=\"https:\/\/www.facebook.com\/profile.php?id=100063593791305&amp;locale=es_ES\"><img decoding=\"async\" class=\"alignnone size-medium\" src=\"https:\/\/blogger.googleusercontent.com\/img\/b\/R29vZ2xl\/AVvXsEi8_n_ll8UOcGxCqzFvb_9Io4ICczlGC990BPtPj2w9Px-u7B3oqWUW5vtjZUqPNJ-nyjiUIorE0ATsib_l5tV8BVN-UJ03RTnU__IHJF_4DgDBtY4LIqXNG-FomrO-7ywes20CBCRM2Hcm7EJSh3UUw1dO-c_uTflUrtgY1i7uBRezj_DpympmEFkfbQY\/s1600\/logo-principal2.jpg\" width=\"100%\" height=\"100\" \/><\/a><!--bestpublic-voz03--><!--desk-in-out-voz03--><br \/>\n<!--publicidad-voz04--><a href=\"https:\/\/www.facebook.com\/profile.php?id=61557370768692&amp;locale=es_ES\"><img decoding=\"async\" class=\"alignnone size-medium\" src=\"https:\/\/blogger.googleusercontent.com\/img\/b\/R29vZ2xl\/AVvXsEgy5RdcfffrnrItnYTcV9bCJjgJwldsQLWssfVfrLbyfXeBNTFKgBf0rMIvhrUaGUhiXzVr9_eQgCbi-j63ZDpfTvLIty9w7s140y-m1yHe7eKmEK7v2NAHUJDVYGdfeiQFeRCqUjdwWmN1MX_AUxxz4IVdJ4WIM0APxit8bjWkXzrnEFGqBvW_1F13H1g\/s1600\/logo-principal5.jpg\" width=\"100%\" height=\"100\" \/><\/a><!--bestpublic-voz04--><!--desk-in-out-voz04--><br \/>\n<!--publicidad-voz05--><a href=\"https:\/\/www.facebook.com\/asociaciontamborileroshellin?locale=es_ES\"><img decoding=\"async\" class=\"alignnone size-medium\" src=\"https:\/\/blogger.googleusercontent.com\/img\/b\/R29vZ2xl\/AVvXsEhHEEpZsKK1VpwiYMrS7aE2ujtqIDZoLd4B5wtbiseSU9s2HdTdQfhF84So2XwEB1fv0BLw95GADm6hUl1bkKtzh-eIgVigXONuu_5RxeIMPhjk8q6uNX4EaEHbooKkbu7pCADWPpVJjhKIH5NQSJpWqedC-YBez4QAQeJYokkLot9bhrIaUAeztsGis6M\/s1600\/logo-principal3.jpg\" width=\"100%\" height=\"100\" \/><\/a><!--bestpublic-voz05--><!--desk-in-out-voz05--><br \/>\n<!--publicidad-voz06--><!--bestpublic-voz06--><!--desk-in-out-voz06--><br \/>\n<!--publicidad-voz07--><!--bestpublic-voz07--><!--desk-in-out-voz07--><br \/>\n<!--publicidad-voz08--><!--bestpublic-voz08--><!--desk-in-out-voz08--><br \/>\n<!--publicidad-voz09--><!--bestpublic-voz09--><!--desk-in-out-voz09--><br \/>\n<!--publicidad-voz10--><!--bestpublic-voz10--><!--desk-in-out-voz10--><br \/>\n<!--publicidad-voz11--><!--bestpublic-voz11--><!--desk-in-out-voz11--><br \/>\n<!--publicidad-voz12--><!--bestpublic-voz12--><!--desk-in-out-voz12--><br \/>\n<!--publicidad-voz13--><!--bestpublic-voz13--><!--desk-in-out-voz13--><br \/>\n<!--publicidad-voz14--><!--bestpublic-voz14--><!--desk-in-out-voz14--><br \/>\n<!--publicidad-voz15--><!--bestpublic-voz15--><!--desk-in-out-voz15--><br \/>\n<!--publicidad-voz16--><!--bestpublic-voz16--><!--desk-in-out-voz16--><\/p>\n","protected":false},"excerpt":{"rendered":"<p>Este domingo, 11 de febrero, tuvo lugar la quinta de las pruebas de la XI Edici\u00f3n de las Rutas de Senderismo 2024, que organiza la Diputaci\u00f3n Provincial de Albacete.<\/p>\n","protected":false},"author":2,"featured_media":147349,"comment_status":"closed","ping_status":"closed","sticky":false,"template":"","format":"standard","meta":{"footnotes":""},"categories":[752,718,715,716,717],"tags":[],"class_list":["post-147321","post","type-post","status-publish","format-standard","has-post-thumbnail","hentry","category-blog-lv033","category-blogger","category-la-voz-de-hellin","category-la-voz-de-hellin-la-voz-de-hellin","category-noticias"],"_links":{"self":[{"href":"https:\/\/lavozdehellin.com\/noticias\/wp-json\/wp\/v2\/posts\/147321","targetHints":{"allow":["GET"]}}],"collection":[{"href":"https:\/\/lavozdehellin.com\/noticias\/wp-json\/wp\/v2\/posts"}],"about":[{"href":"https:\/\/lavozdehellin.com\/noticias\/wp-json\/wp\/v2\/types\/post"}],"author":[{"embeddable":true,"href":"https:\/\/lavozdehellin.com\/noticias\/wp-json\/wp\/v2\/users\/2"}],"replies":[{"embeddable":true,"href":"https:\/\/lavozdehellin.com\/noticias\/wp-json\/wp\/v2\/comments?post=147321"}],"version-history":[{"count":0,"href":"https:\/\/lavozdehellin.com\/noticias\/wp-json\/wp\/v2\/posts\/147321\/revisions"}],"wp:featuredmedia":[{"embeddable":true,"href":"https:\/\/lavozdehellin.com\/noticias\/wp-json\/wp\/v2\/media\/147349"}],"wp:attachment":[{"href":"https:\/\/lavozdehellin.com\/noticias\/wp-json\/wp\/v2\/media?parent=147321"}],"wp:term":[{"taxonomy":"category","embeddable":true,"href":"https:\/\/lavozdehellin.com\/noticias\/wp-json\/wp\/v2\/categories?post=147321"},{"taxonomy":"post_tag","embeddable":true,"href":"https:\/\/lavozdehellin.com\/noticias\/wp-json\/wp\/v2\/tags?post=147321"}],"curies":[{"name":"wp","href":"https:\/\/api.w.org\/{rel}","templated":true}]}}