{"id":147330,"date":"2024-02-12T10:16:24","date_gmt":"2024-02-12T08:16:24","guid":{"rendered":"https:\/\/hellinsoloradio.com\/noticias\/?p=147330"},"modified":"2024-02-16T09:20:38","modified_gmt":"2024-02-16T09:20:38","slug":"v08-039-marcos-lopez-y-rosario-gomez-se-imponen-a-los-elementos-en-molinicos","status":"publish","type":"post","link":"https:\/\/lavozdehellin.com\/noticias\/v08-039-marcos-lopez-y-rosario-gomez-se-imponen-a-los-elementos-en-molinicos\/","title":{"rendered":"LVH NOTICIAS | MARCOS L\u00d3PEZ Y ROSARIO G\u00d3MEZ SE IMPONEN A LOS \u2018ELEMENTOS\u2019 EN MOLINICOS"},"content":{"rendered":"<p style=\"text-align: justify;\">Circuito de Diputaci\u00f3n \u2018Ferroice\u2019<\/p>\n<p><!--more--><br \/>\n<!--publicidad-voz01--><a href=\"https:\/\/www.facebook.com\/SoloRadioHellin\/?locale=es_ES\"><img decoding=\"async\" class=\"alignnone size-medium\" src=\"https:\/\/blogger.googleusercontent.com\/img\/b\/R29vZ2xl\/AVvXsEiNncirNnyGedv00mhjZjh5Wl4_YPdJGanoAl8tL8zH-HwqE8uHqjEfSt340RHdx-9tuCSIkZ8rFamZiGyYlgDGxCsmXjCH_1xk5eYM3ntFZRvJP_jndOKR7w1UAo9Tu0vrZyOLfqRpHIxYI5SymJJ-pfGCQw6QVpggBH-UgfjiFQ2JOxqxG0Jx94kW83c\/s1600\/logo-principal.jpg\" width=\"100%\" height=\"100\" \/><\/a><!--bestpublic-voz01--><!--desk-in-out-voz01--><br \/>\n<!--publicidad-voz02--><a href=\"https:\/\/www.hellincf.com\/\"><img decoding=\"async\" class=\"alignnone size-medium\" src=\"https:\/\/blogger.googleusercontent.com\/img\/b\/R29vZ2xl\/AVvXsEhuZ4-XfBVj3UtdP8-RZugy3WVrg-Zv28c53m4oV47qYCxL1rX_dqWX_YddsGSnpH5SRDqZ7bZeKPIfDVCDncpjVlhy3aQs2vojcJBn7Gdv9hC2_Nzct_pRFrnFE1a7KTCdY1bT_kAgnY3-iadRZrGeJf1fR2P5fu11bokx0pWjaypoy-ctwCjklldpEbA\/s1600\/logo-principal7.jpg\" width=\"100%\" height=\"100\" \/><\/a><!--bestpublic-voz02--><!--desk-in-out-voz02--><\/p>\n<p style=\"text-align: justify;\">Marcos L\u00f3pez y Rosario G\u00f3mez se imponen a los \u2018elementos\u2019 en Molinicos<\/p>\n<p style=\"text-align: justify;\">En el Trail de Carcel\u00e9n, con una destacada participaci\u00f3n de m\u00e1s de 330 atletas, vencieron los favoritos Javier Mu\u00f1oz y Ana Tauste<\/p>\n<p style=\"text-align: justify;\">Por segundo a\u00f1o consecutivo, el atleta local Marcos L\u00f3pez Galera (CA Molinicos) se hizo con el triunfo en casa en la quinta carrera de la temporada en el XXIII Circuito Diputaci\u00f3n Provincial Ferroice. Tambi\u00e9n por segundo a\u00f1o consecutivo, L\u00f3pez Galera se impon\u00eda a Jos\u00e9 Antonio Hern\u00e1ndez Navajas (Tres Leguas Villamalea), que aguant\u00f3 durante los primeros kil\u00f3metros el ritmo del l\u00edder, pero el conocimiento del terreno y su experiencia en trail, le dieron esta victoria delante de sus paisanos. La tercera posici\u00f3n en el podio fue para \u00d3scar V\u00edllora (27 de Agosto Madrigueras).<\/p>\n<p style=\"text-align: justify;\">En mujeres, Rosario G\u00f3mez (CP Atletas Rodenses), vencedora en 2023 de la Media Marat\u00f3n de La Roda, impuso su ritmo y fuerza ante todas sus rivales, empezando por Sandra Ruiz Picazo (San Blas Elche de la Sierra) a la que sac\u00f3 48 segundos, mientras que fueron casi dos minutos sobre Adela Caba\u00f1ero (27 de Agosto Madrigueras).<\/p>\n<p style=\"text-align: justify;\">A pesar de que la gloria es para los y las atletas que suben al podio, en esta carrera del s\u00e1bado, lo cierto es que los 241 corredores que llegaron a meta merecen el aplauso m\u00e1s ruidoso y hasta un podio final para cada uno ya que las condiciones en las que se disput\u00f3 la prueba fueron excepcionales. Al fr\u00edo habitual que puede hacer en el mes de febrero, tenemos que sumar la lluvia, por momentos el granizo, las rachas de viento y lo peor, el barro en determinadas zonas del trazado que hizo ir con extremo cuidado a los participantes.<\/p>\n<p style=\"text-align: justify;\">Todas esas circunstancias har\u00e1n que esta XIX Carrera Popular de Molinicos sea recordada durante mucho tiempo por su dureza, aunque la recompensa por llegar a meta en primer t\u00e9rmino, y el suculento y abundante aperitivo preparado por la organizaci\u00f3n en segundo, fueron sin lugar a dudas tambi\u00e9n memorables.<\/p>\n<p style=\"text-align: justify;\">El premio para el equipo m\u00e1s numeroso fue para el Club Atletismo San Blas de Elche de la Sierra, mientras que el trofeo cortes\u00eda de la Hermandad de Donantes de Sangre para la posici\u00f3n 71\u00aa fue para Marcos Furones (CA Hell\u00edn).<\/p>\n<p style=\"text-align: justify;\">Trail de Carcel\u00e9n<\/p>\n<p style=\"text-align: justify;\">El domingo en Carcel\u00e9n se vivi\u00f3 la segunda cita atl\u00e9tica del fin de semana y tambi\u00e9n la segunda de la temporada en el Circuito Trail de la Diputaci\u00f3n. Con m\u00e1s de 330 atletas inscritos en la suma de las dos pruebas disputadas, largo de 19 kil\u00f3metros y corto de 10,5, queda patente que las pruebas de monta\u00f1a van a m\u00e1s en participaci\u00f3n y en Carcel\u00e9n qued\u00f3 confirmada la tendencia.<\/p>\n<p style=\"text-align: justify;\">Tambi\u00e9n se confirma que son un acierto las carreras de iniciaci\u00f3n, ya que en la edici\u00f3n de 2023, llegaron a meta 31 atletas y este domingo fueron 67, con un porcentaje de hombres y mujeres pr\u00e1cticamente igual. Las victorias en este II Trail de Iniciaci\u00f3n de Carcel\u00e9n fueron para Pablo S\u00e1iz Chicano (Roda Trail) y Noem\u00ed Campos Chiller\u00f3n (Ossa Runners).<\/p>\n<p style=\"text-align: justify;\">En el trail largo ganaron los favoritos, Javier Mu\u00f1oz (Ekuon El Conchel) y Ana Tauste (Lurbel Team People) aunque en categor\u00eda masculina el quinto triunfo de Javier Mu\u00f1oz en esta localidad tuvo un ingrediente \u2018familiar\u2019 ya que Jes\u00fas \u2018Lucho\u2019 Mu\u00f1oz (CA Albacete Diputaci\u00f3n) anduvo cerca de su hermano menor hasta la \u00faltima parte del recorrido. Tercero en la meta instalada en el Castillo de Carcel\u00e9n fue Francisco Tauste Galera (CA Hell\u00edn).<\/p>\n<p style=\"text-align: justify;\">En f\u00e9minas, la campeona del Circuito Trail 2023 sum\u00f3 su segunda victoria de la temporada. Ana Tauste obtuvo m\u00e1s de 14 minutos sobre Eva Valera (27 de Agosto Madrigueras) y m\u00e1s de 17 sobre Luc\u00eda Gonz\u00e1lvez Alvarado (CDME Los Machacapiedras), complet\u00e1ndose as\u00ed el podio final.<\/p>\n<p style=\"text-align: justify;\">Esta octava edici\u00f3n del Trail de Carcel\u00e9n ha sido valedero para el XI Circuito de La Manchuela, siendo Francisco Javier L\u00f3pez Ati\u00e9nzar (CAYT Valdeganga) y Eva Valera Garc\u00eda (27 de Agosto Madrigueras) los atletas que puntuaron en primer lugar.<\/p>\n<p style=\"text-align: justify;\">El nuevo trazado de esta edici\u00f3n en Carcel\u00e9n fue un acierto seg\u00fan los participantes, con una espectacular bajada final hacia el pueblo, haciendo el mismo recorrido que la Carrera de los Montones hace en esta localidad cada 23 de agosto.<\/p>\n<p style=\"text-align: justify;\">Pr\u00f3xima cita, en El Bonillo<\/p>\n<p style=\"text-align: justify;\">Despu\u00e9s de tres carreras en la Sierra del Segura (Yeste, Elche de la Sierra y Molinicos), el XXIII Circuito Provincial de Carreras Populares Ferroice cambia de escenario el pr\u00f3ximo fin de semana.<\/p>\n<p style=\"text-align: justify;\">El domingo, a partir de las 10:30 horas se dar\u00e1 la salida a la XII Carrera Popular de El Bonillo de 12,2 kil\u00f3metros, as\u00ed como a la I Carrera de Iniciaci\u00f3n, de 6,7. La prueba es valedera para el Circuito SACAM y tiene numerosos premios para los participantes, tanto por posici\u00f3n como por sorteo, lo que siempre es un aliciente a\u00f1adido.<\/p>\n<p style=\"text-align: justify;\">CLASIFICACIONES XIX CARRERA POPULAR DE MOLINICOS<\/p>\n<p style=\"text-align: justify;\">&#8211; HOMBRES &#8211;<\/p>\n<p style=\"text-align: justify;\">Nombre Club Tiempo Ritmo<\/p>\n<p style=\"text-align: justify;\">1\u00ba.- Marcos L\u00f3pez Galera CA Molinicos 48:53 3:36<\/p>\n<p style=\"text-align: justify;\">2\u00ba.- Jos\u00e9 A. Hern\u00e1ndez Navajas CA Tres Leguas Villamalea 49:19 3:38<\/p>\n<p style=\"text-align: justify;\">3\u00ba.- \u00d3scar V\u00edllora Mart\u00ednez 27 de Agosto Madrigueras 51:34 3:48<\/p>\n<p style=\"text-align: justify;\">4\u00ba.- Javier Mart\u00ednez Gonz\u00e1lez San Blas Elche de la Sierra 51:49 3:49<\/p>\n<p style=\"text-align: justify;\">5\u00ba.- Grego Aguilera Pino Ossa Runners Team 52:40 3:52<\/p>\n<p style=\"text-align: justify;\">&#8211; MUJERES &#8211;<\/p>\n<p style=\"text-align: justify;\">Nombre Club Tiempo Ritmo<\/p>\n<p style=\"text-align: justify;\">1\u00aa.- Rosario G\u00f3mez N\u00fa\u00f1ez Atletismo CP La Roda 1:04:26 4:44<\/p>\n<p style=\"text-align: justify;\">2\u00aa.- Sandra Ruiz Picazo San Blas Elche de la Sierra 1:05:13 4:48<\/p>\n<p style=\"text-align: justify;\">3\u00aa.- Adela Caba\u00f1ero Valera 27 de Agosto Madrigueras 1:06:19 4:53<\/p>\n<p style=\"text-align: justify;\">4\u00aa.- Mar\u00eda Jos\u00e9 Larrey Tendero 27 de Agosto Madrigueras 1:07:28 4:58<\/p>\n<p style=\"text-align: justify;\">5\u00aa.- Rebeca Juncos Alfaro CA Navas de Jorquera 1:08:10 5:01<\/p>\n<p style=\"text-align: justify;\">CLASIFICACIONES CARRERA DE TRAIL DE CARCEL\u00c9N<\/p>\n<p style=\"text-align: justify;\">&#8211; HOMBRES &#8211;<\/p>\n<p style=\"text-align: justify;\">Nombre Club Tiempo Ritmo<\/p>\n<p style=\"text-align: justify;\">1\u00ba.- Javier Mu\u00f1oz Garc\u00eda Ekuon Conchel Diputaci\u00f3n 1:34:04 4:57<\/p>\n<p style=\"text-align: justify;\">2\u00ba.- Jes\u00fas Mu\u00f1oz Garc\u00eda CA Albacete Dipuraci\u00f3n 1:34:13 4:58<\/p>\n<p style=\"text-align: justify;\">3\u00ba.- Francisco Tauste Galera CA Hell\u00edn 1:36:43 5:05<\/p>\n<p style=\"text-align: justify;\">4\u00ba.- Francisco J Rom\u00e1n Serrano Fondistas Yecla 1:40:11 5:16<\/p>\n<p style=\"text-align: justify;\">5\u00ba.- David S\u00e1nchez Pe\u00f1a CA Tobarra 1:42:39 5:24<\/p>\n<p style=\"text-align: justify;\">&#8211; MUJERES &#8211;<\/p>\n<p style=\"text-align: justify;\">Nombre Club Tiempo Ritmo<\/p>\n<p style=\"text-align: justify;\">1\u00aa.- Ana Tauste Galera Lurbel Team People 1:53:24 5:59<\/p>\n<p style=\"text-align: justify;\">2\u00aa.- Eva Valera Garc\u00eda 27 Agosto Madrigueras 2:07:47 6:44<\/p>\n<p style=\"text-align: justify;\">3\u00aa.- Luc\u00eda Gonz\u00e1lvez Alvarado CDME Machacapiedras 2:11:13 6:54<\/p>\n<p style=\"text-align: justify;\">4\u00aa.- Carmen L\u00f3pez L\u00f3pez CA Hell\u00edn 2:15:34 7:08<\/p>\n<p style=\"text-align: justify;\">5\u00aa.- Alicia Heredia Morcillo CA Kronos 2:17:25 7:14<\/p>\n<p><!--publicidad-voz03--><a href=\"https:\/\/www.facebook.com\/profile.php?id=100063593791305&amp;locale=es_ES\"><img decoding=\"async\" class=\"alignnone size-medium\" src=\"https:\/\/blogger.googleusercontent.com\/img\/b\/R29vZ2xl\/AVvXsEi8_n_ll8UOcGxCqzFvb_9Io4ICczlGC990BPtPj2w9Px-u7B3oqWUW5vtjZUqPNJ-nyjiUIorE0ATsib_l5tV8BVN-UJ03RTnU__IHJF_4DgDBtY4LIqXNG-FomrO-7ywes20CBCRM2Hcm7EJSh3UUw1dO-c_uTflUrtgY1i7uBRezj_DpympmEFkfbQY\/s1600\/logo-principal2.jpg\" width=\"100%\" height=\"100\" \/><\/a><!--bestpublic-voz03--><!--desk-in-out-voz03--><br \/>\n<!--publicidad-voz04--><a href=\"https:\/\/www.facebook.com\/profile.php?id=61557370768692&amp;locale=es_ES\"><img decoding=\"async\" class=\"alignnone size-medium\" src=\"https:\/\/blogger.googleusercontent.com\/img\/b\/R29vZ2xl\/AVvXsEgy5RdcfffrnrItnYTcV9bCJjgJwldsQLWssfVfrLbyfXeBNTFKgBf0rMIvhrUaGUhiXzVr9_eQgCbi-j63ZDpfTvLIty9w7s140y-m1yHe7eKmEK7v2NAHUJDVYGdfeiQFeRCqUjdwWmN1MX_AUxxz4IVdJ4WIM0APxit8bjWkXzrnEFGqBvW_1F13H1g\/s1600\/logo-principal5.jpg\" width=\"100%\" height=\"100\" \/><\/a><!--bestpublic-voz04--><!--desk-in-out-voz04--><br \/>\n<!--publicidad-voz05--><a href=\"https:\/\/www.facebook.com\/asociaciontamborileroshellin?locale=es_ES\"><img decoding=\"async\" class=\"alignnone size-medium\" src=\"https:\/\/blogger.googleusercontent.com\/img\/b\/R29vZ2xl\/AVvXsEhHEEpZsKK1VpwiYMrS7aE2ujtqIDZoLd4B5wtbiseSU9s2HdTdQfhF84So2XwEB1fv0BLw95GADm6hUl1bkKtzh-eIgVigXONuu_5RxeIMPhjk8q6uNX4EaEHbooKkbu7pCADWPpVJjhKIH5NQSJpWqedC-YBez4QAQeJYokkLot9bhrIaUAeztsGis6M\/s1600\/logo-principal3.jpg\" width=\"100%\" height=\"100\" \/><\/a><!--bestpublic-voz05--><!--desk-in-out-voz05--><br \/>\n<!--publicidad-voz06--><!--bestpublic-voz06--><!--desk-in-out-voz06--><br \/>\n<!--publicidad-voz07--><!--bestpublic-voz07--><!--desk-in-out-voz07--><br \/>\n<!--publicidad-voz08--><!--bestpublic-voz08--><!--desk-in-out-voz08--><br \/>\n<!--publicidad-voz09--><!--bestpublic-voz09--><!--desk-in-out-voz09--><br \/>\n<!--publicidad-voz10--><!--bestpublic-voz10--><!--desk-in-out-voz10--><br \/>\n<!--publicidad-voz11--><!--bestpublic-voz11--><!--desk-in-out-voz11--><br \/>\n<!--publicidad-voz12--><!--bestpublic-voz12--><!--desk-in-out-voz12--><br \/>\n<!--publicidad-voz13--><!--bestpublic-voz13--><!--desk-in-out-voz13--><br \/>\n<!--publicidad-voz14--><!--bestpublic-voz14--><!--desk-in-out-voz14--><br \/>\n<!--publicidad-voz15--><!--bestpublic-voz15--><!--desk-in-out-voz15--><br \/>\n<!--publicidad-voz16--><!--bestpublic-voz16--><!--desk-in-out-voz16--><\/p>\n","protected":false},"excerpt":{"rendered":"<p>Circuito de Diputaci\u00f3n \u2018Ferroice\u2019<\/p>\n","protected":false},"author":2,"featured_media":147352,"comment_status":"closed","ping_status":"closed","sticky":false,"template":"","format":"standard","meta":{"footnotes":""},"categories":[752,718,715,716,717],"tags":[],"class_list":["post-147330","post","type-post","status-publish","format-standard","has-post-thumbnail","hentry","category-blog-lv033","category-blogger","category-la-voz-de-hellin","category-la-voz-de-hellin-la-voz-de-hellin","category-noticias"],"_links":{"self":[{"href":"https:\/\/lavozdehellin.com\/noticias\/wp-json\/wp\/v2\/posts\/147330","targetHints":{"allow":["GET"]}}],"collection":[{"href":"https:\/\/lavozdehellin.com\/noticias\/wp-json\/wp\/v2\/posts"}],"about":[{"href":"https:\/\/lavozdehellin.com\/noticias\/wp-json\/wp\/v2\/types\/post"}],"author":[{"embeddable":true,"href":"https:\/\/lavozdehellin.com\/noticias\/wp-json\/wp\/v2\/users\/2"}],"replies":[{"embeddable":true,"href":"https:\/\/lavozdehellin.com\/noticias\/wp-json\/wp\/v2\/comments?post=147330"}],"version-history":[{"count":0,"href":"https:\/\/lavozdehellin.com\/noticias\/wp-json\/wp\/v2\/posts\/147330\/revisions"}],"wp:featuredmedia":[{"embeddable":true,"href":"https:\/\/lavozdehellin.com\/noticias\/wp-json\/wp\/v2\/media\/147352"}],"wp:attachment":[{"href":"https:\/\/lavozdehellin.com\/noticias\/wp-json\/wp\/v2\/media?parent=147330"}],"wp:term":[{"taxonomy":"category","embeddable":true,"href":"https:\/\/lavozdehellin.com\/noticias\/wp-json\/wp\/v2\/categories?post=147330"},{"taxonomy":"post_tag","embeddable":true,"href":"https:\/\/lavozdehellin.com\/noticias\/wp-json\/wp\/v2\/tags?post=147330"}],"curies":[{"name":"wp","href":"https:\/\/api.w.org\/{rel}","templated":true}]}}