{"id":147333,"date":"2024-02-12T10:18:31","date_gmt":"2024-02-12T08:18:31","guid":{"rendered":"https:\/\/hellinsoloradio.com\/noticias\/?p=147333"},"modified":"2024-02-16T09:20:38","modified_gmt":"2024-02-16T09:20:38","slug":"v08-040-san-pedro-abre-el-ii-circuito-du-tri-diputacion-de-albacete","status":"publish","type":"post","link":"https:\/\/lavozdehellin.com\/noticias\/v08-040-san-pedro-abre-el-ii-circuito-du-tri-diputacion-de-albacete\/","title":{"rendered":"LVH NOTICIAS | SAN PEDRO ABRE EL II CIRCUITO DU-TRI DIPUTACI\u00d3N DE ALBACETE"},"content":{"rendered":"<p style=\"text-align: justify;\">II Circuito Du-Tri Diputaci\u00f3n<\/p>\n<p><!--more--><br \/>\n<!--publicidad-voz01--><a href=\"https:\/\/www.facebook.com\/SoloRadioHellin\/?locale=es_ES\"><img decoding=\"async\" class=\"alignnone size-medium\" src=\"https:\/\/blogger.googleusercontent.com\/img\/b\/R29vZ2xl\/AVvXsEiNncirNnyGedv00mhjZjh5Wl4_YPdJGanoAl8tL8zH-HwqE8uHqjEfSt340RHdx-9tuCSIkZ8rFamZiGyYlgDGxCsmXjCH_1xk5eYM3ntFZRvJP_jndOKR7w1UAo9Tu0vrZyOLfqRpHIxYI5SymJJ-pfGCQw6QVpggBH-UgfjiFQ2JOxqxG0Jx94kW83c\/s1600\/logo-principal.jpg\" width=\"100%\" height=\"100\" \/><\/a><!--bestpublic-voz01--><!--desk-in-out-voz01--><br \/>\n<!--publicidad-voz02--><a href=\"https:\/\/www.hellincf.com\/\"><img decoding=\"async\" class=\"alignnone size-medium\" src=\"https:\/\/blogger.googleusercontent.com\/img\/b\/R29vZ2xl\/AVvXsEhuZ4-XfBVj3UtdP8-RZugy3WVrg-Zv28c53m4oV47qYCxL1rX_dqWX_YddsGSnpH5SRDqZ7bZeKPIfDVCDncpjVlhy3aQs2vojcJBn7Gdv9hC2_Nzct_pRFrnFE1a7KTCdY1bT_kAgnY3-iadRZrGeJf1fR2P5fu11bokx0pWjaypoy-ctwCjklldpEbA\/s1600\/logo-principal7.jpg\" width=\"100%\" height=\"100\" \/><\/a><!--bestpublic-voz02--><!--desk-in-out-voz02--><\/p>\n<p style=\"text-align: justify;\">San Pedro abre el II Circuito Du-Tri Diputaci\u00f3n de Albacete<\/p>\n<p style=\"text-align: justify;\">Francisco Javier Pelegr\u00edn e Isabel Rodr\u00edguez vencen en el III Duatl\u00f3n Sprint \u2018La Pe\u00f1ica de San Pedro\u2019<\/p>\n<p style=\"text-align: justify;\">San Pedro acogi\u00f3 la primera prueba del II Circuito Du-Tri Diputaci\u00f3n de Albacete, organizado gracias a la colaboraci\u00f3n de la Federaci\u00f3n de Triatl\u00f3n de Castilla-La Mancha y a la Asociaci\u00f3n de Clubes de Triatl\u00f3n de la Provincia de Albacete. Francisco Javier Pelegr\u00edn Mart\u00ednez e Isabel Rodr\u00edguez Pretel, ambos del Club Triatl\u00f3n Albacete, fueron los ganadores de la primera de las ocho pruebas que componen este Circuito Du-Tri.<\/p>\n<p style=\"text-align: justify;\">De los 153 inscritos al III Duatl\u00f3n Sprint \u2018La Pe\u00f1ica de San Pedro\u2019 fueron 119 los duatletas que terminaron la prueba, marcada por una climatolog\u00eda adversa durante toda la tarde. Lluvia, fr\u00edo y viento endurecieron esta primera cita del calendario, pero el \u00e1nimo y el buen ambiente entre los participantes hicieron m\u00e1s llevadera la competici\u00f3n.<\/p>\n<p style=\"text-align: justify;\">Francisco Javier Pelegr\u00edn domin\u00f3 desde el primer segmento de 5 kil\u00f3metros de carrera a pie. El duatleta del Club Triatl\u00f3n Albacete marc\u00f3 el ritmo y lleg\u00f3 con ventaja a la primera transici\u00f3n, una renta que mantuvo sin problemas en el segundo segmento de 20 kil\u00f3metros en bicicleta de carretera. Ya con una buena diferencia, Pelegr\u00edn se tom\u00f3 el \u00faltimo segmento de 2\u20195 kil\u00f3metros de carrera a pie con mucha m\u00e1s calma, consciente de que el triunfo no se le iba a escapar.<\/p>\n<p style=\"text-align: justify;\">Por detr\u00e1s, la lucha por el resto de plazas del p\u00f3dium fue m\u00e1s apretada. Hugo Bermejo se hizo con la segunda posici\u00f3n, con siete segundos de ventaja sobre Adri\u00e1n Garz\u00e1s, que fue tercero. La cuarta plaza fue para Jes\u00fas Narro, mientras que el quinto clasificado fue Rafael L\u00f3pez Hermosilla, siendo \u00e9stos los \u00fanicos cinco participantes capaces de completar el recorrido en un tiempo inferior a una hora.<\/p>\n<p style=\"text-align: justify;\">En la categor\u00eda femenina mand\u00f3 Isabel Rodr\u00edguez, que lleg\u00f3 a meta con una renta de un minuto sobre la segunda clasificada, Paula Fern\u00e1ndez. Aqu\u00ed s\u00ed que hubo baile de posiciones durante la prueba, ya que Isabel remont\u00f3 en el segmento de bicicleta y cerr\u00f3 su triunfo en los \u00faltimos 2\u20195 kil\u00f3metros de carrera a pie. Eva Mira, que en el primer tramo de la prueba estuvo junto a Isabel Rodr\u00edguez, termin\u00f3 en la tercera posici\u00f3n. Cristina Gonz\u00e1lez y Pilar Ram\u00edrez completaron el Top 5 en San Pedro.<\/p>\n<p style=\"text-align: justify;\">Clasificaci\u00f3n por equipos<\/p>\n<p style=\"text-align: justify;\">En la clasificaci\u00f3n general por equipos, con los tres mejores tiempos de cada duatleta, el Club Triatl\u00f3n Albacete se hizo con la primera posici\u00f3n, gracias a los resultados de Francisco Javier Pelegr\u00edn, Hugo Bermejo y Jes\u00fas Narro. La segunda posici\u00f3n fue para el EQTR \u2013 Rodacal Beyem con los puntos de Javier Cerrillo, Jos\u00e9 Antonio Ortega y Juan Miguel Salvador. El tercer equipo clasificado, con los tiempos de Manuel Garc\u00eda, Gast\u00f3n Almir\u00f3n y Jos\u00e9 \u00c1ngel Cort\u00e9s, fue el Altafit Club Triatl\u00f3n. El Club Triatl\u00f3n Almansa y el Club Deportivo Triatl\u00f3n Hell\u00edn cerraron esta clasificaci\u00f3n con el cuarto y quinto puesto.<\/p>\n<p style=\"text-align: justify;\">La clasificaci\u00f3n femenina tambi\u00e9n fue para el Club Triatl\u00f3n Albacete, con los tiempos de Isabel Rodr\u00edguez, Eva Mira y Cristina Gonz\u00e1lez. El EQTR \u2013 Rodacal Beyem ocup\u00f3 la segunda posici\u00f3n con Paula Fern\u00e1ndez, Mar\u00eda Lozano y Carla Salvador. Cerr\u00f3 el p\u00f3dium el C.D. Triatl\u00f3n Hell\u00edn gracias a los tiempos de Ver\u00f3nica L\u00f3pez, Alejandra Roc\u00edo Mart\u00ednez y Luc\u00eda Mart\u00ednez.<\/p>\n<p style=\"text-align: justify;\">Pr\u00f3xima cita en Albacete<\/p>\n<p style=\"text-align: justify;\">La segunda cita del II Circuito Du-Tri Diputaci\u00f3n de Albacete se celebrar\u00e1 el 25 de febrero en Albacete, con el II Duatl\u00f3n Popular Ciudad de Albacete. Un d\u00eda antes, el s\u00e1bado 24, ser\u00e1 el Campeonato de Espa\u00f1a de Duatl\u00f3n.<\/p>\n<p style=\"text-align: justify;\">CLASIFICACIONES DUATL\u00d3N LA PE\u00d1ICA DE SAN PEDRO<\/p>\n<p style=\"text-align: justify;\">&#8211; HOMBRES &#8211;<\/p>\n<p style=\"text-align: justify;\">Nombre Club Tiempo<\/p>\n<p style=\"text-align: justify;\">1\u00ba.- Francisco Javier Pelegr\u00edn Mart\u00ednez Club Triatl\u00f3n Albacete 57:22<\/p>\n<p style=\"text-align: justify;\">2\u00ba.- Hugo Bermejo Tom\u00e1s Club Triatl\u00f3n Albacete 59:16<\/p>\n<p style=\"text-align: justify;\">3\u00ba.- Adri\u00e1n Garz\u00e1s Mu\u00f1oz de Morales Club Triatl\u00f3n Las Rozas 59:23<\/p>\n<p style=\"text-align: justify;\">4\u00ba.- Jes\u00fas Narro Mi\u00f1ano Club Triatl\u00f3n Albacete 59:36<\/p>\n<p style=\"text-align: justify;\">5\u00ba.- Rafael L\u00f3pez Hermosilla C.T. Murcia Unidata 59:45<\/p>\n<p style=\"text-align: justify;\">&#8211; MUJERES &#8211;<\/p>\n<p style=\"text-align: justify;\">Nombre Club Tiempo<\/p>\n<p style=\"text-align: justify;\">1\u00aa.- Isabel Rodr\u00edguez Pretel Club Triatl\u00f3n Albacete 1:12:30<\/p>\n<p style=\"text-align: justify;\">2\u00aa.- Paula Fern\u00e1ndez J\u00e1vega EQTR \u2013 Rodacal Beyem 1:13:32<\/p>\n<p style=\"text-align: justify;\">3\u00aa.- Eva Mira Valiente Club Triatl\u00f3n Albacete 1:16:29<\/p>\n<p style=\"text-align: justify;\">4\u00aa.- Cristina Gonz\u00e1lez Casta\u00f1o Club Triatl\u00f3n Albacete 1:17:51<\/p>\n<p style=\"text-align: justify;\">5\u00aa.- Pilar Ram\u00edrez C\u00f3rcoles Club Triatl\u00f3n Albacete 1:18<\/p>\n<p><!--publicidad-voz03--><a href=\"https:\/\/www.facebook.com\/profile.php?id=100063593791305&amp;locale=es_ES\"><img decoding=\"async\" class=\"alignnone size-medium\" src=\"https:\/\/blogger.googleusercontent.com\/img\/b\/R29vZ2xl\/AVvXsEi8_n_ll8UOcGxCqzFvb_9Io4ICczlGC990BPtPj2w9Px-u7B3oqWUW5vtjZUqPNJ-nyjiUIorE0ATsib_l5tV8BVN-UJ03RTnU__IHJF_4DgDBtY4LIqXNG-FomrO-7ywes20CBCRM2Hcm7EJSh3UUw1dO-c_uTflUrtgY1i7uBRezj_DpympmEFkfbQY\/s1600\/logo-principal2.jpg\" width=\"100%\" height=\"100\" \/><\/a><!--bestpublic-voz03--><!--desk-in-out-voz03--><br \/>\n<!--publicidad-voz04--><a href=\"https:\/\/www.facebook.com\/profile.php?id=61557370768692&amp;locale=es_ES\"><img decoding=\"async\" class=\"alignnone size-medium\" src=\"https:\/\/blogger.googleusercontent.com\/img\/b\/R29vZ2xl\/AVvXsEgy5RdcfffrnrItnYTcV9bCJjgJwldsQLWssfVfrLbyfXeBNTFKgBf0rMIvhrUaGUhiXzVr9_eQgCbi-j63ZDpfTvLIty9w7s140y-m1yHe7eKmEK7v2NAHUJDVYGdfeiQFeRCqUjdwWmN1MX_AUxxz4IVdJ4WIM0APxit8bjWkXzrnEFGqBvW_1F13H1g\/s1600\/logo-principal5.jpg\" width=\"100%\" height=\"100\" \/><\/a><!--bestpublic-voz04--><!--desk-in-out-voz04--><br \/>\n<!--publicidad-voz05--><a href=\"https:\/\/www.facebook.com\/asociaciontamborileroshellin?locale=es_ES\"><img decoding=\"async\" class=\"alignnone size-medium\" src=\"https:\/\/blogger.googleusercontent.com\/img\/b\/R29vZ2xl\/AVvXsEhHEEpZsKK1VpwiYMrS7aE2ujtqIDZoLd4B5wtbiseSU9s2HdTdQfhF84So2XwEB1fv0BLw95GADm6hUl1bkKtzh-eIgVigXONuu_5RxeIMPhjk8q6uNX4EaEHbooKkbu7pCADWPpVJjhKIH5NQSJpWqedC-YBez4QAQeJYokkLot9bhrIaUAeztsGis6M\/s1600\/logo-principal3.jpg\" width=\"100%\" height=\"100\" \/><\/a><!--bestpublic-voz05--><!--desk-in-out-voz05--><br \/>\n<!--publicidad-voz06--><!--bestpublic-voz06--><!--desk-in-out-voz06--><br \/>\n<!--publicidad-voz07--><!--bestpublic-voz07--><!--desk-in-out-voz07--><br \/>\n<!--publicidad-voz08--><!--bestpublic-voz08--><!--desk-in-out-voz08--><br \/>\n<!--publicidad-voz09--><!--bestpublic-voz09--><!--desk-in-out-voz09--><br \/>\n<!--publicidad-voz10--><!--bestpublic-voz10--><!--desk-in-out-voz10--><br \/>\n<!--publicidad-voz11--><!--bestpublic-voz11--><!--desk-in-out-voz11--><br \/>\n<!--publicidad-voz12--><!--bestpublic-voz12--><!--desk-in-out-voz12--><br \/>\n<!--publicidad-voz13--><!--bestpublic-voz13--><!--desk-in-out-voz13--><br \/>\n<!--publicidad-voz14--><!--bestpublic-voz14--><!--desk-in-out-voz14--><br \/>\n<!--publicidad-voz15--><!--bestpublic-voz15--><!--desk-in-out-voz15--><br \/>\n<!--publicidad-voz16--><!--bestpublic-voz16--><!--desk-in-out-voz16--><\/p>\n","protected":false},"excerpt":{"rendered":"<p>II Circuito Du-Tri Diputaci\u00f3n<\/p>\n","protected":false},"author":2,"featured_media":147353,"comment_status":"closed","ping_status":"closed","sticky":false,"template":"","format":"standard","meta":{"footnotes":""},"categories":[752,718,715,716,717],"tags":[],"class_list":["post-147333","post","type-post","status-publish","format-standard","has-post-thumbnail","hentry","category-blog-lv033","category-blogger","category-la-voz-de-hellin","category-la-voz-de-hellin-la-voz-de-hellin","category-noticias"],"_links":{"self":[{"href":"https:\/\/lavozdehellin.com\/noticias\/wp-json\/wp\/v2\/posts\/147333","targetHints":{"allow":["GET"]}}],"collection":[{"href":"https:\/\/lavozdehellin.com\/noticias\/wp-json\/wp\/v2\/posts"}],"about":[{"href":"https:\/\/lavozdehellin.com\/noticias\/wp-json\/wp\/v2\/types\/post"}],"author":[{"embeddable":true,"href":"https:\/\/lavozdehellin.com\/noticias\/wp-json\/wp\/v2\/users\/2"}],"replies":[{"embeddable":true,"href":"https:\/\/lavozdehellin.com\/noticias\/wp-json\/wp\/v2\/comments?post=147333"}],"version-history":[{"count":0,"href":"https:\/\/lavozdehellin.com\/noticias\/wp-json\/wp\/v2\/posts\/147333\/revisions"}],"wp:featuredmedia":[{"embeddable":true,"href":"https:\/\/lavozdehellin.com\/noticias\/wp-json\/wp\/v2\/media\/147353"}],"wp:attachment":[{"href":"https:\/\/lavozdehellin.com\/noticias\/wp-json\/wp\/v2\/media?parent=147333"}],"wp:term":[{"taxonomy":"category","embeddable":true,"href":"https:\/\/lavozdehellin.com\/noticias\/wp-json\/wp\/v2\/categories?post=147333"},{"taxonomy":"post_tag","embeddable":true,"href":"https:\/\/lavozdehellin.com\/noticias\/wp-json\/wp\/v2\/tags?post=147333"}],"curies":[{"name":"wp","href":"https:\/\/api.w.org\/{rel}","templated":true}]}}