{"id":147336,"date":"2024-02-12T10:32:38","date_gmt":"2024-02-12T08:32:38","guid":{"rendered":"https:\/\/hellinsoloradio.com\/noticias\/?p=147336"},"modified":"2024-02-16T09:20:38","modified_gmt":"2024-02-16T09:20:38","slug":"v08-041-david-zafra-y-lucia-navarro-vencen-en-la-prueba-btt-de-pozo-canada","status":"publish","type":"post","link":"https:\/\/lavozdehellin.com\/noticias\/v08-041-david-zafra-y-lucia-navarro-vencen-en-la-prueba-btt-de-pozo-canada\/","title":{"rendered":"LVH NOTICIAS | DAVID ZAFRA Y LUC\u00cdA NAVARRO VENCEN EN LA PRUEBA BTT DE POZO CA\u00d1ADA"},"content":{"rendered":"<p style=\"text-align: justify;\">Circuito de Diputaci\u00f3n<\/p>\n<p><!--more--><br \/>\n<!--publicidad-voz01--><a href=\"https:\/\/www.facebook.com\/SoloRadioHellin\/?locale=es_ES\"><img decoding=\"async\" class=\"alignnone size-medium\" src=\"https:\/\/blogger.googleusercontent.com\/img\/b\/R29vZ2xl\/AVvXsEiNncirNnyGedv00mhjZjh5Wl4_YPdJGanoAl8tL8zH-HwqE8uHqjEfSt340RHdx-9tuCSIkZ8rFamZiGyYlgDGxCsmXjCH_1xk5eYM3ntFZRvJP_jndOKR7w1UAo9Tu0vrZyOLfqRpHIxYI5SymJJ-pfGCQw6QVpggBH-UgfjiFQ2JOxqxG0Jx94kW83c\/s1600\/logo-principal.jpg\" width=\"100%\" height=\"100\" \/><\/a><!--bestpublic-voz01--><!--desk-in-out-voz01--><br \/>\n<!--publicidad-voz02--><a href=\"https:\/\/www.hellincf.com\/\"><img decoding=\"async\" class=\"alignnone size-medium\" src=\"https:\/\/blogger.googleusercontent.com\/img\/b\/R29vZ2xl\/AVvXsEhuZ4-XfBVj3UtdP8-RZugy3WVrg-Zv28c53m4oV47qYCxL1rX_dqWX_YddsGSnpH5SRDqZ7bZeKPIfDVCDncpjVlhy3aQs2vojcJBn7Gdv9hC2_Nzct_pRFrnFE1a7KTCdY1bT_kAgnY3-iadRZrGeJf1fR2P5fu11bokx0pWjaypoy-ctwCjklldpEbA\/s1600\/logo-principal7.jpg\" width=\"100%\" height=\"100\" \/><\/a><!--bestpublic-voz02--><!--desk-in-out-voz02--><\/p>\n<p style=\"text-align: justify;\">David Zafra y Luc\u00eda Navarro vencen en la prueba BTT de Pozo Ca\u00f1ada<\/p>\n<p style=\"text-align: justify;\">El fr\u00edo y el fuerte viento aportan dureza a una carrera que mantiene a Juan Gonz\u00e1lez y a Luc\u00eda Navarro como l\u00edderes del XVII Circuito Provincial<\/p>\n<p style=\"text-align: justify;\">David Zafra Arenas (Tenerife Bike Point) y Luc\u00eda Navarro Cuesta (Bicicletas El Hellinero Acecho) vencieron en la X Ruta BTT de Pozo Ca\u00f1ada, segunda prueba del calendario del XVII Circuito Provincial de BTT organizado por la Diputaci\u00f3n de Albacete.<\/p>\n<p style=\"text-align: justify;\">M\u00e1s de 350 corredores se dieron cita en la l\u00ednea de salida de Pozo Ca\u00f1ada para afrontar los 41 kil\u00f3metros de recorrido, en una ma\u00f1ana bastante fr\u00eda y con un fuerte viento que agreg\u00f3 m\u00e1s dureza a la carrera. En los primeros kil\u00f3metros el grupo rod\u00f3 m\u00e1s o menos compacto en el terreno llano, pero con las primeras sendas un grupo de varios corredores qued\u00f3 en cabeza.<\/p>\n<p style=\"text-align: justify;\">En la subida a La Morra atac\u00f3 el l\u00edder del Circuito Provincial y campe\u00f3n en la primera prueba, Juan Gonz\u00e1lez Sanz. Con \u00e9l se march\u00f3 David Zafra. Juntos realizaron la subida y la posterior senda de bajada, con unos metros de ventaja sobre sus perseguidores. En la parte final del recorrido, el corredor del Tenerife Bike Point lanz\u00f3 un ataque que fue definitivo. Logr\u00f3 una m\u00ednima ventaja que, en el terreno llano, supo mantener hasta la l\u00ednea de meta.<\/p>\n<p style=\"text-align: justify;\">Con Juan Gonz\u00e1lez en la segunda posici\u00f3n, el tercer caj\u00f3n del p\u00f3dium se decidi\u00f3 al sprint, en una ajustada llegada con Javier G\u00f3mez Carpena en la tercera plaza y Pedro Jes\u00fas Rodr\u00edguez como cuarto. El Top 5 en Pozo Ca\u00f1ada lo complet\u00f3 Juan Alfonso Alcaraz, que lleg\u00f3 junto a Paco L\u00e1zaro. Detr\u00e1s de ellos entr\u00f3 una grupeta de seis corredores.<\/p>\n<p style=\"text-align: justify;\">En la categor\u00eda femenina lleg\u00f3 la segunda victoria de Luc\u00eda Navarro Cuesta en este Circuito Provincial. En los primeros kil\u00f3metros Almudena Jim\u00e9nez y Alfonsi Villar aguantaron el ritmo de la corredora del Bicicletas El Hellinero Acecho, pero la actual l\u00edder de la clasificaci\u00f3n se march\u00f3 poco despu\u00e9s en solitario hasta la l\u00ednea de meta. Por detr\u00e1s, Almudena Jim\u00e9nez se hizo con la segunda posici\u00f3n, mientras que Rosario Alacid Moreno entr\u00f3 en la tercera plaza, repiti\u00e9ndose as\u00ed el p\u00f3dium femenino de la primera prueba en Ontur. Alfonsi Villar finaliz\u00f3 en la cuarta posici\u00f3n y Nieves Gim\u00e9nez fue quinta.<\/p>\n<p style=\"text-align: justify;\">En el recorrido corto, los ganadores fueron Jeyfri Almanzar Fabi\u00e1n y Yessica Le\u00f3n G\u00f3mez, dos corredores de la Pe\u00f1a BTT Los Tortugas. Jos\u00e9 Manuel P\u00e9rez Garc\u00eda (Bicicletas El Hellinero Acecho) fue el campe\u00f3n junior, mientras que la campeona junior fue Ana Roc\u00edo Alfonzo Ben\u00edtez (Valverde Team-Ricardo Fuentes). En parejas mixtas, los vencedores fueron Luc\u00eda Navarro Cuesta (Bicicletas El Hellinero Acecho) y Miguel Herr\u00e1iz Garc\u00eda (Manzanares Team Factory). El premio a la posici\u00f3n 71 en meta, cedido por la Hermandad de Donantes de Sangre de Albacete, fue para Jos\u00e9 Manuel Albujer S\u00e1nchez (Club Ciclista Montealegre).<\/p>\n<p style=\"text-align: justify;\">Jorquera se estrena<\/p>\n<p style=\"text-align: justify;\">El pr\u00f3ximo domingo 18 de febrero ser\u00e1 el turno para la I Ruta BTT Villa de Jorquera, lo que supondr\u00e1 el estreno de esta localidad en el Circuito Provincial de BTT. Se trata de una prueba que ofrece 41\u20192 kil\u00f3metros de distancia para el recorrido largo y 21 kil\u00f3metros para el trazado corto. Las inscripciones para esta carrera est\u00e1n abiertas hasta el pr\u00f3ximo mi\u00e9rcoles d\u00eda 14 de febrero, a las 14:00 horas.<\/p>\n<p style=\"text-align: justify;\">CLASIFICACIONES POZO CA\u00d1ADA 2024<\/p>\n<p style=\"text-align: justify;\">Clasificaci\u00f3n masculina<\/p>\n<p style=\"text-align: justify;\">NOMBRE EQUIPO TIEMPO<\/p>\n<p style=\"text-align: justify;\">1-. David Zafra Arenas (Tenerife Bike Point) 1h25\u201925\u2019\u2019<\/p>\n<p style=\"text-align: justify;\">2-. Juan Gonz\u00e1lez Sanz (Ekuon El Conchel \/ Diputaci\u00f3n) 1h25\u201935\u2019\u2019<\/p>\n<p style=\"text-align: justify;\">3-. Javier G\u00f3mez Carpena (Taller de Bicicletas Carpena) 1h25\u201941\u2019\u2019<\/p>\n<p style=\"text-align: justify;\">4-. Pedro J. Rodr\u00edguez Segura (Manzanares Team Factory) 1h25\u201942\u2019\u2019<\/p>\n<p style=\"text-align: justify;\">5-. Juan A. Alcaraz Romero (Depor Bike Club Ciclista) 1h26\u201943\u2019\u2019<\/p>\n<p style=\"text-align: justify;\">Clasificaci\u00f3n femenina<\/p>\n<p style=\"text-align: justify;\">NOMBRE EQUIPO TIEMPO<\/p>\n<p style=\"text-align: justify;\">1-. Luc\u00eda Navarro Cuesta (Bicicletas El Hellinero Acecho) 1h38\u201902\u2019\u2019<\/p>\n<p style=\"text-align: justify;\">2-. Almudena Jim\u00e9nez Mart\u00ednez (Bicialmuerzo) 1h43\u201913\u2019\u2019<\/p>\n<p style=\"text-align: justify;\">3-. Rosario Alacid Moreno (La Pur\u00edsima Team Yecla) 1h44\u201905\u2019\u2019<\/p>\n<p style=\"text-align: justify;\">4-. Alfonsi Villar Garrig\u00f3s (Ferroice Contrallano BTT) 1h48\u201920\u2019\u2019<\/p>\n<p style=\"text-align: justify;\">5-. Nieves Gim\u00e9nez Mart\u00ednez (Arte Bicis C.C.) 1h49\u201930\u2019\u2019<\/p>\n<p><!--publicidad-voz03--><a href=\"https:\/\/www.facebook.com\/profile.php?id=100063593791305&amp;locale=es_ES\"><img decoding=\"async\" class=\"alignnone size-medium\" src=\"https:\/\/blogger.googleusercontent.com\/img\/b\/R29vZ2xl\/AVvXsEi8_n_ll8UOcGxCqzFvb_9Io4ICczlGC990BPtPj2w9Px-u7B3oqWUW5vtjZUqPNJ-nyjiUIorE0ATsib_l5tV8BVN-UJ03RTnU__IHJF_4DgDBtY4LIqXNG-FomrO-7ywes20CBCRM2Hcm7EJSh3UUw1dO-c_uTflUrtgY1i7uBRezj_DpympmEFkfbQY\/s1600\/logo-principal2.jpg\" width=\"100%\" height=\"100\" \/><\/a><!--bestpublic-voz03--><!--desk-in-out-voz03--><br \/>\n<!--publicidad-voz04--><a href=\"https:\/\/www.facebook.com\/profile.php?id=61557370768692&amp;locale=es_ES\"><img decoding=\"async\" class=\"alignnone size-medium\" src=\"https:\/\/blogger.googleusercontent.com\/img\/b\/R29vZ2xl\/AVvXsEgy5RdcfffrnrItnYTcV9bCJjgJwldsQLWssfVfrLbyfXeBNTFKgBf0rMIvhrUaGUhiXzVr9_eQgCbi-j63ZDpfTvLIty9w7s140y-m1yHe7eKmEK7v2NAHUJDVYGdfeiQFeRCqUjdwWmN1MX_AUxxz4IVdJ4WIM0APxit8bjWkXzrnEFGqBvW_1F13H1g\/s1600\/logo-principal5.jpg\" width=\"100%\" height=\"100\" \/><\/a><!--bestpublic-voz04--><!--desk-in-out-voz04--><br \/>\n<!--publicidad-voz05--><a href=\"https:\/\/www.facebook.com\/asociaciontamborileroshellin?locale=es_ES\"><img decoding=\"async\" class=\"alignnone size-medium\" src=\"https:\/\/blogger.googleusercontent.com\/img\/b\/R29vZ2xl\/AVvXsEhHEEpZsKK1VpwiYMrS7aE2ujtqIDZoLd4B5wtbiseSU9s2HdTdQfhF84So2XwEB1fv0BLw95GADm6hUl1bkKtzh-eIgVigXONuu_5RxeIMPhjk8q6uNX4EaEHbooKkbu7pCADWPpVJjhKIH5NQSJpWqedC-YBez4QAQeJYokkLot9bhrIaUAeztsGis6M\/s1600\/logo-principal3.jpg\" width=\"100%\" height=\"100\" \/><\/a><!--bestpublic-voz05--><!--desk-in-out-voz05--><br \/>\n<!--publicidad-voz06--><!--bestpublic-voz06--><!--desk-in-out-voz06--><br \/>\n<!--publicidad-voz07--><!--bestpublic-voz07--><!--desk-in-out-voz07--><br \/>\n<!--publicidad-voz08--><!--bestpublic-voz08--><!--desk-in-out-voz08--><br \/>\n<!--publicidad-voz09--><!--bestpublic-voz09--><!--desk-in-out-voz09--><br \/>\n<!--publicidad-voz10--><!--bestpublic-voz10--><!--desk-in-out-voz10--><br \/>\n<!--publicidad-voz11--><!--bestpublic-voz11--><!--desk-in-out-voz11--><br \/>\n<!--publicidad-voz12--><!--bestpublic-voz12--><!--desk-in-out-voz12--><br \/>\n<!--publicidad-voz13--><!--bestpublic-voz13--><!--desk-in-out-voz13--><br \/>\n<!--publicidad-voz14--><!--bestpublic-voz14--><!--desk-in-out-voz14--><br \/>\n<!--publicidad-voz15--><!--bestpublic-voz15--><!--desk-in-out-voz15--><br \/>\n<!--publicidad-voz16--><!--bestpublic-voz16--><!--desk-in-out-voz16--><\/p>\n","protected":false},"excerpt":{"rendered":"<p>Circuito de Diputaci\u00f3n<\/p>\n","protected":false},"author":2,"featured_media":147354,"comment_status":"closed","ping_status":"closed","sticky":false,"template":"","format":"standard","meta":{"footnotes":""},"categories":[752,718,715,716,717],"tags":[],"class_list":["post-147336","post","type-post","status-publish","format-standard","has-post-thumbnail","hentry","category-blog-lv033","category-blogger","category-la-voz-de-hellin","category-la-voz-de-hellin-la-voz-de-hellin","category-noticias"],"_links":{"self":[{"href":"https:\/\/lavozdehellin.com\/noticias\/wp-json\/wp\/v2\/posts\/147336","targetHints":{"allow":["GET"]}}],"collection":[{"href":"https:\/\/lavozdehellin.com\/noticias\/wp-json\/wp\/v2\/posts"}],"about":[{"href":"https:\/\/lavozdehellin.com\/noticias\/wp-json\/wp\/v2\/types\/post"}],"author":[{"embeddable":true,"href":"https:\/\/lavozdehellin.com\/noticias\/wp-json\/wp\/v2\/users\/2"}],"replies":[{"embeddable":true,"href":"https:\/\/lavozdehellin.com\/noticias\/wp-json\/wp\/v2\/comments?post=147336"}],"version-history":[{"count":0,"href":"https:\/\/lavozdehellin.com\/noticias\/wp-json\/wp\/v2\/posts\/147336\/revisions"}],"wp:featuredmedia":[{"embeddable":true,"href":"https:\/\/lavozdehellin.com\/noticias\/wp-json\/wp\/v2\/media\/147354"}],"wp:attachment":[{"href":"https:\/\/lavozdehellin.com\/noticias\/wp-json\/wp\/v2\/media?parent=147336"}],"wp:term":[{"taxonomy":"category","embeddable":true,"href":"https:\/\/lavozdehellin.com\/noticias\/wp-json\/wp\/v2\/categories?post=147336"},{"taxonomy":"post_tag","embeddable":true,"href":"https:\/\/lavozdehellin.com\/noticias\/wp-json\/wp\/v2\/tags?post=147336"}],"curies":[{"name":"wp","href":"https:\/\/api.w.org\/{rel}","templated":true}]}}