{"id":147339,"date":"2024-02-12T11:10:04","date_gmt":"2024-02-12T09:10:04","guid":{"rendered":"https:\/\/hellinsoloradio.com\/noticias\/?p=147339"},"modified":"2024-02-16T09:20:38","modified_gmt":"2024-02-16T09:20:38","slug":"v08-042-la-diputacion-de-albacete-duplica-su-apoyo-al-encuentro-de-cuadrillas-de-nerpio-que-celebra-su-xxxii-edicion-del-24-al-25-de-febrero","status":"publish","type":"post","link":"https:\/\/lavozdehellin.com\/noticias\/v08-042-la-diputacion-de-albacete-duplica-su-apoyo-al-encuentro-de-cuadrillas-de-nerpio-que-celebra-su-xxxii-edicion-del-24-al-25-de-febrero\/","title":{"rendered":"LVH NOTICIAS | LA DIPUTACI\u00d3N DE ALBACETE DUPLICA SU APOYO AL ENCUENTRO DE CUADRILLAS DE NERPIO QUE CELEBRA SU XXXII EDICI\u00d3N DEL 24 AL 25 DE FEBRERO"},"content":{"rendered":"<p style=\"text-align: justify;\">La Diputaci\u00f3n de Albacete ha acogido este lunes la presentaci\u00f3n de la XXXII edici\u00f3n del Encuentro de Cuadrillas de Nerpio que se celebrar\u00e1 en el municipio serrano del 24 al 25 de febrero, tal y como ha avanzado el vicepresidente provincial, Fran Valera, junto al alcalde local (y diputado de Medio Ambiente), Jos\u00e9 Antonio G\u00f3mez, y al delegado de Econom\u00eda, Empresas y Empleo de la JCCM en Albacete, Nicol\u00e1s Merino.<\/p>\n<p><!--more--><br \/>\n<!--publicidad-voz01--><a href=\"https:\/\/www.facebook.com\/SoloRadioHellin\/?locale=es_ES\"><img decoding=\"async\" class=\"alignnone size-medium\" src=\"https:\/\/blogger.googleusercontent.com\/img\/b\/R29vZ2xl\/AVvXsEiNncirNnyGedv00mhjZjh5Wl4_YPdJGanoAl8tL8zH-HwqE8uHqjEfSt340RHdx-9tuCSIkZ8rFamZiGyYlgDGxCsmXjCH_1xk5eYM3ntFZRvJP_jndOKR7w1UAo9Tu0vrZyOLfqRpHIxYI5SymJJ-pfGCQw6QVpggBH-UgfjiFQ2JOxqxG0Jx94kW83c\/s1600\/logo-principal.jpg\" width=\"100%\" height=\"100\" \/><\/a><!--bestpublic-voz01--><!--desk-in-out-voz01--><br \/>\n<!--publicidad-voz02--><a href=\"https:\/\/www.hellincf.com\/\"><img decoding=\"async\" class=\"alignnone size-medium\" src=\"https:\/\/blogger.googleusercontent.com\/img\/b\/R29vZ2xl\/AVvXsEhuZ4-XfBVj3UtdP8-RZugy3WVrg-Zv28c53m4oV47qYCxL1rX_dqWX_YddsGSnpH5SRDqZ7bZeKPIfDVCDncpjVlhy3aQs2vojcJBn7Gdv9hC2_Nzct_pRFrnFE1a7KTCdY1bT_kAgnY3-iadRZrGeJf1fR2P5fu11bokx0pWjaypoy-ctwCjklldpEbA\/s1600\/logo-principal7.jpg\" width=\"100%\" height=\"100\" \/><\/a><!--bestpublic-voz02--><!--desk-in-out-voz02--><\/p>\n<p style=\"text-align: justify;\">Cita ineludible en el calendario cultural albacetense, que crece impulsando la m\u00fasica tradicional fuera de sus fronteras siendo \u201cun orgullo\u201d para la provincia contar con eventos como \u00e9ste y, para la Diputaci\u00f3n, apoyarlos y ayudarlos a consolidarse y mirar al futuro, como ha afirmado Valera, se\u00f1alando que se trata de un evento referente a nivel auton\u00f3mico, como demuestra la distinci\u00f3n de Fiesta de Inter\u00e9s Tur\u00edstico Regional que le acompa\u00f1a desde 2018, conforme ha puesto en valor Nicol\u00e1s Merino, que ha resaltado la apuesta por el turismo rural de calidad que el Gobierno de C-LM viene haciendo como factor fijador de poblaci\u00f3n, poniendo a Nerpio como una localidad ejemplar en este sentido, con eventos como \u00e9ste o el del la m\u00edtica Feria de la Nuez, sumado a valores como su arte rupestre y su posici\u00f3n referente en el turismo astron\u00f3mico Starlight. No en vano, \u201cNerpio tiene un 23% m\u00e1s de plazas hoteleras que habitantes\u201d, como ha resaltado el delegado, subrayando tambi\u00e9n todas sus infraestructuras tur\u00edsticas, hosteleras y de ocio.<\/p>\n<p style=\"text-align: justify;\">No en vano, el Encuentro de Cuadrillas de Nerpio lleva tres d\u00e9cadas \u201cconservando, protegiendo, y poniendo en valor una cultura y unas tradicionales musicales\u201d que la provincia tiene arraigadas en sus se\u00f1as de identidad, dando forma a un patrimonio etnogr\u00e1fico de \u201cincalculable valor\u201d, como ha se\u00f1alado el vicepresidente, reiterando el compromiso de la Diputaci\u00f3n con la democratizaci\u00f3n y dinamizaci\u00f3n de la cultura en general, y con la conservaci\u00f3n y la difusi\u00f3n del folklore en particular.<\/p>\n<p style=\"text-align: justify;\">En ese sentido, Fran Valera ha reiterado que \u201cla Diputaci\u00f3n nunca da la espalda a este tipo de eventos, por esa repercusi\u00f3n y reconocimiento cultural e hist\u00f3rico de nuestras tradiciones que supone, y tambi\u00e9n por la dimensi\u00f3n social y econ\u00f3mica que alcanzan: social porque Nerpio ser\u00e1 epicentro de la cultura y el folklore a nivel regional; y econ\u00f3mica porque estoy seguro de que a estas alturas ya es imposible encontrar una mesa y una cama libre en la localidad para ese fin de semana\u2026\u201d.<\/p>\n<p style=\"text-align: justify;\">Por ello, tal y como \u00e9l mismo ha anunciado, el Gobierno de Santi Caba\u00f1ero ha duplicado su apoyo a este Encuentro de Cuadrillas para 2024 hasta alcanzar los 3.000 euros mediante un convenio; una apuesta que viene a reforzar el esfuerzo al trabajo que realizan desde Nerpio para que esta cita vea la luz a\u00f1o tras a\u00f1o y llene de alegr\u00eda y sonidos de la tierra cada rinc\u00f3n de la localidad.<\/p>\n<p style=\"text-align: justify;\">Fran Valera ha felicitado al Ayuntamiento anfitri\u00f3n en calidad de organizador, y ha tenido palabras de reconocimiento para el conjunto de los vecinos y vecinas de \u201cun pueblo implicado en su d\u00eda a d\u00eda\u201d y comprometido con sus tradiciones y su cultura, \u201cno s\u00f3lo a la hora de conservarlas, sino tambi\u00e9n de ponerlas en valor y transmitirlas\u201d. De forma especial se ha dirigido a \u2018los m\u00fasicos y m\u00fasicas\u2019 de las cuadrillas locales, cuya labor es determinante en esa direcci\u00f3n, animando a unos y a otros a seguir esta senda de trabajo conjunto, en la que, ha se\u00f1alado, siempre van a poder contar con la Diputaci\u00f3n con el fin de que este Encuentro de Cuadrillas contin\u00fae siendo el \u00e9xito que es tres d\u00e9cadas despu\u00e9s.<\/p>\n<p style=\"text-align: justify;\">Adem\u00e1s, el vicepresidente ha incidido en la variedad de actividades culturales que vienen a exalta el patrimonio etnogr\u00e1fico que conviven en la provincia de Albacete, llamando a seguir trabajando por ello desde las administraciones y asegurando que la Diputaci\u00f3n est\u00e1 en ese camino, dispuesta siempre a promocionar los recursos locales, materiales e inmateriales, para ponerlos en valor y convertirlos en oportunidades.<br \/>\nG\u00f3mez pone en valor la figura de la \u2018Pregonera de Honor\u2019<\/p>\n<p style=\"text-align: justify;\">Por su parte, el alcalde de Nerpio ha alabado la apuesta por la igualdad que est\u00e1 haciendo el Encuentro de Cuadrillas a trav\u00e9s de la creaci\u00f3n de la figura de \u2018Pregonera de Honor\u2019 que naci\u00f3 hace un lustro para visibilizar el papel de las mujeres en el folklore no s\u00f3lo de Nerpio, sino de todo el pa\u00eds. Propuesta que, adem\u00e1s de reconocer a quienes reciben esta distinci\u00f3n (caso de Mar\u00eda Rozal\u00e9n, Francisca Plasencia, Sonia Loaysa y Carmen Par\u00eds), visibiliza a todas las artistas femeninas.<\/p>\n<p style=\"text-align: justify;\">Es, como ha puesto en valor, \u201cun homenaje, a las mujeres rurales que han sido las grandes art\u00edfices de que se conserven buena parte de las tradiciones populares de los pueblos, atesorando la memoria colectiva de la provincia para que llegue a nuestros d\u00edas en forma de cultura\u201d.<\/p>\n<p style=\"text-align: justify;\">Agradecimiento al \u201cesfuerzo extra\u201d de la Diputaci\u00f3n<\/p>\n<p style=\"text-align: justify;\">Jos\u00e9 Antonio G\u00f3mez ha dado a conocer los detalles de esta gran fiesta del folklore, avanzando que esta edici\u00f3n contar\u00e1 con nueve agrupaciones musicales: tres de ellas de la localidad (la Cuadrilla del T\u00edo Rom\u00e1n, la de San Juan Buatista de Pedro Andr\u00e9s, la de Huebras y La Dehesa) y dos de otros puntos de la provincia de Albacete (las Cuadrillas Or\u00edgenes y Aire Serrano, de Yeste) y cuatro de la regi\u00f3n de Murcia (la Cuadrilla Cuesta de la Charca, de Fuente-\u00c1lamo; la de Animeros de la Pos\u00e1 La Compa\u00f1\u00eda, de Caravaca de la Cruz; la Cuadrilla de Torreag\u00fcera; y la del Soto de los \u00c1lamos, de Molina del Segura).<\/p>\n<p style=\"text-align: justify;\">Adem\u00e1s, ha agradecido a la Diputaci\u00f3n de Albacete el \u201cesfuerzo extra\u201d que ha realizado este a\u00f1o, duplicando el importante convenio de colaboraci\u00f3n que mantiene con su Ayuntamiento para desarrollar este evento, subrayando que en estos gestos se demuestra el \u201ccompromiso real\u201d de la instituci\u00f3n que preside Santi Caba\u00f1ero no s\u00f3lo con la cultura y las tradiciones populares, sino tambi\u00e9n con el desarrollo de los municipios de la provincia. Un agradecimiento que ha hecho extensivo a la JCCM y, por supuesto, a los y las integrantes de las cuadrillas participantes, con una menci\u00f3n especial a quienes conforman las agrupaciones locales, destacando el trabajo y la implicaci\u00f3n de los nerpianos y nerpianas.<\/p>\n<p style=\"text-align: justify;\">Esta cita cultural arranca el d\u00eda 24 con una gala de presentaci\u00f3n en la que se nombra a la \u2018Pregonera de Honor\u2019 del Encuentro de Cuadrillas. Un reconocimiento que este 2024 ha reca\u00eddo en Vanesa Muela, cantante, multi-instrumentalista y divulgadora de la m\u00fasica tradicional. Ser\u00e1 el domingo cuando se produzca el encuentro propiamente dicho, arrancando a las 10.00h. con la tradicional Misa Aguilandera, a la que suceder\u00e1 un pasacalles por las principales v\u00edas de la localidad de la mano de todas las cuadrillas participantes, para finalizar la jornada con la actuaci\u00f3n de cada una de ellas en la Plaza Mayor ya en horario vespertino. Aunque previamente, se realizar\u00e1 una degustaci\u00f3n de un plato t\u00edpico en la gastronom\u00eda local, como son las migas de harina.<\/p>\n<p style=\"text-align: justify;\">Tanto Valera como G\u00f3mez y Merino han animado a los vecinos y vecinas de la provincia y de las comarcas vecinas a visitar Nerpio el fin de semana del 24 y 25 de febrero para disfrutar de un Encuentro de Cuadrillas que, a buen seguro, no defraudar\u00e1.<\/p>\n<p><!--publicidad-voz03--><a href=\"https:\/\/www.facebook.com\/profile.php?id=100063593791305&amp;locale=es_ES\"><img decoding=\"async\" class=\"alignnone size-medium\" src=\"https:\/\/blogger.googleusercontent.com\/img\/b\/R29vZ2xl\/AVvXsEi8_n_ll8UOcGxCqzFvb_9Io4ICczlGC990BPtPj2w9Px-u7B3oqWUW5vtjZUqPNJ-nyjiUIorE0ATsib_l5tV8BVN-UJ03RTnU__IHJF_4DgDBtY4LIqXNG-FomrO-7ywes20CBCRM2Hcm7EJSh3UUw1dO-c_uTflUrtgY1i7uBRezj_DpympmEFkfbQY\/s1600\/logo-principal2.jpg\" width=\"100%\" height=\"100\" \/><\/a><!--bestpublic-voz03--><!--desk-in-out-voz03--><br \/>\n<!--publicidad-voz04--><a href=\"https:\/\/www.facebook.com\/profile.php?id=61557370768692&amp;locale=es_ES\"><img decoding=\"async\" class=\"alignnone size-medium\" src=\"https:\/\/blogger.googleusercontent.com\/img\/b\/R29vZ2xl\/AVvXsEgy5RdcfffrnrItnYTcV9bCJjgJwldsQLWssfVfrLbyfXeBNTFKgBf0rMIvhrUaGUhiXzVr9_eQgCbi-j63ZDpfTvLIty9w7s140y-m1yHe7eKmEK7v2NAHUJDVYGdfeiQFeRCqUjdwWmN1MX_AUxxz4IVdJ4WIM0APxit8bjWkXzrnEFGqBvW_1F13H1g\/s1600\/logo-principal5.jpg\" width=\"100%\" height=\"100\" \/><\/a><!--bestpublic-voz04--><!--desk-in-out-voz04--><br \/>\n<!--publicidad-voz05--><a href=\"https:\/\/www.facebook.com\/asociaciontamborileroshellin?locale=es_ES\"><img decoding=\"async\" class=\"alignnone size-medium\" src=\"https:\/\/blogger.googleusercontent.com\/img\/b\/R29vZ2xl\/AVvXsEhHEEpZsKK1VpwiYMrS7aE2ujtqIDZoLd4B5wtbiseSU9s2HdTdQfhF84So2XwEB1fv0BLw95GADm6hUl1bkKtzh-eIgVigXONuu_5RxeIMPhjk8q6uNX4EaEHbooKkbu7pCADWPpVJjhKIH5NQSJpWqedC-YBez4QAQeJYokkLot9bhrIaUAeztsGis6M\/s1600\/logo-principal3.jpg\" width=\"100%\" height=\"100\" \/><\/a><!--bestpublic-voz05--><!--desk-in-out-voz05--><br \/>\n<!--publicidad-voz06--><!--bestpublic-voz06--><!--desk-in-out-voz06--><br \/>\n<!--publicidad-voz07--><!--bestpublic-voz07--><!--desk-in-out-voz07--><br \/>\n<!--publicidad-voz08--><!--bestpublic-voz08--><!--desk-in-out-voz08--><br \/>\n<!--publicidad-voz09--><!--bestpublic-voz09--><!--desk-in-out-voz09--><br \/>\n<!--publicidad-voz10--><!--bestpublic-voz10--><!--desk-in-out-voz10--><br \/>\n<!--publicidad-voz11--><!--bestpublic-voz11--><!--desk-in-out-voz11--><br \/>\n<!--publicidad-voz12--><!--bestpublic-voz12--><!--desk-in-out-voz12--><br \/>\n<!--publicidad-voz13--><!--bestpublic-voz13--><!--desk-in-out-voz13--><br \/>\n<!--publicidad-voz14--><!--bestpublic-voz14--><!--desk-in-out-voz14--><br \/>\n<!--publicidad-voz15--><!--bestpublic-voz15--><!--desk-in-out-voz15--><br \/>\n<!--publicidad-voz16--><!--bestpublic-voz16--><!--desk-in-out-voz16--><\/p>\n","protected":false},"excerpt":{"rendered":"<p>La Diputaci\u00f3n de Albacete ha acogido este lunes la presentaci\u00f3n de la XXXII edici\u00f3n del Encuentro de Cuadrillas de Nerpio que se celebrar\u00e1 en el municipio serrano del 24 al&#8230;<\/p>\n","protected":false},"author":2,"featured_media":147355,"comment_status":"closed","ping_status":"closed","sticky":false,"template":"","format":"standard","meta":{"footnotes":""},"categories":[752,718,715,716,717],"tags":[],"class_list":["post-147339","post","type-post","status-publish","format-standard","has-post-thumbnail","hentry","category-blog-lv033","category-blogger","category-la-voz-de-hellin","category-la-voz-de-hellin-la-voz-de-hellin","category-noticias"],"_links":{"self":[{"href":"https:\/\/lavozdehellin.com\/noticias\/wp-json\/wp\/v2\/posts\/147339","targetHints":{"allow":["GET"]}}],"collection":[{"href":"https:\/\/lavozdehellin.com\/noticias\/wp-json\/wp\/v2\/posts"}],"about":[{"href":"https:\/\/lavozdehellin.com\/noticias\/wp-json\/wp\/v2\/types\/post"}],"author":[{"embeddable":true,"href":"https:\/\/lavozdehellin.com\/noticias\/wp-json\/wp\/v2\/users\/2"}],"replies":[{"embeddable":true,"href":"https:\/\/lavozdehellin.com\/noticias\/wp-json\/wp\/v2\/comments?post=147339"}],"version-history":[{"count":0,"href":"https:\/\/lavozdehellin.com\/noticias\/wp-json\/wp\/v2\/posts\/147339\/revisions"}],"wp:featuredmedia":[{"embeddable":true,"href":"https:\/\/lavozdehellin.com\/noticias\/wp-json\/wp\/v2\/media\/147355"}],"wp:attachment":[{"href":"https:\/\/lavozdehellin.com\/noticias\/wp-json\/wp\/v2\/media?parent=147339"}],"wp:term":[{"taxonomy":"category","embeddable":true,"href":"https:\/\/lavozdehellin.com\/noticias\/wp-json\/wp\/v2\/categories?post=147339"},{"taxonomy":"post_tag","embeddable":true,"href":"https:\/\/lavozdehellin.com\/noticias\/wp-json\/wp\/v2\/tags?post=147339"}],"curies":[{"name":"wp","href":"https:\/\/api.w.org\/{rel}","templated":true}]}}