{"id":147445,"date":"2024-02-15T19:10:02","date_gmt":"2024-02-15T19:10:02","guid":{"rendered":"https:\/\/lavozdehellin.com\/noticias\/?p=147445"},"modified":"2024-02-20T11:31:55","modified_gmt":"2024-02-20T11:31:55","slug":"v08-062-las-vii-jornadas-de-animacion-a-la-lectura-de-la-asociacion-espanola-de-amigos-del-libro-infantil-y-juvenil-recalan-por-primera-vez-en-albacete-con-la-colaboracion-de-la-diputacion","status":"publish","type":"post","link":"https:\/\/lavozdehellin.com\/noticias\/v08-062-las-vii-jornadas-de-animacion-a-la-lectura-de-la-asociacion-espanola-de-amigos-del-libro-infantil-y-juvenil-recalan-por-primera-vez-en-albacete-con-la-colaboracion-de-la-diputacion\/","title":{"rendered":"LVH NOTICIAS | LAS VII \u2018JORNADAS DE ANIMACI\u00d3N A LA LECTURA\u2019 DE LA ASOCIACI\u00d3N ESPA\u00d1OLA DE AMIGOS DEL LIBRO INFANTIL Y JUVENIL RECALAN POR PRIMERA VEZ EN ALBACETE CON LA COLABORACI\u00d3N DE LA DIPUTACI\u00d3N"},"content":{"rendered":"<p style=\"text-align: justify;\">El diputado provincial de Educaci\u00f3n y Cultura, Miguel Zamora, ha participado en la inauguraci\u00f3n de las VII \u2018Jornadas de Animaci\u00f3n a la Lectura\u2019 impulsadas por la Asociaci\u00f3n Espa\u00f1ola de Amigos del Libro Infantil y Juvenil en Albacete con la colaboraci\u00f3n de la Diputaci\u00f3n, la JCCM, el Ministerio de Cultura y Deporte, las Bibliotecas Municipales de Albacete y las Bibliotecas P\u00fablicas de C-LM.<\/p>\n<p><!--more--><br \/>\n<!--publicidad-voz01--><a href=\"https:\/\/www.facebook.com\/SoloRadioHellin\/?locale=es_ES\"><img decoding=\"async\" class=\"alignnone size-medium\" src=\"https:\/\/blogger.googleusercontent.com\/img\/b\/R29vZ2xl\/AVvXsEiNncirNnyGedv00mhjZjh5Wl4_YPdJGanoAl8tL8zH-HwqE8uHqjEfSt340RHdx-9tuCSIkZ8rFamZiGyYlgDGxCsmXjCH_1xk5eYM3ntFZRvJP_jndOKR7w1UAo9Tu0vrZyOLfqRpHIxYI5SymJJ-pfGCQw6QVpggBH-UgfjiFQ2JOxqxG0Jx94kW83c\/s1600\/logo-principal.jpg\" width=\"100%\" height=\"100\" \/><\/a><!--bestpublic-voz01--><!--desk-in-out-voz01--><br \/>\n<!--publicidad-voz02--><a href=\"https:\/\/www.hellincf.com\/\"><img decoding=\"async\" class=\"alignnone size-medium\" src=\"https:\/\/blogger.googleusercontent.com\/img\/b\/R29vZ2xl\/AVvXsEhuZ4-XfBVj3UtdP8-RZugy3WVrg-Zv28c53m4oV47qYCxL1rX_dqWX_YddsGSnpH5SRDqZ7bZeKPIfDVCDncpjVlhy3aQs2vojcJBn7Gdv9hC2_Nzct_pRFrnFE1a7KTCdY1bT_kAgnY3-iadRZrGeJf1fR2P5fu11bokx0pWjaypoy-ctwCjklldpEbA\/s1600\/logo-principal7.jpg\" width=\"100%\" height=\"100\" \/><\/a><!--bestpublic-voz02--><!--desk-in-out-voz02--><\/p>\n<p style=\"text-align: justify;\">La Delegaci\u00f3n Provincial de Educaci\u00f3n y Cultura en la ciudad acoge esta iniciativa que se extender\u00e1 a lo largo de este jueves y del viernes bajo el t\u00edtulo \u2018La animaci\u00f3n a la lectura en los nuevos canales de difusi\u00f3n\u2019, con la presencia del presidente de la entidad organizadora, Jaime Garc\u00eda; de la viceconsejera de Cultura, Carmen Teresa Olmedo; del concejal de Educaci\u00f3n en la capital, Pascual Molina; y de la jefa de \u00c1rea en la Subdelegaci\u00f3n General de Promoci\u00f3n del Libro, la Lectura y las Letras Espa\u00f1olas, Ana Bl\u00e9.<\/p>\n<p style=\"text-align: justify;\">Durante su intervenci\u00f3n, Miguel Zamora ha agradecido a la asociaci\u00f3n la elecci\u00f3n de Albacete para la celebraci\u00f3n de estas jornadas nacionales, advirtiendo que es una gran decisi\u00f3n \u201cpor la buena salud de la que goza la animaci\u00f3n a la lectura en este territorio, fruto de la colaboraci\u00f3n institucional\u201d, y ha dejado claro que para la Diputaci\u00f3n es un placer sumar activamente en su desarrollo, colaborando tanto en cuestiones de organizaci\u00f3n y log\u00edstica como de difusi\u00f3n.<\/p>\n<p style=\"text-align: justify;\">As\u00ed, el responsable provincial ha explicado que esta l\u00ednea de acci\u00f3n responde al compromiso que el Gobierno de Santi Caba\u00f1ero mantiene con la promoci\u00f3n de los h\u00e1bitos lectores en la poblaci\u00f3n de todas las edades.<\/p>\n<p style=\"text-align: justify;\">De hecho, la Diputaci\u00f3n trabaja en esta direcci\u00f3n a trav\u00e9s de numerosas actividades, en coordinaci\u00f3n con la JCCM y de la mano tanto de los Ayuntamientos y de las Bibliotecas Municipales. Siendo un claro ejemplo los clubes de lectura (juveniles y adultos), el proyecto Lectibe o la Bibliobl\u00fas.<\/p>\n<p style=\"text-align: justify;\">Junto a esto, la instituci\u00f3n provincial tambi\u00e9n impulsa \u2018Encuentros con\u2019, en los que autores y autoras presentan sus libros en diferentes localidades, y forma parte activa de la \u2018Fiesta del libro\u2019, ampliando la difusi\u00f3n e implicaci\u00f3n social en torno al D\u00eda del Libro. Adem\u00e1s, en el marco de esta celebraci\u00f3n, desde 2022, ha puesto en marcha un gran Marat\u00f3n de Narraci\u00f3n Oral. Actividades a las que se unen otras, como sus campa\u00f1as escolares de artes esc\u00e9nicas, que en muchas ocasiones apuestan por representaciones vinculadas a obras literarias.<\/p>\n<p style=\"text-align: justify;\">Una rica programaci\u00f3n<\/p>\n<p style=\"text-align: justify;\">Estas VII jornadas, enfocadas en la importancia de la introducci\u00f3n de los libros desde edades tempranas para fomentar la lectura, continuar\u00e1n el trabajo de formaci\u00f3n y de concienciaci\u00f3n social desarrollado en los a\u00f1os anteriores con las convocatorias de \u2018Leer\u2026 en familia\u2019 (2018), \u2018Leer en\u2026 las aulas\u2019 (2019), \u2018Leer en\u2026 las bibliotecas\u2019 (2020), \u2018Leer\u2026 para divertirse\u2019 (2021), \u2018Leer en contextos diversos\u2019 (2022), y \u2018Animaci\u00f3n a la lectura\u2026 \u00bfDe qu\u00e9 hablamos?\u2019 (2023).<\/p>\n<p style=\"text-align: justify;\">El evento incluye conferencias y coloquios con la participaci\u00f3n de destacados profesionales, directores de bibliotecas, editores, escritores, entre otros. As\u00ed, entre los participantes encontramos al autor Eloy Cebri\u00e1n que ha ofrecido una conferencia al finalizar la inauguraci\u00f3n, seguida de una charla moderada por la editora Marta Higueras, en torno a \u2018La animaci\u00f3n a la lectura en los medios tradicionales\u2019, con la participaci\u00f3n de Javier Fern\u00e1ndez, responsable de la radio Menudo Castillo; Carlota Echevarr\u00eda, directora de la revista \u2018El templo de las mil puertas\u2019; y Paco Abril, director de la revista \u2018Lazarillo\u2019.<\/p>\n<p style=\"text-align: justify;\">Por su parte, el d\u00eda 17 de febrero, est\u00e1 prevista, a las 11:00 horas, una conferencia de Jos\u00e9 Manuel de Amo, profesor de la Universidad de Almer\u00eda; a las 12:00 horas, Vicente Calvo, profesor de la Universidad Rey Juan Carlos de Madrid, moderar\u00e1 un coloquio sobre \u2018La difusi\u00f3n de la Literatura Infantil y Juvenil en los medios digitales\u2019, en el que participar\u00e1n Fernando Bonete, profesor Universitario y colaborador en medios digitales; Rom\u00e1n Belmonte, responsable del blog \u2018Donde viven los monstruos\u2019; y Mar\u00eda Jos\u00e9 Moreno, directora de la Biblioteca P\u00fablica Municipal de Caudete e influencer.<\/p>\n<p><!--publicidad-voz03--><a href=\"https:\/\/www.facebook.com\/profile.php?id=100063593791305&amp;locale=es_ES\"><img decoding=\"async\" class=\"alignnone size-medium\" src=\"https:\/\/blogger.googleusercontent.com\/img\/b\/R29vZ2xl\/AVvXsEi8_n_ll8UOcGxCqzFvb_9Io4ICczlGC990BPtPj2w9Px-u7B3oqWUW5vtjZUqPNJ-nyjiUIorE0ATsib_l5tV8BVN-UJ03RTnU__IHJF_4DgDBtY4LIqXNG-FomrO-7ywes20CBCRM2Hcm7EJSh3UUw1dO-c_uTflUrtgY1i7uBRezj_DpympmEFkfbQY\/s1600\/logo-principal2.jpg\" width=\"100%\" height=\"100\" \/><\/a><!--bestpublic-voz03--><!--desk-in-out-voz03--><br \/>\n<!--publicidad-voz04--><a href=\"https:\/\/www.facebook.com\/profile.php?id=61557370768692&amp;locale=es_ES\"><img decoding=\"async\" class=\"alignnone size-medium\" src=\"https:\/\/blogger.googleusercontent.com\/img\/b\/R29vZ2xl\/AVvXsEgy5RdcfffrnrItnYTcV9bCJjgJwldsQLWssfVfrLbyfXeBNTFKgBf0rMIvhrUaGUhiXzVr9_eQgCbi-j63ZDpfTvLIty9w7s140y-m1yHe7eKmEK7v2NAHUJDVYGdfeiQFeRCqUjdwWmN1MX_AUxxz4IVdJ4WIM0APxit8bjWkXzrnEFGqBvW_1F13H1g\/s1600\/logo-principal5.jpg\" width=\"100%\" height=\"100\" \/><\/a><!--bestpublic-voz04--><!--desk-in-out-voz04--><br \/>\n<!--publicidad-voz05--><a href=\"https:\/\/www.facebook.com\/asociaciontamborileroshellin?locale=es_ES\"><img decoding=\"async\" class=\"alignnone size-medium\" src=\"https:\/\/blogger.googleusercontent.com\/img\/b\/R29vZ2xl\/AVvXsEhHEEpZsKK1VpwiYMrS7aE2ujtqIDZoLd4B5wtbiseSU9s2HdTdQfhF84So2XwEB1fv0BLw95GADm6hUl1bkKtzh-eIgVigXONuu_5RxeIMPhjk8q6uNX4EaEHbooKkbu7pCADWPpVJjhKIH5NQSJpWqedC-YBez4QAQeJYokkLot9bhrIaUAeztsGis6M\/s1600\/logo-principal3.jpg\" width=\"100%\" height=\"100\" \/><\/a><!--bestpublic-voz05--><!--desk-in-out-voz05--><br \/>\n<!--publicidad-voz06--><!--bestpublic-voz06--><!--desk-in-out-voz06--><br \/>\n<!--publicidad-voz07--><!--bestpublic-voz07--><!--desk-in-out-voz07--><br \/>\n<!--publicidad-voz08--><!--bestpublic-voz08--><!--desk-in-out-voz08--><br \/>\n<!--publicidad-voz09--><!--bestpublic-voz09--><!--desk-in-out-voz09--><br \/>\n<!--publicidad-voz10--><!--bestpublic-voz10--><!--desk-in-out-voz10--><br \/>\n<!--publicidad-voz11--><!--bestpublic-voz11--><!--desk-in-out-voz11--><br \/>\n<!--publicidad-voz12--><!--bestpublic-voz12--><!--desk-in-out-voz12--><br \/>\n<!--publicidad-voz13--><!--bestpublic-voz13--><!--desk-in-out-voz13--><br \/>\n<!--publicidad-voz14--><!--bestpublic-voz14--><!--desk-in-out-voz14--><br \/>\n<!--publicidad-voz15--><!--bestpublic-voz15--><!--desk-in-out-voz15--><br \/>\n<!--publicidad-voz16--><!--bestpublic-voz16--><!--desk-in-out-voz16--><\/p>\n","protected":false},"excerpt":{"rendered":"<p>El diputado provincial de Educaci\u00f3n y Cultura, Miguel Zamora, ha participado en la inauguraci\u00f3n de las VII \u2018Jornadas de Animaci\u00f3n a la Lectura\u2019 impulsadas por la Asociaci\u00f3n Espa\u00f1ola de Amigos&#8230;<\/p>\n","protected":false},"author":2,"featured_media":147446,"comment_status":"closed","ping_status":"closed","sticky":false,"template":"","format":"standard","meta":{"footnotes":""},"categories":[752,718,715,716,717],"tags":[],"class_list":["post-147445","post","type-post","status-publish","format-standard","has-post-thumbnail","hentry","category-blog-lv033","category-blogger","category-la-voz-de-hellin","category-la-voz-de-hellin-la-voz-de-hellin","category-noticias"],"_links":{"self":[{"href":"https:\/\/lavozdehellin.com\/noticias\/wp-json\/wp\/v2\/posts\/147445","targetHints":{"allow":["GET"]}}],"collection":[{"href":"https:\/\/lavozdehellin.com\/noticias\/wp-json\/wp\/v2\/posts"}],"about":[{"href":"https:\/\/lavozdehellin.com\/noticias\/wp-json\/wp\/v2\/types\/post"}],"author":[{"embeddable":true,"href":"https:\/\/lavozdehellin.com\/noticias\/wp-json\/wp\/v2\/users\/2"}],"replies":[{"embeddable":true,"href":"https:\/\/lavozdehellin.com\/noticias\/wp-json\/wp\/v2\/comments?post=147445"}],"version-history":[{"count":0,"href":"https:\/\/lavozdehellin.com\/noticias\/wp-json\/wp\/v2\/posts\/147445\/revisions"}],"wp:featuredmedia":[{"embeddable":true,"href":"https:\/\/lavozdehellin.com\/noticias\/wp-json\/wp\/v2\/media\/147446"}],"wp:attachment":[{"href":"https:\/\/lavozdehellin.com\/noticias\/wp-json\/wp\/v2\/media?parent=147445"}],"wp:term":[{"taxonomy":"category","embeddable":true,"href":"https:\/\/lavozdehellin.com\/noticias\/wp-json\/wp\/v2\/categories?post=147445"},{"taxonomy":"post_tag","embeddable":true,"href":"https:\/\/lavozdehellin.com\/noticias\/wp-json\/wp\/v2\/tags?post=147445"}],"curies":[{"name":"wp","href":"https:\/\/api.w.org\/{rel}","templated":true}]}}