{"id":147448,"date":"2024-02-15T13:16:35","date_gmt":"2024-02-15T13:16:35","guid":{"rendered":"https:\/\/lavozdehellin.com\/noticias\/?p=147448"},"modified":"2024-02-20T11:31:55","modified_gmt":"2024-02-20T11:31:55","slug":"v08-061-la-diputacion-suma-su-colaboracion-para-la-puesta-en-marcha-del-i-calendario-de-carreras-beneficas-de-albacete","status":"publish","type":"post","link":"https:\/\/lavozdehellin.com\/noticias\/v08-061-la-diputacion-suma-su-colaboracion-para-la-puesta-en-marcha-del-i-calendario-de-carreras-beneficas-de-albacete\/","title":{"rendered":"LVH NOTICIAS | LA DIPUTACI\u00d3N SUMA SU COLABORACI\u00d3N PARA LA PUESTA EN MARCHA DEL I CALENDARIO DE CARRERAS BEN\u00c9FICAS DE ALBACETE"},"content":{"rendered":"<p style=\"text-align: justify;\">El diputado provincial de Juventud y Deportes, Dani Sancha, ha participado en la presentaci\u00f3n del I Calendario de Carreras Ben\u00e9ficas de Albacete conformado por 12 pruebas, impulsadas por el tejido asociativo de la ciudad con la colaboraci\u00f3n de la Diputaci\u00f3n y el Ayuntamiento de la capital, que han agrupado todas las citas y han elaborado este programa \u00fanico, sumando el apoyo de La Caixa.<\/p>\n<p><!--more--><br \/>\n<!--publicidad-voz01--><a href=\"https:\/\/www.facebook.com\/SoloRadioHellin\/?locale=es_ES\"><img decoding=\"async\" class=\"alignnone size-medium\" src=\"https:\/\/blogger.googleusercontent.com\/img\/b\/R29vZ2xl\/AVvXsEiNncirNnyGedv00mhjZjh5Wl4_YPdJGanoAl8tL8zH-HwqE8uHqjEfSt340RHdx-9tuCSIkZ8rFamZiGyYlgDGxCsmXjCH_1xk5eYM3ntFZRvJP_jndOKR7w1UAo9Tu0vrZyOLfqRpHIxYI5SymJJ-pfGCQw6QVpggBH-UgfjiFQ2JOxqxG0Jx94kW83c\/s1600\/logo-principal.jpg\" width=\"100%\" height=\"100\" \/><\/a><!--bestpublic-voz01--><!--desk-in-out-voz01--><br \/>\n<!--publicidad-voz02--><a href=\"https:\/\/www.hellincf.com\/\"><img decoding=\"async\" class=\"alignnone size-medium\" src=\"https:\/\/blogger.googleusercontent.com\/img\/b\/R29vZ2xl\/AVvXsEhuZ4-XfBVj3UtdP8-RZugy3WVrg-Zv28c53m4oV47qYCxL1rX_dqWX_YddsGSnpH5SRDqZ7bZeKPIfDVCDncpjVlhy3aQs2vojcJBn7Gdv9hC2_Nzct_pRFrnFE1a7KTCdY1bT_kAgnY3-iadRZrGeJf1fR2P5fu11bokx0pWjaypoy-ctwCjklldpEbA\/s1600\/logo-principal7.jpg\" width=\"100%\" height=\"100\" \/><\/a><!--bestpublic-voz02--><!--desk-in-out-voz02--><\/p>\n<p style=\"text-align: justify;\">Junto al concejal de Deportes, Francisco Villaescusa; al intendente jefe de la Polic\u00eda Local, Pascual Mart\u00ednez; y al representante de La Caixa, Emilio Pedrosa, Sancha ha puesto en valor esta iniciativa y ha dejado claro que el Gobierno que preside Santi Caba\u00f1ero est\u00e1 firmemente comprometido con la promoci\u00f3n de la actividad deportiva y de unos h\u00e1bitos de vida y ocio saludables en cada rinc\u00f3n de esta provincia, subrayando que se vuelca con estas pruebas a lo largo y ancho del territorio albacetense ya sea a trav\u00e9s de iniciativas propias o apoyando a aquellas que ponen en marcha los Ayuntamientos, federaciones o las asociaciones sociosanitarias.<\/p>\n<p style=\"text-align: justify;\">En este sentido, Sancha ha destacado la importante labor que llevan a cabo estas \u00faltimas, felicit\u00e1ndoles por el gran trabajo que realizan tambi\u00e9n a trav\u00e9s del deporte, \u201cconsiguiendo no s\u00f3lo recaudar fondos para sus diversas causas, sino tambi\u00e9n visibilizarlas y sensibilizar a la poblaci\u00f3n en torno a ellas\u201d, al tiempo que ha reiterado que la Diputaci\u00f3n seguir\u00e1 colaborando en la difusi\u00f3n y la log\u00edstica de estas pruebas solidarias que ahora \u201ccuentan con un protocolo y un calendario \u00fanico\u201d.<\/p>\n<p style=\"text-align: justify;\">Adem\u00e1s, el responsable provincial ha hecho extensiva la felicitaci\u00f3n a La Caixa por formar parte de este proyecto, y dirigi\u00e9ndose a su responsable le ha agradecido esta apuesta por el deporte en Albacete. \u201cEs una buena imagen para vuestra marca, pero sobre todo para la ciudad y la provincia, y facilita la labor de las asociaciones, que es la intenci\u00f3n\u201d, ha afirmado.<\/p>\n<p style=\"text-align: justify;\">Dani Sancha tambi\u00e9n ha se\u00f1alado que la colaboraci\u00f3n p\u00fablico-privada en el \u00e1mbito deportivo, especialmente en actividades solidarias, es una de las claves del \u00e9xito, porque esa suma de esfuerzos genera un efecto multiplicador que se traduce en m\u00e1s recursos, mejores resultados y, por tanto, se consigue que se imponga el mejor deporte que, al final, es una fuente inagotable de beneficios, tal y como ha comentado, dejando claro que \u201ctodo esto suma para el objetivo final que es colaborar con cada una de las causas que impulsan las asociaciones que organizan estas pruebas\u201d.<\/p>\n<p style=\"text-align: justify;\">As\u00ed, este calendario de citas solidarias incluye las siguientes carreras: la VI Carrera por la Igualdad de CC.OO. (3 de marzo); las 12 horas de AFANION (9 de marzo), la IX Carrera Solidaria del Implante Coclear (10 de marzo); la I Carrera del Barrio de la Industria (26 de mayo); la I Carrera Acepain (8 de junio); la XII Carrera Popular de Imaginalia (31 de agosto); la IV Carrera Nocturna Amiab (27 de septiembre); la VI Carrera Popular Virgen del Pilar \u2018Guardia Civil (19 de octubre); la XVI Carrera AMAC por la salud de la mujer \u2018Memorial Mar\u00eda Jos\u00e9 Merlos\u2019 (20 de octubre); XII Carrera Popular Ben\u00e9fica Desarrollo Running Autismo (27 de octubre); VI Carrera Inclusiva Metasport CLM (10 de noviembre); III Carrera \u2018Corre por la par\u00e1lisis cerebral\u2019- APACEAL (24 de noviembre), a las que se une el Pilates Solidario de AFANION (25 de mayo).<\/p>\n<p><!--publicidad-voz03--><a href=\"https:\/\/www.facebook.com\/profile.php?id=100063593791305&amp;locale=es_ES\"><img decoding=\"async\" class=\"alignnone size-medium\" src=\"https:\/\/blogger.googleusercontent.com\/img\/b\/R29vZ2xl\/AVvXsEi8_n_ll8UOcGxCqzFvb_9Io4ICczlGC990BPtPj2w9Px-u7B3oqWUW5vtjZUqPNJ-nyjiUIorE0ATsib_l5tV8BVN-UJ03RTnU__IHJF_4DgDBtY4LIqXNG-FomrO-7ywes20CBCRM2Hcm7EJSh3UUw1dO-c_uTflUrtgY1i7uBRezj_DpympmEFkfbQY\/s1600\/logo-principal2.jpg\" width=\"100%\" height=\"100\" \/><\/a><!--bestpublic-voz03--><!--desk-in-out-voz03--><br \/>\n<!--publicidad-voz04--><a href=\"https:\/\/www.facebook.com\/profile.php?id=61557370768692&amp;locale=es_ES\"><img decoding=\"async\" class=\"alignnone size-medium\" src=\"https:\/\/blogger.googleusercontent.com\/img\/b\/R29vZ2xl\/AVvXsEgy5RdcfffrnrItnYTcV9bCJjgJwldsQLWssfVfrLbyfXeBNTFKgBf0rMIvhrUaGUhiXzVr9_eQgCbi-j63ZDpfTvLIty9w7s140y-m1yHe7eKmEK7v2NAHUJDVYGdfeiQFeRCqUjdwWmN1MX_AUxxz4IVdJ4WIM0APxit8bjWkXzrnEFGqBvW_1F13H1g\/s1600\/logo-principal5.jpg\" width=\"100%\" height=\"100\" \/><\/a><!--bestpublic-voz04--><!--desk-in-out-voz04--><br \/>\n<!--publicidad-voz05--><a href=\"https:\/\/www.facebook.com\/asociaciontamborileroshellin?locale=es_ES\"><img decoding=\"async\" class=\"alignnone size-medium\" src=\"https:\/\/blogger.googleusercontent.com\/img\/b\/R29vZ2xl\/AVvXsEhHEEpZsKK1VpwiYMrS7aE2ujtqIDZoLd4B5wtbiseSU9s2HdTdQfhF84So2XwEB1fv0BLw95GADm6hUl1bkKtzh-eIgVigXONuu_5RxeIMPhjk8q6uNX4EaEHbooKkbu7pCADWPpVJjhKIH5NQSJpWqedC-YBez4QAQeJYokkLot9bhrIaUAeztsGis6M\/s1600\/logo-principal3.jpg\" width=\"100%\" height=\"100\" \/><\/a><!--bestpublic-voz05--><!--desk-in-out-voz05--><br \/>\n<!--publicidad-voz06--><!--bestpublic-voz06--><!--desk-in-out-voz06--><br \/>\n<!--publicidad-voz07--><!--bestpublic-voz07--><!--desk-in-out-voz07--><br \/>\n<!--publicidad-voz08--><!--bestpublic-voz08--><!--desk-in-out-voz08--><br \/>\n<!--publicidad-voz09--><!--bestpublic-voz09--><!--desk-in-out-voz09--><br \/>\n<!--publicidad-voz10--><!--bestpublic-voz10--><!--desk-in-out-voz10--><br \/>\n<!--publicidad-voz11--><!--bestpublic-voz11--><!--desk-in-out-voz11--><br \/>\n<!--publicidad-voz12--><!--bestpublic-voz12--><!--desk-in-out-voz12--><br \/>\n<!--publicidad-voz13--><!--bestpublic-voz13--><!--desk-in-out-voz13--><br \/>\n<!--publicidad-voz14--><!--bestpublic-voz14--><!--desk-in-out-voz14--><br \/>\n<!--publicidad-voz15--><!--bestpublic-voz15--><!--desk-in-out-voz15--><br \/>\n<!--publicidad-voz16--><!--bestpublic-voz16--><!--desk-in-out-voz16--><\/p>\n","protected":false},"excerpt":{"rendered":"<p>El diputado provincial de Juventud y Deportes, Dani Sancha, ha participado en la presentaci\u00f3n del I Calendario de Carreras Ben\u00e9ficas de Albacete conformado por 12 pruebas, impulsadas por el tejido&#8230;<\/p>\n","protected":false},"author":2,"featured_media":147449,"comment_status":"closed","ping_status":"closed","sticky":false,"template":"","format":"standard","meta":{"footnotes":""},"categories":[752,718,715,716,717],"tags":[],"class_list":["post-147448","post","type-post","status-publish","format-standard","has-post-thumbnail","hentry","category-blog-lv033","category-blogger","category-la-voz-de-hellin","category-la-voz-de-hellin-la-voz-de-hellin","category-noticias"],"_links":{"self":[{"href":"https:\/\/lavozdehellin.com\/noticias\/wp-json\/wp\/v2\/posts\/147448","targetHints":{"allow":["GET"]}}],"collection":[{"href":"https:\/\/lavozdehellin.com\/noticias\/wp-json\/wp\/v2\/posts"}],"about":[{"href":"https:\/\/lavozdehellin.com\/noticias\/wp-json\/wp\/v2\/types\/post"}],"author":[{"embeddable":true,"href":"https:\/\/lavozdehellin.com\/noticias\/wp-json\/wp\/v2\/users\/2"}],"replies":[{"embeddable":true,"href":"https:\/\/lavozdehellin.com\/noticias\/wp-json\/wp\/v2\/comments?post=147448"}],"version-history":[{"count":0,"href":"https:\/\/lavozdehellin.com\/noticias\/wp-json\/wp\/v2\/posts\/147448\/revisions"}],"wp:featuredmedia":[{"embeddable":true,"href":"https:\/\/lavozdehellin.com\/noticias\/wp-json\/wp\/v2\/media\/147449"}],"wp:attachment":[{"href":"https:\/\/lavozdehellin.com\/noticias\/wp-json\/wp\/v2\/media?parent=147448"}],"wp:term":[{"taxonomy":"category","embeddable":true,"href":"https:\/\/lavozdehellin.com\/noticias\/wp-json\/wp\/v2\/categories?post=147448"},{"taxonomy":"post_tag","embeddable":true,"href":"https:\/\/lavozdehellin.com\/noticias\/wp-json\/wp\/v2\/tags?post=147448"}],"curies":[{"name":"wp","href":"https:\/\/api.w.org\/{rel}","templated":true}]}}