{"id":147451,"date":"2024-02-15T11:52:13","date_gmt":"2024-02-15T11:52:13","guid":{"rendered":"https:\/\/lavozdehellin.com\/noticias\/?p=147451"},"modified":"2024-02-20T11:31:55","modified_gmt":"2024-02-20T11:31:55","slug":"v08-060-el-dipualba-responde-impulsado-por-el-gobierno-de-cabanero-se-consolida-como-la-opcion-preferida-por-los-ayuntamientos-en-la-provincia-de-albacete","status":"publish","type":"post","link":"https:\/\/lavozdehellin.com\/noticias\/v08-060-el-dipualba-responde-impulsado-por-el-gobierno-de-cabanero-se-consolida-como-la-opcion-preferida-por-los-ayuntamientos-en-la-provincia-de-albacete\/","title":{"rendered":"LVH NOTICIAS | EL DIPUALBA RESPONDE IMPULSADO POR EL GOBIERNO DE CABA\u00d1ERO SE CONSOLIDA COMO LA OPCI\u00d3N PREFERIDA POR LOS AYUNTAMIENTOS EN LA PROVINCIA DE ALBACETE"},"content":{"rendered":"<p style=\"text-align: justify;\">El vicepresidente y responsable de Econom\u00eda de la Diputaci\u00f3n de Albacete, Fran Valera, ha ofrecido un an\u00e1lisis detallado de las grandes l\u00edneas de subvenciones que la Diputaci\u00f3n tiene este 2024 en favor de los ayuntamientos y conforme a las peticiones que desde cada uno de ellos ya han comunicado.<\/p>\n<p><!--more--><br \/>\n<!--publicidad-voz01--><a href=\"https:\/\/www.facebook.com\/SoloRadioHellin\/?locale=es_ES\"><img decoding=\"async\" class=\"alignnone size-medium\" src=\"https:\/\/blogger.googleusercontent.com\/img\/b\/R29vZ2xl\/AVvXsEiNncirNnyGedv00mhjZjh5Wl4_YPdJGanoAl8tL8zH-HwqE8uHqjEfSt340RHdx-9tuCSIkZ8rFamZiGyYlgDGxCsmXjCH_1xk5eYM3ntFZRvJP_jndOKR7w1UAo9Tu0vrZyOLfqRpHIxYI5SymJJ-pfGCQw6QVpggBH-UgfjiFQ2JOxqxG0Jx94kW83c\/s1600\/logo-principal.jpg\" width=\"100%\" height=\"100\" \/><\/a><!--bestpublic-voz01--><!--desk-in-out-voz01--><br \/>\n<!--publicidad-voz02--><a href=\"https:\/\/www.hellincf.com\/\"><img decoding=\"async\" class=\"alignnone size-medium\" src=\"https:\/\/blogger.googleusercontent.com\/img\/b\/R29vZ2xl\/AVvXsEhuZ4-XfBVj3UtdP8-RZugy3WVrg-Zv28c53m4oV47qYCxL1rX_dqWX_YddsGSnpH5SRDqZ7bZeKPIfDVCDncpjVlhy3aQs2vojcJBn7Gdv9hC2_Nzct_pRFrnFE1a7KTCdY1bT_kAgnY3-iadRZrGeJf1fR2P5fu11bokx0pWjaypoy-ctwCjklldpEbA\/s1600\/logo-principal7.jpg\" width=\"100%\" height=\"100\" \/><\/a><!--bestpublic-voz02--><!--desk-in-out-voz02--><\/p>\n<p style=\"text-align: justify;\">Como ha se\u00f1alado Valera, \u201cla filosof\u00eda del Equipo de Gobierno viene siendo, por una parte, la poner a disposici\u00f3n de las Entidades Locales la mayor cantidad de fondos posibles; y, por otra, que sean ellos quienes decidan en qu\u00e9 quieren emplear esas cantidades, diferenciando entre lo que destinan al gasto corriente y lo que destinan al \u00e1mbito de inversiones en sus municipios\u201d.<\/p>\n<p style=\"text-align: justify;\">Bajo esas dos grandes premisas, ha se\u00f1alado que el Gobierno de Caba\u00f1ero contin\u00faa poniendo \u201cm\u00e1s dinero en favor de los ayuntamientos\u201d (en concreto, un 6% m\u00e1s que en 2023) y \u201caumentando la autonom\u00eda sobre aquello en lo que pueden emplear esas cantidades\u201d.<\/p>\n<p style=\"text-align: justify;\">Esas tres grandes l\u00edneas, tanto en 2023 como en 2024, han sido: el tradicional Plan de Obras y Servicios (que este a\u00f1o contaba con una dotaci\u00f3n inicial de 6.340.000 euros a distribuir en funci\u00f3n del volumen de poblaci\u00f3n); y, en segundo y tercer lugar, el Dipualba Responde, tanto en su versi\u00f3n de Inversiones (con una partida de salida de 3.500.000 euros) como en la de gasto corriente (con 1.500.000 de partida, medio mill\u00f3n m\u00e1s que en 2023).<\/p>\n<p style=\"text-align: justify;\">En la reuni\u00f3n que el propio vicepresidente y el presidente mantuvieron el pasado 18 de enero, en el Sal\u00f3n de Plenos Provincial, con los alcaldes y alcaldesas de las 84 poblaciones que pueden beneficiarse de los Responde (los 83 municipios con menos de 20.000 habitantes y la Entidad Local Menor de Aguas Nuevas), se les expusieron las distintas opciones a su disposici\u00f3n para el reparto de la cuant\u00edas correspondientes para cada localidad.<\/p>\n<p style=\"text-align: justify;\">4 localidades optan este a\u00f1o por destinar todos los fondos al pago de gasto corriente<\/p>\n<p style=\"text-align: justify;\">As\u00ed, y siguiendo con esa \u2018escucha activa\u2019 que practica el Equipo al frente de la Diputaci\u00f3n de Albacete, se daban nuevos pasos porque, para este a\u00f1o 2024, a la opci\u00f3n de que los ayuntamientos pudieran volver a sumar el POS con el Dipualba Responde Inversiones, se le ha a\u00f1adido este a\u00f1o la posibilidad de que sumen tambi\u00e9n la cantidad que les corresponde dentro de la l\u00ednea de Gasto Corriente (e incluso que puedan destinar todo el dinero a este \u00faltimo fin, para el pago de n\u00f3minas, de facturas de suministros , etc.).<\/p>\n<p style=\"text-align: justify;\">Tras recopilar las peticiones sobre qu\u00e9 opci\u00f3n tomaban, el reparto de esas tres grandes l\u00edneas refleja que, \u201cen la manera tradicional que ten\u00eda la Diputaci\u00f3n de cooperar con los ayuntamientos (el POS) hay una migraci\u00f3n importante hacia el Dipualba Responde tanto en su versi\u00f3n Inversiones como en la de Gasto Corriente\u201d, tal y como ha se\u00f1alado el vicepresidente.<\/p>\n<p style=\"text-align: justify;\">Algo que, en palabras de Valera, se debe a que, con \u00e9sa v\u00eda, \u201cliberamos a los ayuntamientos de \u2018un cors\u00e9\u2019;, les damos la autonom\u00eda suficiente para que decidan en qu\u00e9 lo quieren gastar; y, sobre todo, les damos la autonom\u00eda en la gesti\u00f3n: son los ayuntamientos quienes ajustan con sus t\u00e9cnicos municipales los ayuntamientos; y son los que, con sus servicios de Intervenci\u00f3n, se encargan de las contrataciones y adjudicaciones as\u00ed como las ejecuciones. Eso les da un grado de libertad y, adem\u00e1s, algo que es tambi\u00e9n muy importante para los territorios: permite que los ayuntamientos, con obras m\u00e1s peque\u00f1as, puedan dejar ingresos en los aut\u00f3nomos (principalmente de la construcci\u00f3n) de sus municipios\u201d.<\/p>\n<p style=\"text-align: justify;\">En este sentido, cabe destacar que hay unos 36 ayuntamientos (sobre 88) que este a\u00f1o optan por el POS en so forma tradicional. \u201cEl resto, se han inclinado por \u2018jugar\u2019 de forma diferente, sum\u00e1ndolo al Dipualba Responde; y, adem\u00e1s, hay algo llamativo, que son 4 ayuntamientos que han decidido llevar el total de los fondos a esa opci\u00f3n destinada al pago de gasto corriente\u201d, ha se\u00f1alado, apuntando que son las localidades de Chinchilla de Montearag\u00f3n, Molinicos, Minaya y Fuente-\u00c1lamo.<br \/>\nM\u00e1s fondos, m\u00e1s flexibilidad y m\u00e1s autonom\u00eda<\/p>\n<p style=\"text-align: justify;\">\u201cCumplimos, de nuevo, con la premisa de poner m\u00e1s fondos a disposici\u00f3n de los ayuntamientos; y tambi\u00e9n con la de dar autonom\u00eda y flexibilizar nuestro apoyo a los ayuntamientos y darles facilidades (por ejemplo, les damos pr\u00e1cticamente un a\u00f1o para la ejecuci\u00f3n de las obras y ampliamos el plazo de justificaci\u00f3n hasta el a\u00f1o que viene)\u201d ha apuntado, avanzando que, \u201cen el plazo de una o dos semanas\u201d la l\u00edneas Responde ya van a estar a disposici\u00f3n de los ayuntamientos para que comiencen a hacer sus peticiones (hasta seis).<\/p>\n<p style=\"text-align: justify;\">Tal y como ha explicado el vicepresidente en t\u00e9rminos globales de inversi\u00f3n, si en 2023 el pueblo menor de la provincia (Villa de Ves) tuvo a su disposici\u00f3n desde la Diputaci\u00f3n con esas tres grandes l\u00edneas la cantidad de 108.900 euros, este a\u00f1o tiene un 6% m\u00e1s: 115.800 euros. Y, si las localidades mayores de las que optan a las l\u00edneas Responde (Caudete y La Roda), contaron el a\u00f1o pasado con 116.900 euros de la Diputaci\u00f3n a su disposici\u00f3n, para este 2024 cuentan con 123.800 euros.<\/p>\n<p style=\"text-align: justify;\">Trabajo que, ha apuntado, ahonda en esa \u201c\u2019discriminaci\u00f3n positiva\u2019 muy a favor de los ayuntamientos de las poblaciones menores\u201d que, adem\u00e1s, ha explicado que optan por abarcar \u201cm\u00e1s actuaciones con las que cubrir m\u00e1s necesidades con esos fondos, frente a los de mayor poblaci\u00f3n, que suelen inclinarse por abordar uno o dos proyectos de m\u00e1s envergadura, al contar con t\u00e9cnicos y servicios municipales con las que pueden dar respuesta por s\u00ed mismos a muchas de esas cuestiones\u201d.<\/p>\n<p style=\"text-align: justify;\">El vicepresidente provincial ha concluido se\u00f1alando el \u201ccambio de modelo\u201d que la gesti\u00f3n municipal viene demostrando. \u201cHist\u00f3ricamente, el 70% del POS se dedicaba a cuestiones de saneamiento y abastecimiento de agua; pero vemos que hemos cambiado, tanto de instrumentos como de fines: ahora solicitan m\u00e1s el Dipualba Responde y, por ejemplo, en 2023, mayoritariamente a mejoras de sus instalaciones deportivas\u2026\u201d.<\/p>\n<p style=\"text-align: justify;\">Algo que considera fruto precisamente de ese objetivo de \u201cdar mayor autonom\u00eda a las Entidades Locales, que han podido y pueden repartir los fondos dando cabida a m\u00e1s cuestiones\u201d, ha concluido.<\/p>\n<p><!--publicidad-voz03--><a href=\"https:\/\/www.facebook.com\/profile.php?id=100063593791305&amp;locale=es_ES\"><img decoding=\"async\" class=\"alignnone size-medium\" src=\"https:\/\/blogger.googleusercontent.com\/img\/b\/R29vZ2xl\/AVvXsEi8_n_ll8UOcGxCqzFvb_9Io4ICczlGC990BPtPj2w9Px-u7B3oqWUW5vtjZUqPNJ-nyjiUIorE0ATsib_l5tV8BVN-UJ03RTnU__IHJF_4DgDBtY4LIqXNG-FomrO-7ywes20CBCRM2Hcm7EJSh3UUw1dO-c_uTflUrtgY1i7uBRezj_DpympmEFkfbQY\/s1600\/logo-principal2.jpg\" width=\"100%\" height=\"100\" \/><\/a><!--bestpublic-voz03--><!--desk-in-out-voz03--><br \/>\n<!--publicidad-voz04--><a href=\"https:\/\/www.facebook.com\/profile.php?id=61557370768692&amp;locale=es_ES\"><img decoding=\"async\" class=\"alignnone size-medium\" src=\"https:\/\/blogger.googleusercontent.com\/img\/b\/R29vZ2xl\/AVvXsEgy5RdcfffrnrItnYTcV9bCJjgJwldsQLWssfVfrLbyfXeBNTFKgBf0rMIvhrUaGUhiXzVr9_eQgCbi-j63ZDpfTvLIty9w7s140y-m1yHe7eKmEK7v2NAHUJDVYGdfeiQFeRCqUjdwWmN1MX_AUxxz4IVdJ4WIM0APxit8bjWkXzrnEFGqBvW_1F13H1g\/s1600\/logo-principal5.jpg\" width=\"100%\" height=\"100\" \/><\/a><!--bestpublic-voz04--><!--desk-in-out-voz04--><br \/>\n<!--publicidad-voz05--><a href=\"https:\/\/www.facebook.com\/asociaciontamborileroshellin?locale=es_ES\"><img decoding=\"async\" class=\"alignnone size-medium\" src=\"https:\/\/blogger.googleusercontent.com\/img\/b\/R29vZ2xl\/AVvXsEhHEEpZsKK1VpwiYMrS7aE2ujtqIDZoLd4B5wtbiseSU9s2HdTdQfhF84So2XwEB1fv0BLw95GADm6hUl1bkKtzh-eIgVigXONuu_5RxeIMPhjk8q6uNX4EaEHbooKkbu7pCADWPpVJjhKIH5NQSJpWqedC-YBez4QAQeJYokkLot9bhrIaUAeztsGis6M\/s1600\/logo-principal3.jpg\" width=\"100%\" height=\"100\" \/><\/a><!--bestpublic-voz05--><!--desk-in-out-voz05--><br \/>\n<!--publicidad-voz06--><!--bestpublic-voz06--><!--desk-in-out-voz06--><br \/>\n<!--publicidad-voz07--><!--bestpublic-voz07--><!--desk-in-out-voz07--><br \/>\n<!--publicidad-voz08--><!--bestpublic-voz08--><!--desk-in-out-voz08--><br \/>\n<!--publicidad-voz09--><!--bestpublic-voz09--><!--desk-in-out-voz09--><br \/>\n<!--publicidad-voz10--><!--bestpublic-voz10--><!--desk-in-out-voz10--><br \/>\n<!--publicidad-voz11--><!--bestpublic-voz11--><!--desk-in-out-voz11--><br \/>\n<!--publicidad-voz12--><!--bestpublic-voz12--><!--desk-in-out-voz12--><br \/>\n<!--publicidad-voz13--><!--bestpublic-voz13--><!--desk-in-out-voz13--><br \/>\n<!--publicidad-voz14--><!--bestpublic-voz14--><!--desk-in-out-voz14--><br \/>\n<!--publicidad-voz15--><!--bestpublic-voz15--><!--desk-in-out-voz15--><br \/>\n<!--publicidad-voz16--><!--bestpublic-voz16--><!--desk-in-out-voz16--><\/p>\n","protected":false},"excerpt":{"rendered":"<p>El vicepresidente y responsable de Econom\u00eda de la Diputaci\u00f3n de Albacete, Fran Valera, ha ofrecido un an\u00e1lisis detallado de las grandes l\u00edneas de subvenciones que la Diputaci\u00f3n tiene este 2024&#8230;<\/p>\n","protected":false},"author":2,"featured_media":147452,"comment_status":"closed","ping_status":"closed","sticky":false,"template":"","format":"standard","meta":{"footnotes":""},"categories":[752,718,715,716,717],"tags":[],"class_list":["post-147451","post","type-post","status-publish","format-standard","has-post-thumbnail","hentry","category-blog-lv033","category-blogger","category-la-voz-de-hellin","category-la-voz-de-hellin-la-voz-de-hellin","category-noticias"],"_links":{"self":[{"href":"https:\/\/lavozdehellin.com\/noticias\/wp-json\/wp\/v2\/posts\/147451","targetHints":{"allow":["GET"]}}],"collection":[{"href":"https:\/\/lavozdehellin.com\/noticias\/wp-json\/wp\/v2\/posts"}],"about":[{"href":"https:\/\/lavozdehellin.com\/noticias\/wp-json\/wp\/v2\/types\/post"}],"author":[{"embeddable":true,"href":"https:\/\/lavozdehellin.com\/noticias\/wp-json\/wp\/v2\/users\/2"}],"replies":[{"embeddable":true,"href":"https:\/\/lavozdehellin.com\/noticias\/wp-json\/wp\/v2\/comments?post=147451"}],"version-history":[{"count":0,"href":"https:\/\/lavozdehellin.com\/noticias\/wp-json\/wp\/v2\/posts\/147451\/revisions"}],"wp:featuredmedia":[{"embeddable":true,"href":"https:\/\/lavozdehellin.com\/noticias\/wp-json\/wp\/v2\/media\/147452"}],"wp:attachment":[{"href":"https:\/\/lavozdehellin.com\/noticias\/wp-json\/wp\/v2\/media?parent=147451"}],"wp:term":[{"taxonomy":"category","embeddable":true,"href":"https:\/\/lavozdehellin.com\/noticias\/wp-json\/wp\/v2\/categories?post=147451"},{"taxonomy":"post_tag","embeddable":true,"href":"https:\/\/lavozdehellin.com\/noticias\/wp-json\/wp\/v2\/tags?post=147451"}],"curies":[{"name":"wp","href":"https:\/\/api.w.org\/{rel}","templated":true}]}}