{"id":147454,"date":"2024-02-15T09:17:55","date_gmt":"2024-02-15T09:17:55","guid":{"rendered":"https:\/\/lavozdehellin.com\/noticias\/?p=147454"},"modified":"2024-02-20T11:31:55","modified_gmt":"2024-02-20T11:31:55","slug":"v08-059-la-diputacion-de-albacete-reitera-su-compromiso-con-la-semana-santa-de-hellin-durante-la-presentacion-de-sus-carteles-y-revistas","status":"publish","type":"post","link":"https:\/\/lavozdehellin.com\/noticias\/v08-059-la-diputacion-de-albacete-reitera-su-compromiso-con-la-semana-santa-de-hellin-durante-la-presentacion-de-sus-carteles-y-revistas\/","title":{"rendered":"LVH NOTICIAS | LA DIPUTACI\u00d3N DE ALBACETE REITERA SU COMPROMISO CON LA SEMANA SANTA DE HELL\u00cdN DURANTE LA PRESENTACI\u00d3N DE SUS CARTELES Y REVISTAS"},"content":{"rendered":"<p style=\"text-align: justify;\">El diputado provincial de Medio Ambiente, Jos\u00e9 Antonio G\u00f3mez, particip\u00f3 anoche en la presentaci\u00f3n de los carteles de la Semana Santa de Hell\u00edn y de sus revistas \u2018Tambor\u2019 y \u2018Redoble\u2019, acompa\u00f1ando a la Asociaci\u00f3n de Cofrad\u00edas y Hermandades de la Semana Santa con su presidente, Jos\u00e9 Rafael Mar\u00edn; y a la Asociaci\u00f3n de Pe\u00f1as de Tamborileros, con Jos\u00e9 Luis Jim\u00e9nez al frente.<\/p>\n<p><!--more--><br \/>\n<!--publicidad-voz01--><a href=\"https:\/\/www.facebook.com\/SoloRadioHellin\/?locale=es_ES\"><img decoding=\"async\" class=\"alignnone size-medium\" src=\"https:\/\/blogger.googleusercontent.com\/img\/b\/R29vZ2xl\/AVvXsEiNncirNnyGedv00mhjZjh5Wl4_YPdJGanoAl8tL8zH-HwqE8uHqjEfSt340RHdx-9tuCSIkZ8rFamZiGyYlgDGxCsmXjCH_1xk5eYM3ntFZRvJP_jndOKR7w1UAo9Tu0vrZyOLfqRpHIxYI5SymJJ-pfGCQw6QVpggBH-UgfjiFQ2JOxqxG0Jx94kW83c\/s1600\/logo-principal.jpg\" width=\"100%\" height=\"100\" \/><\/a><!--bestpublic-voz01--><!--desk-in-out-voz01--><br \/>\n<!--publicidad-voz02--><a href=\"https:\/\/www.hellincf.com\/\"><img decoding=\"async\" class=\"alignnone size-medium\" src=\"https:\/\/blogger.googleusercontent.com\/img\/b\/R29vZ2xl\/AVvXsEhuZ4-XfBVj3UtdP8-RZugy3WVrg-Zv28c53m4oV47qYCxL1rX_dqWX_YddsGSnpH5SRDqZ7bZeKPIfDVCDncpjVlhy3aQs2vojcJBn7Gdv9hC2_Nzct_pRFrnFE1a7KTCdY1bT_kAgnY3-iadRZrGeJf1fR2P5fu11bokx0pWjaypoy-ctwCjklldpEbA\/s1600\/logo-principal7.jpg\" width=\"100%\" height=\"100\" \/><\/a><!--bestpublic-voz02--><!--desk-in-out-voz02--><\/p>\n<p style=\"text-align: justify;\">El Teatro Victoria acogi\u00f3 esta emblem\u00e1tica cita que marca el inicio de una celebraci\u00f3n que en esta localidad es un acontecimiento cultural, religioso, social y tur\u00edstico de primer orden, convertida en una de sus tradiciones m\u00e1s arraigadas y en una de las fiestas m\u00e1s importantes de esta provincia, declarada de Inter\u00e9s Tur\u00edstico Internacional, y con unas Tamboradas que, junto a las de Agram\u00f3n y Tobarra, son Patrimonio Cultural Inmaterial de la Humanidad.<\/p>\n<p style=\"text-align: justify;\">El responsable provincial, junto al alcalde, Manuel Serena, y a otros miembros de la Corporaci\u00f3n Provincial, traslad\u00f3 a esta localidad, en nombre del presidente de la instituci\u00f3n, Santi Caba\u00f1ero, el apoyo de la Diputaci\u00f3n a una festividad que, como remarc\u00f3 el propio G\u00f3mez, contribuye a hacer m\u00e1s grande el rico patrimonio cultural, art\u00edstico e hist\u00f3rico de la provincia, uniendo a diversas generaciones y atrayendo, cada vez m\u00e1s, a visitantes desde diferentes puntos de la geograf\u00eda nacional e incluso internacional.<\/p>\n<p style=\"text-align: justify;\">Adem\u00e1s, el diputado se\u00f1al\u00f3 la ilusi\u00f3n, el fervor y la implicaci\u00f3n con el que ambas asociaciones trabajan durante todo el a\u00f1o para que esta celebraci\u00f3n sea un \u00e9xito, reiterando que cuentan con el apoyo de la Diputaci\u00f3n a trav\u00e9s, por ejemplo, del convenio que \u00e9sta mantiene con su Asociaci\u00f3n de Cofrad\u00edas y Hermandades de la Semana Santa.<\/p>\n<p style=\"text-align: justify;\">As\u00ed, el cartel que representar\u00e1 a esta Semana Santa ha sido elaborado por Antonio Yepes Iniesta, y el de la Tamborada por Gabriel Gonz\u00e1lez Rubio, a quienes el diputado provincial tuvo la oportunidad de felicitar en persona por el arte, la belleza y la pasi\u00f3n que atesoran.<\/p>\n<p><!--publicidad-voz03--><a href=\"https:\/\/www.facebook.com\/profile.php?id=100063593791305&amp;locale=es_ES\"><img decoding=\"async\" class=\"alignnone size-medium\" src=\"https:\/\/blogger.googleusercontent.com\/img\/b\/R29vZ2xl\/AVvXsEi8_n_ll8UOcGxCqzFvb_9Io4ICczlGC990BPtPj2w9Px-u7B3oqWUW5vtjZUqPNJ-nyjiUIorE0ATsib_l5tV8BVN-UJ03RTnU__IHJF_4DgDBtY4LIqXNG-FomrO-7ywes20CBCRM2Hcm7EJSh3UUw1dO-c_uTflUrtgY1i7uBRezj_DpympmEFkfbQY\/s1600\/logo-principal2.jpg\" width=\"100%\" height=\"100\" \/><\/a><!--bestpublic-voz03--><!--desk-in-out-voz03--><br \/>\n<!--publicidad-voz04--><a href=\"https:\/\/www.facebook.com\/profile.php?id=61557370768692&amp;locale=es_ES\"><img decoding=\"async\" class=\"alignnone size-medium\" src=\"https:\/\/blogger.googleusercontent.com\/img\/b\/R29vZ2xl\/AVvXsEgy5RdcfffrnrItnYTcV9bCJjgJwldsQLWssfVfrLbyfXeBNTFKgBf0rMIvhrUaGUhiXzVr9_eQgCbi-j63ZDpfTvLIty9w7s140y-m1yHe7eKmEK7v2NAHUJDVYGdfeiQFeRCqUjdwWmN1MX_AUxxz4IVdJ4WIM0APxit8bjWkXzrnEFGqBvW_1F13H1g\/s1600\/logo-principal5.jpg\" width=\"100%\" height=\"100\" \/><\/a><!--bestpublic-voz04--><!--desk-in-out-voz04--><br \/>\n<!--publicidad-voz05--><a href=\"https:\/\/www.facebook.com\/asociaciontamborileroshellin?locale=es_ES\"><img decoding=\"async\" class=\"alignnone size-medium\" src=\"https:\/\/blogger.googleusercontent.com\/img\/b\/R29vZ2xl\/AVvXsEhHEEpZsKK1VpwiYMrS7aE2ujtqIDZoLd4B5wtbiseSU9s2HdTdQfhF84So2XwEB1fv0BLw95GADm6hUl1bkKtzh-eIgVigXONuu_5RxeIMPhjk8q6uNX4EaEHbooKkbu7pCADWPpVJjhKIH5NQSJpWqedC-YBez4QAQeJYokkLot9bhrIaUAeztsGis6M\/s1600\/logo-principal3.jpg\" width=\"100%\" height=\"100\" \/><\/a><!--bestpublic-voz05--><!--desk-in-out-voz05--><br \/>\n<!--publicidad-voz06--><!--bestpublic-voz06--><!--desk-in-out-voz06--><br \/>\n<!--publicidad-voz07--><!--bestpublic-voz07--><!--desk-in-out-voz07--><br \/>\n<!--publicidad-voz08--><!--bestpublic-voz08--><!--desk-in-out-voz08--><br \/>\n<!--publicidad-voz09--><!--bestpublic-voz09--><!--desk-in-out-voz09--><br \/>\n<!--publicidad-voz10--><!--bestpublic-voz10--><!--desk-in-out-voz10--><br \/>\n<!--publicidad-voz11--><!--bestpublic-voz11--><!--desk-in-out-voz11--><br \/>\n<!--publicidad-voz12--><!--bestpublic-voz12--><!--desk-in-out-voz12--><br \/>\n<!--publicidad-voz13--><!--bestpublic-voz13--><!--desk-in-out-voz13--><br \/>\n<!--publicidad-voz14--><!--bestpublic-voz14--><!--desk-in-out-voz14--><br \/>\n<!--publicidad-voz15--><!--bestpublic-voz15--><!--desk-in-out-voz15--><br \/>\n<!--publicidad-voz16--><!--bestpublic-voz16--><!--desk-in-out-voz16--><\/p>\n","protected":false},"excerpt":{"rendered":"<p>El diputado provincial de Medio Ambiente, Jos\u00e9 Antonio G\u00f3mez, particip\u00f3 anoche en la presentaci\u00f3n de los carteles de la Semana Santa de Hell\u00edn y de sus revistas \u2018Tambor\u2019 y \u2018Redoble\u2019,&#8230;<\/p>\n","protected":false},"author":2,"featured_media":147455,"comment_status":"closed","ping_status":"closed","sticky":false,"template":"","format":"standard","meta":{"footnotes":""},"categories":[752,718,715,716,717],"tags":[],"class_list":["post-147454","post","type-post","status-publish","format-standard","has-post-thumbnail","hentry","category-blog-lv033","category-blogger","category-la-voz-de-hellin","category-la-voz-de-hellin-la-voz-de-hellin","category-noticias"],"_links":{"self":[{"href":"https:\/\/lavozdehellin.com\/noticias\/wp-json\/wp\/v2\/posts\/147454","targetHints":{"allow":["GET"]}}],"collection":[{"href":"https:\/\/lavozdehellin.com\/noticias\/wp-json\/wp\/v2\/posts"}],"about":[{"href":"https:\/\/lavozdehellin.com\/noticias\/wp-json\/wp\/v2\/types\/post"}],"author":[{"embeddable":true,"href":"https:\/\/lavozdehellin.com\/noticias\/wp-json\/wp\/v2\/users\/2"}],"replies":[{"embeddable":true,"href":"https:\/\/lavozdehellin.com\/noticias\/wp-json\/wp\/v2\/comments?post=147454"}],"version-history":[{"count":0,"href":"https:\/\/lavozdehellin.com\/noticias\/wp-json\/wp\/v2\/posts\/147454\/revisions"}],"wp:featuredmedia":[{"embeddable":true,"href":"https:\/\/lavozdehellin.com\/noticias\/wp-json\/wp\/v2\/media\/147455"}],"wp:attachment":[{"href":"https:\/\/lavozdehellin.com\/noticias\/wp-json\/wp\/v2\/media?parent=147454"}],"wp:term":[{"taxonomy":"category","embeddable":true,"href":"https:\/\/lavozdehellin.com\/noticias\/wp-json\/wp\/v2\/categories?post=147454"},{"taxonomy":"post_tag","embeddable":true,"href":"https:\/\/lavozdehellin.com\/noticias\/wp-json\/wp\/v2\/tags?post=147454"}],"curies":[{"name":"wp","href":"https:\/\/api.w.org\/{rel}","templated":true}]}}