{"id":147460,"date":"2024-02-14T13:37:23","date_gmt":"2024-02-14T13:37:23","guid":{"rendered":"https:\/\/lavozdehellin.com\/noticias\/?p=147460"},"modified":"2024-02-20T11:31:55","modified_gmt":"2024-02-20T11:31:55","slug":"v08-057-la-olimpiada-matematica-de-albacete-arranca-su-35a-edicion-con-el-patrocinio-de-la-diputacion-de-albacete","status":"publish","type":"post","link":"https:\/\/lavozdehellin.com\/noticias\/v08-057-la-olimpiada-matematica-de-albacete-arranca-su-35a-edicion-con-el-patrocinio-de-la-diputacion-de-albacete\/","title":{"rendered":"LVH NOTICIAS | LA OLIMPIADA MATEM\u00c1TICA DE ALBACETE ARRANCA SU 35\u00aa EDICI\u00d3N CON EL PATROCINIO DE LA DIPUTACI\u00d3N DE ALBACETE"},"content":{"rendered":"<p style=\"text-align: justify;\">El diputado provincial de Juventud y Deportes, Dani Sancha, ha presentado la 35\u00aa Olimpiada Matem\u00e1tica de Albacete para alumnado del tercer ciclo de Educaci\u00f3n Primaria (5\u00ba y 6\u00ba) y los dos ciclos de Educaci\u00f3n Secundaria (1\u00ba, 2\u00ba, 3\u00ba, y 4\u00ba), subrayando una cita consolidada como una de las actividades l\u00fadico-educativas m\u00e1s importantes de la provincia.<\/p>\n<p><!--more--><br \/>\n<!--publicidad-voz01--><a href=\"https:\/\/www.facebook.com\/SoloRadioHellin\/?locale=es_ES\"><img decoding=\"async\" class=\"alignnone size-medium\" src=\"https:\/\/blogger.googleusercontent.com\/img\/b\/R29vZ2xl\/AVvXsEiNncirNnyGedv00mhjZjh5Wl4_YPdJGanoAl8tL8zH-HwqE8uHqjEfSt340RHdx-9tuCSIkZ8rFamZiGyYlgDGxCsmXjCH_1xk5eYM3ntFZRvJP_jndOKR7w1UAo9Tu0vrZyOLfqRpHIxYI5SymJJ-pfGCQw6QVpggBH-UgfjiFQ2JOxqxG0Jx94kW83c\/s1600\/logo-principal.jpg\" width=\"100%\" height=\"100\" \/><\/a><!--bestpublic-voz01--><!--desk-in-out-voz01--><br \/>\n<!--publicidad-voz02--><a href=\"https:\/\/www.hellincf.com\/\"><img decoding=\"async\" class=\"alignnone size-medium\" src=\"https:\/\/blogger.googleusercontent.com\/img\/b\/R29vZ2xl\/AVvXsEhuZ4-XfBVj3UtdP8-RZugy3WVrg-Zv28c53m4oV47qYCxL1rX_dqWX_YddsGSnpH5SRDqZ7bZeKPIfDVCDncpjVlhy3aQs2vojcJBn7Gdv9hC2_Nzct_pRFrnFE1a7KTCdY1bT_kAgnY3-iadRZrGeJf1fR2P5fu11bokx0pWjaypoy-ctwCjklldpEbA\/s1600\/logo-principal7.jpg\" width=\"100%\" height=\"100\" \/><\/a><!--bestpublic-voz02--><!--desk-in-out-voz02--><\/p>\n<p style=\"text-align: justify;\">Junto a Serapio Garc\u00eda, Juan Mart\u00ednez-T\u00e9bar, presidente y secretario, respectivamente, de la Sociedad Castellano-manchega de Profesores de Matem\u00e1ticas (entidad organizadora), Sancha ha comenzado resalt\u00e1ndoles como \u201cdos personas muy entra\u00f1ables que hacen una labor y un trabajo buen\u00edsimos en pro de la formaci\u00f3n, la educaci\u00f3n, en este caso, de las matem\u00e1ticas en la provincia\u201d. Junto a ellos, ha estado \u00c1lvaro Mart\u00ednez de la Hoz, alumno del I.E.S Amparo Sanz de Albacete y autor del cartel ganador de esta edici\u00f3n de la actividad, a quien ha felicitado p\u00fablicamente.<\/p>\n<p style=\"text-align: justify;\">El responsable provincial ha dejado claro que esta Olimpiada es una de las apuestas directas el Equipo de Gobierno de la Diputaci\u00f3n apoya desde su primera edici\u00f3n (en 1990), ahondando en el trabajo que se hace en materia de educaci\u00f3n y ocio saludable. Este 2024, concretamente, son 16.000 euros los que la instituci\u00f3n destina a esta actividad.<\/p>\n<p style=\"text-align: justify;\">Sancha felicita el gran trabajo que hay tras la organizaci\u00f3n de esta cita<\/p>\n<p style=\"text-align: justify;\">\u201cAlgunos de nosotros \u00e9ramos muy peque\u00f1itos cuando ya exist\u00eda la Olimpiada Matem\u00e1tica; este a\u00f1o cumple su 35\u00aa edici\u00f3n, que se dice pronto\u2026 y eso refleja el gran trabajo que est\u00e1n haciendo desde la Sociedad Castellano-manchega; creo que somos uno de los referentes nacionales en cuanto a la organizaci\u00f3n que implica \u2018mover\u2019 a tantas personas durante tantos a\u00f1os\u2026 por lo tanto, creo que es de agradecer porque, al final, que profesores de matem\u00e1tica de manera altruista quieran compartir sus conocimientos y quieran motivar a los y las j\u00f3venes de la provincia de Albacete y les acerquen las matem\u00e1ticas a la vida cotidiana\u2026 siempre es un privilegio. Ojal\u00e1 existieran m\u00e1s Serapios, m\u00e1s Juanes y m\u00e1s Sociedades Castellano-manchegas de Profesores para poderlo hacer as\u00ed con muchas m\u00e1s\u2026\u201d, ha subrayado, explicando c\u00f3mo esta actividad responde al compromiso de la Diputaci\u00f3n con la poblaci\u00f3n infantil y juvenil de la provincia para acercarle recursos de calidad que contribuyan a su formaci\u00f3n pedag\u00f3gica y personal.<\/p>\n<p style=\"text-align: justify;\">Durante su intervenci\u00f3n, el diputado ha puesto en valor \u201cel gran trabajo\u201d que se realiza en esta provincia en cuanto a la formaci\u00f3n matem\u00e1tica y ha destacado la implicaci\u00f3n de quienes lo hacen posible, en alusi\u00f3n al gran trabajo de los profesionales y del personal docente que conforma la Sociedad Castellano-Manchega de profesores de matem\u00e1ticas, apuntando tambi\u00e9n el papel crucial que juegan las familias y la colaboraci\u00f3n de la JCCM. Adem\u00e1s, ha tenido palabras especiales para los y las estudiantes, advirtiendo que son quienes verdaderamente impulsan esta actividad, y ha hecho un llamamiento al alumnado para participar en esta cita.<\/p>\n<p style=\"text-align: justify;\">Dani Sancha ha recordado c\u00f3mo ya se ten\u00eda \u201cel privilegio de tener una fase nacional aqu\u00ed, en las provincias de Albacete y Cuenca (que fue todo un \u00e9xito, pudimos disfrutar much\u00edsimo), y el compromiso de la Diputaci\u00f3n es claro; de hecho, somos la \u00fanica que pone todos los recursos econ\u00f3micos para que se pueda realizar esta iniciativa, con el apoyo (que quiero agradecer) de todos los colaboradores que hace que esta Olimp\u00edada Matem\u00e1tica mejore\u201d<\/p>\n<p style=\"text-align: justify;\">3.200 participantes en 2023<\/p>\n<p style=\"text-align: justify;\">El a\u00f1o pasado, fueron m\u00e1s de 3.200 los alumnos y alumnas participantes en todas las fases, 101 centros educativos y 135 docentes. En torno a 400 estudiantes pasaron a la semifinal y 31 fueron a la fase final, en una competici\u00f3n que se divide en tres niveles correspondientes a: 5\u00ba y 6\u00ba de Educaci\u00f3n Primaria (10-12 a\u00f1os), 1\u00ba y 2\u00ba ESO (12-14 a\u00f1os) y 3\u00ba y 4\u00ba ESO (14-16 a\u00f1os) y la Olimpiada constar\u00e1 de tres fases.<br \/>\nSerapio Garc\u00eda subraya 35 a\u00f1os animando a \u201cpensar matem\u00e1ticamente\u201d<\/p>\n<p style=\"text-align: justify;\">Serapio Garc\u00eda ha asegurado que est\u00e1n muy contentos con alcanzar estos 35 a\u00f1os pero, sobre todo, con los objetivos que se vienen cumpliendo en ese camino, siempre \u201ccon el objetivo no de pensar en matem\u00e1ticas, sino que se piense matem\u00e1ticamente, sabiendo que la vida no se puede entender sin las matem\u00e1ticas\u201d.<\/p>\n<p style=\"text-align: justify;\">Al hilo de ello, ha agradecido el apoyo firme, tanto de la Diputaci\u00f3n como de las empresas colaboradoras y, especialmente, a los centros educativos que, hasta abril, desarrollar\u00e1n durante seis semanas la primera fase de la Olimpiada, los d\u00edas 12, 19 y 26 de febrero y 4, 14 y 18 de marzo. Durante ella, los alumnos resuelven los problemas que semanalmente se les planteen. En esta fase, cada centro podr\u00e1 seleccionar hasta cinco alumnos por cada nivel. La 2\u00aa fase de primaria, semifinal, se realizar\u00e1 en las sedes de Albacete, Almansa, Hell\u00edn y Villarrobledo, el d\u00eda 4 y 5 de abril. Y a la final, que se desarrollar\u00e1 el d\u00eda 4 de mayo en en el IES Alto de los Molinos de Albacete, acceder\u00e1n un m\u00ednimo de diez alumnos por nivel.<\/p>\n<p style=\"text-align: justify;\">Los tres primeros clasificados de cada nivel de Secundaria representar\u00e1n a Albacete en la Olimpiada Matem\u00e1tica regional, que se celebrar\u00e1 el 18 y 19 de mayo en Cuenca. Por su parte, los dos primeros clasificados del nivel 12-14 a\u00f1os en la Olimpiada Regional, representar\u00e1n a nuestra Comunidad en la XXXIV Olimpiada Matem\u00e1tica Nacional Junior, organizada por la FESPM, que se realizar\u00e1 en Extremadura a finales de junio. Lo mismo ocurrir\u00e1 con los tres primeros clasificados del tercer ciclo de Primaria participando en la VII Olimpiada Matem\u00e1tica Nacional Alev\u00edn, organizada por la FESPM, que se realizar\u00e1 tambi\u00e9n en Madrid a finales de junio. Disput\u00e1ndose la IV Olimpiada Matem\u00e1tica Nacional Juvenil en Melilla a finales de junio (14 y 16 a\u00f1os).<\/p>\n<p style=\"text-align: justify;\">El Skyline de Albacete, en la espiral de Fibonacci<\/p>\n<p style=\"text-align: justify;\">Por su parte, explicando \u2018la obra\u2019 que ilustra esta edici\u00f3n tan especial de las Olimpiadas, el joven \u00c1lvaro Mart\u00ednez ha explicado que, hace unos a\u00f1os, se hizo una exposici\u00f3n en clase sobre Fibonacci que le ha llevado a idear este cartel donde plasma el Skyline de Albacete aplicando las ense\u00f1anzas del \u2018maestro\u2019 a una espiral muy especial, que une el perfil de los edificios m\u00e1s emblem\u00e1ticos de la ciudad de Albacete, en una sucesi\u00f3n recurrente con la propiedad de tender al \u2018n\u00famero de oro\u2019.<\/p>\n<p><!--publicidad-voz03--><a href=\"https:\/\/www.facebook.com\/profile.php?id=100063593791305&amp;locale=es_ES\"><img decoding=\"async\" class=\"alignnone size-medium\" src=\"https:\/\/blogger.googleusercontent.com\/img\/b\/R29vZ2xl\/AVvXsEi8_n_ll8UOcGxCqzFvb_9Io4ICczlGC990BPtPj2w9Px-u7B3oqWUW5vtjZUqPNJ-nyjiUIorE0ATsib_l5tV8BVN-UJ03RTnU__IHJF_4DgDBtY4LIqXNG-FomrO-7ywes20CBCRM2Hcm7EJSh3UUw1dO-c_uTflUrtgY1i7uBRezj_DpympmEFkfbQY\/s1600\/logo-principal2.jpg\" width=\"100%\" height=\"100\" \/><\/a><!--bestpublic-voz03--><!--desk-in-out-voz03--><br \/>\n<!--publicidad-voz04--><a href=\"https:\/\/www.facebook.com\/profile.php?id=61557370768692&amp;locale=es_ES\"><img decoding=\"async\" class=\"alignnone size-medium\" src=\"https:\/\/blogger.googleusercontent.com\/img\/b\/R29vZ2xl\/AVvXsEgy5RdcfffrnrItnYTcV9bCJjgJwldsQLWssfVfrLbyfXeBNTFKgBf0rMIvhrUaGUhiXzVr9_eQgCbi-j63ZDpfTvLIty9w7s140y-m1yHe7eKmEK7v2NAHUJDVYGdfeiQFeRCqUjdwWmN1MX_AUxxz4IVdJ4WIM0APxit8bjWkXzrnEFGqBvW_1F13H1g\/s1600\/logo-principal5.jpg\" width=\"100%\" height=\"100\" \/><\/a><!--bestpublic-voz04--><!--desk-in-out-voz04--><br \/>\n<!--publicidad-voz05--><a href=\"https:\/\/www.facebook.com\/asociaciontamborileroshellin?locale=es_ES\"><img decoding=\"async\" class=\"alignnone size-medium\" src=\"https:\/\/blogger.googleusercontent.com\/img\/b\/R29vZ2xl\/AVvXsEhHEEpZsKK1VpwiYMrS7aE2ujtqIDZoLd4B5wtbiseSU9s2HdTdQfhF84So2XwEB1fv0BLw95GADm6hUl1bkKtzh-eIgVigXONuu_5RxeIMPhjk8q6uNX4EaEHbooKkbu7pCADWPpVJjhKIH5NQSJpWqedC-YBez4QAQeJYokkLot9bhrIaUAeztsGis6M\/s1600\/logo-principal3.jpg\" width=\"100%\" height=\"100\" \/><\/a><!--bestpublic-voz05--><!--desk-in-out-voz05--><br \/>\n<!--publicidad-voz06--><!--bestpublic-voz06--><!--desk-in-out-voz06--><br \/>\n<!--publicidad-voz07--><!--bestpublic-voz07--><!--desk-in-out-voz07--><br \/>\n<!--publicidad-voz08--><!--bestpublic-voz08--><!--desk-in-out-voz08--><br \/>\n<!--publicidad-voz09--><!--bestpublic-voz09--><!--desk-in-out-voz09--><br \/>\n<!--publicidad-voz10--><!--bestpublic-voz10--><!--desk-in-out-voz10--><br \/>\n<!--publicidad-voz11--><!--bestpublic-voz11--><!--desk-in-out-voz11--><br \/>\n<!--publicidad-voz12--><!--bestpublic-voz12--><!--desk-in-out-voz12--><br \/>\n<!--publicidad-voz13--><!--bestpublic-voz13--><!--desk-in-out-voz13--><br \/>\n<!--publicidad-voz14--><!--bestpublic-voz14--><!--desk-in-out-voz14--><br \/>\n<!--publicidad-voz15--><!--bestpublic-voz15--><!--desk-in-out-voz15--><br \/>\n<!--publicidad-voz16--><!--bestpublic-voz16--><!--desk-in-out-voz16--><\/p>\n","protected":false},"excerpt":{"rendered":"<p>El diputado provincial de Juventud y Deportes, Dani Sancha, ha presentado la 35\u00aa Olimpiada Matem\u00e1tica de Albacete para alumnado del tercer ciclo de Educaci\u00f3n Primaria (5\u00ba y 6\u00ba) y los&#8230;<\/p>\n","protected":false},"author":2,"featured_media":147461,"comment_status":"closed","ping_status":"closed","sticky":false,"template":"","format":"standard","meta":{"footnotes":""},"categories":[752,718,715,716,717],"tags":[],"class_list":["post-147460","post","type-post","status-publish","format-standard","has-post-thumbnail","hentry","category-blog-lv033","category-blogger","category-la-voz-de-hellin","category-la-voz-de-hellin-la-voz-de-hellin","category-noticias"],"_links":{"self":[{"href":"https:\/\/lavozdehellin.com\/noticias\/wp-json\/wp\/v2\/posts\/147460","targetHints":{"allow":["GET"]}}],"collection":[{"href":"https:\/\/lavozdehellin.com\/noticias\/wp-json\/wp\/v2\/posts"}],"about":[{"href":"https:\/\/lavozdehellin.com\/noticias\/wp-json\/wp\/v2\/types\/post"}],"author":[{"embeddable":true,"href":"https:\/\/lavozdehellin.com\/noticias\/wp-json\/wp\/v2\/users\/2"}],"replies":[{"embeddable":true,"href":"https:\/\/lavozdehellin.com\/noticias\/wp-json\/wp\/v2\/comments?post=147460"}],"version-history":[{"count":0,"href":"https:\/\/lavozdehellin.com\/noticias\/wp-json\/wp\/v2\/posts\/147460\/revisions"}],"wp:featuredmedia":[{"embeddable":true,"href":"https:\/\/lavozdehellin.com\/noticias\/wp-json\/wp\/v2\/media\/147461"}],"wp:attachment":[{"href":"https:\/\/lavozdehellin.com\/noticias\/wp-json\/wp\/v2\/media?parent=147460"}],"wp:term":[{"taxonomy":"category","embeddable":true,"href":"https:\/\/lavozdehellin.com\/noticias\/wp-json\/wp\/v2\/categories?post=147460"},{"taxonomy":"post_tag","embeddable":true,"href":"https:\/\/lavozdehellin.com\/noticias\/wp-json\/wp\/v2\/tags?post=147460"}],"curies":[{"name":"wp","href":"https:\/\/api.w.org\/{rel}","templated":true}]}}