{"id":147463,"date":"2024-02-13T16:14:10","date_gmt":"2024-02-13T16:14:10","guid":{"rendered":"https:\/\/lavozdehellin.com\/noticias\/?p=147463"},"modified":"2024-02-20T11:31:56","modified_gmt":"2024-02-20T11:31:56","slug":"v08-056-la-diputacion-de-albacete-reitera-el-compromiso-con-villarrobledo-para-seguir-haciendo-grande-su-carnaval-durante-la-tradicional-comida-solidaria-de-afa","status":"publish","type":"post","link":"https:\/\/lavozdehellin.com\/noticias\/v08-056-la-diputacion-de-albacete-reitera-el-compromiso-con-villarrobledo-para-seguir-haciendo-grande-su-carnaval-durante-la-tradicional-comida-solidaria-de-afa\/","title":{"rendered":"LVH NOTICIAS | LA DIPUTACI\u00d3N DE ALBACETE REITERA EL COMPROMISO CON VILLARROBLEDO \u201cPARA SEGUIR HACIENDO GRANDE\u201d SU CARNAVAL DURANTE LA TRADICIONAL COMIDA SOLIDARIA DE AFA"},"content":{"rendered":"<p style=\"text-align: justify;\">El vicepresidente de la Diputaci\u00f3n de Albacete, Fran Valera, y el diputado provincial del \u00c1rea Social, Jos\u00e9 Gonz\u00e1lez, han participado en Villarrobledo en la comida solidaria que tradicionalmente organiza la Asociaci\u00f3n de Familiares y Enfermos de Alzheimer (AFA) de la localidad en el marco de su Carnaval, coincidiendo con el D\u00eda del Orgullo Manchego en esa celebraci\u00f3n.<\/p>\n<p><!--more--><br \/>\n<!--publicidad-voz01--><a href=\"https:\/\/www.facebook.com\/SoloRadioHellin\/?locale=es_ES\"><img decoding=\"async\" class=\"alignnone size-medium\" src=\"https:\/\/blogger.googleusercontent.com\/img\/b\/R29vZ2xl\/AVvXsEiNncirNnyGedv00mhjZjh5Wl4_YPdJGanoAl8tL8zH-HwqE8uHqjEfSt340RHdx-9tuCSIkZ8rFamZiGyYlgDGxCsmXjCH_1xk5eYM3ntFZRvJP_jndOKR7w1UAo9Tu0vrZyOLfqRpHIxYI5SymJJ-pfGCQw6QVpggBH-UgfjiFQ2JOxqxG0Jx94kW83c\/s1600\/logo-principal.jpg\" width=\"100%\" height=\"100\" \/><\/a><!--bestpublic-voz01--><!--desk-in-out-voz01--><br \/>\n<!--publicidad-voz02--><a href=\"https:\/\/www.hellincf.com\/\"><img decoding=\"async\" class=\"alignnone size-medium\" src=\"https:\/\/blogger.googleusercontent.com\/img\/b\/R29vZ2xl\/AVvXsEhuZ4-XfBVj3UtdP8-RZugy3WVrg-Zv28c53m4oV47qYCxL1rX_dqWX_YddsGSnpH5SRDqZ7bZeKPIfDVCDncpjVlhy3aQs2vojcJBn7Gdv9hC2_Nzct_pRFrnFE1a7KTCdY1bT_kAgnY3-iadRZrGeJf1fR2P5fu11bokx0pWjaypoy-ctwCjklldpEbA\/s1600\/logo-principal7.jpg\" width=\"100%\" height=\"100\" \/><\/a><!--bestpublic-voz02--><!--desk-in-out-voz02--><\/p>\n<p style=\"text-align: justify;\">Junto al alcalde, Valent\u00edn Bueno, y acompa\u00f1ando a los socios y socias de la organizaci\u00f3n presidida por Concepci\u00f3n Garc\u00eda, as\u00ed como a los numerosos vecinos y vecinas asistentes, los responsables provinciales han reiterado el compromiso del Gobierno de Santi Caba\u00f1ero con esta Fiesta de Inter\u00e9s Tur\u00edstico Nacional y tambi\u00e9n con el tejido asociativo villarrobledense, dejando claro que la Diputaci\u00f3n estar\u00e1 al lado de cada iniciativa y de cada entidad que contribuya a impulsar el desarrollo de esta tierra, \u201cya sea poniendo en valor nuestras tradiciones y los recursos que atesoramos, o mejorando el d\u00eda a d\u00eda de quienes afrontan la vida con m\u00e1s dificultades\u201d.<\/p>\n<p style=\"text-align: justify;\">Adem\u00e1s, Valera ha subrayado la importancia de esta cita en la que se unen dos iniciativas que se aportan un valor a\u00f1adido la una a la otra \u201cofreciendo la mejor versi\u00f3n de este Villarrobledo, un territorio diverso, plural, comprometido, solidario, disfrut\u00f3n y alegre\u201d.<\/p>\n<p style=\"text-align: justify;\">As\u00ed, el vicepresidente provincial ha aprovechado la oportunidad para se\u00f1alar la relevancia que tiene el Carnaval de Villarrobledo, convertido en una se\u00f1a de identidad cultural de esta localidad, y ha felicitado tanto al Ayuntamiento como a las comparsas, pe\u00f1as, agrupaciones, centros educativos\u2026 que, con su trabajo e implicaci\u00f3n han hecho grande esta tradici\u00f3n hasta convertirla en un motor socioecon\u00f3mico y tur\u00edstico de primer nivel, ya que hasta la localidad llegan visitantes procedentes desde diferentes puntos de la geograf\u00eda provincial, regional y nacional.<\/p>\n<p style=\"text-align: justify;\">En este sentido, Valera ha dejado claro que Villarrobledo cuentan con el apoyo de la Diputaci\u00f3n \u201cpara seguir haci\u00e9ndolo grande y difundiendo las bondades de una fiesta con un gran arraigo en la localidad y con un retorno al territorio muy destacable\u201d, y ha puesto el foco en su car\u00e1cter popular y participativo, destacando que se trata de \u201cuna fiesta de todos y para todos que se vive y se celebra en la calle, democratizando el Carnaval para que todos pod\u00e1is y podamos vivirlo y disfrutarlo desde Jueves Lardero hasta el Domingo de Pi\u00f1ata\u201d.<\/p>\n<p style=\"text-align: justify;\">Y la Diputaci\u00f3n, en l\u00ednea con su compromiso por conservar y poner en valor el patrimonio cultural de este territorio, siendo estas celebraciones populares un perfecto ejemplo, viene colaborando con el Carnaval de Villarrobledo a trav\u00e9s de un convenio con el Consistorio por valor de 15.000 \u20ac.<\/p>\n<p style=\"text-align: justify;\">Asimismo, el vicepresidente provincial ha querido agradecer a AFA, en la figura de sus profesionales, el trabajo que realizan, tendi\u00e9ndoles la mano de la Diputaci\u00f3n para seguir impulsando proyectos juntos, como ya viene ocurriendo, por ejemplo, a trav\u00e9s de su convocatoria de ayudas para entidades sociosanitarias (en la que obtuvieron, en 2023, cerca de 8.700 \u20ac) y ha remarcado que su labor diaria contribuye a hacer de Villarrobledo y de la provincia un lugar mejor.<\/p>\n<p style=\"text-align: justify;\">Deseando a todas las personas asistentes a esta comida y a este Carnaval que disfruten de unos d\u00edas de \u201calegr\u00eda y color\u201d, Fran Valera ha remarcado que desde la instituci\u00f3n provincial seguir\u00e1n extendiendo la colaboraci\u00f3n en estas dos direcciones, contribuyendo, con ello, al desarrollo de Villarrobledo y el bienestar de sus vecinos y vecinas.<\/p>\n<p><!--publicidad-voz03--><a href=\"https:\/\/www.facebook.com\/profile.php?id=100063593791305&amp;locale=es_ES\"><img decoding=\"async\" class=\"alignnone size-medium\" src=\"https:\/\/blogger.googleusercontent.com\/img\/b\/R29vZ2xl\/AVvXsEi8_n_ll8UOcGxCqzFvb_9Io4ICczlGC990BPtPj2w9Px-u7B3oqWUW5vtjZUqPNJ-nyjiUIorE0ATsib_l5tV8BVN-UJ03RTnU__IHJF_4DgDBtY4LIqXNG-FomrO-7ywes20CBCRM2Hcm7EJSh3UUw1dO-c_uTflUrtgY1i7uBRezj_DpympmEFkfbQY\/s1600\/logo-principal2.jpg\" width=\"100%\" height=\"100\" \/><\/a><!--bestpublic-voz03--><!--desk-in-out-voz03--><br \/>\n<!--publicidad-voz04--><a href=\"https:\/\/www.facebook.com\/profile.php?id=61557370768692&amp;locale=es_ES\"><img decoding=\"async\" class=\"alignnone size-medium\" src=\"https:\/\/blogger.googleusercontent.com\/img\/b\/R29vZ2xl\/AVvXsEgy5RdcfffrnrItnYTcV9bCJjgJwldsQLWssfVfrLbyfXeBNTFKgBf0rMIvhrUaGUhiXzVr9_eQgCbi-j63ZDpfTvLIty9w7s140y-m1yHe7eKmEK7v2NAHUJDVYGdfeiQFeRCqUjdwWmN1MX_AUxxz4IVdJ4WIM0APxit8bjWkXzrnEFGqBvW_1F13H1g\/s1600\/logo-principal5.jpg\" width=\"100%\" height=\"100\" \/><\/a><!--bestpublic-voz04--><!--desk-in-out-voz04--><br \/>\n<!--publicidad-voz05--><a href=\"https:\/\/www.facebook.com\/asociaciontamborileroshellin?locale=es_ES\"><img decoding=\"async\" class=\"alignnone size-medium\" src=\"https:\/\/blogger.googleusercontent.com\/img\/b\/R29vZ2xl\/AVvXsEhHEEpZsKK1VpwiYMrS7aE2ujtqIDZoLd4B5wtbiseSU9s2HdTdQfhF84So2XwEB1fv0BLw95GADm6hUl1bkKtzh-eIgVigXONuu_5RxeIMPhjk8q6uNX4EaEHbooKkbu7pCADWPpVJjhKIH5NQSJpWqedC-YBez4QAQeJYokkLot9bhrIaUAeztsGis6M\/s1600\/logo-principal3.jpg\" width=\"100%\" height=\"100\" \/><\/a><!--bestpublic-voz05--><!--desk-in-out-voz05--><br \/>\n<!--publicidad-voz06--><!--bestpublic-voz06--><!--desk-in-out-voz06--><br \/>\n<!--publicidad-voz07--><!--bestpublic-voz07--><!--desk-in-out-voz07--><br \/>\n<!--publicidad-voz08--><!--bestpublic-voz08--><!--desk-in-out-voz08--><br \/>\n<!--publicidad-voz09--><!--bestpublic-voz09--><!--desk-in-out-voz09--><br \/>\n<!--publicidad-voz10--><!--bestpublic-voz10--><!--desk-in-out-voz10--><br \/>\n<!--publicidad-voz11--><!--bestpublic-voz11--><!--desk-in-out-voz11--><br \/>\n<!--publicidad-voz12--><!--bestpublic-voz12--><!--desk-in-out-voz12--><br \/>\n<!--publicidad-voz13--><!--bestpublic-voz13--><!--desk-in-out-voz13--><br \/>\n<!--publicidad-voz14--><!--bestpublic-voz14--><!--desk-in-out-voz14--><br \/>\n<!--publicidad-voz15--><!--bestpublic-voz15--><!--desk-in-out-voz15--><br \/>\n<!--publicidad-voz16--><!--bestpublic-voz16--><!--desk-in-out-voz16--><\/p>\n","protected":false},"excerpt":{"rendered":"<p>El vicepresidente de la Diputaci\u00f3n de Albacete, Fran Valera, y el diputado provincial del \u00c1rea Social, Jos\u00e9 Gonz\u00e1lez, han participado en Villarrobledo en la comida solidaria que tradicionalmente organiza la&#8230;<\/p>\n","protected":false},"author":2,"featured_media":147464,"comment_status":"closed","ping_status":"closed","sticky":false,"template":"","format":"standard","meta":{"footnotes":""},"categories":[752,718,715,716,717],"tags":[],"class_list":["post-147463","post","type-post","status-publish","format-standard","has-post-thumbnail","hentry","category-blog-lv033","category-blogger","category-la-voz-de-hellin","category-la-voz-de-hellin-la-voz-de-hellin","category-noticias"],"_links":{"self":[{"href":"https:\/\/lavozdehellin.com\/noticias\/wp-json\/wp\/v2\/posts\/147463","targetHints":{"allow":["GET"]}}],"collection":[{"href":"https:\/\/lavozdehellin.com\/noticias\/wp-json\/wp\/v2\/posts"}],"about":[{"href":"https:\/\/lavozdehellin.com\/noticias\/wp-json\/wp\/v2\/types\/post"}],"author":[{"embeddable":true,"href":"https:\/\/lavozdehellin.com\/noticias\/wp-json\/wp\/v2\/users\/2"}],"replies":[{"embeddable":true,"href":"https:\/\/lavozdehellin.com\/noticias\/wp-json\/wp\/v2\/comments?post=147463"}],"version-history":[{"count":0,"href":"https:\/\/lavozdehellin.com\/noticias\/wp-json\/wp\/v2\/posts\/147463\/revisions"}],"wp:featuredmedia":[{"embeddable":true,"href":"https:\/\/lavozdehellin.com\/noticias\/wp-json\/wp\/v2\/media\/147464"}],"wp:attachment":[{"href":"https:\/\/lavozdehellin.com\/noticias\/wp-json\/wp\/v2\/media?parent=147463"}],"wp:term":[{"taxonomy":"category","embeddable":true,"href":"https:\/\/lavozdehellin.com\/noticias\/wp-json\/wp\/v2\/categories?post=147463"},{"taxonomy":"post_tag","embeddable":true,"href":"https:\/\/lavozdehellin.com\/noticias\/wp-json\/wp\/v2\/tags?post=147463"}],"curies":[{"name":"wp","href":"https:\/\/api.w.org\/{rel}","templated":true}]}}