{"id":147466,"date":"2024-02-13T14:19:53","date_gmt":"2024-02-13T14:19:53","guid":{"rendered":"https:\/\/lavozdehellin.com\/noticias\/?p=147466"},"modified":"2024-02-20T11:31:56","modified_gmt":"2024-02-20T11:31:56","slug":"v08-055-la-diputacion-de-albacete-acoge-la-celebracion-conjunta-del-dia-mundial-de-la-radio","status":"publish","type":"post","link":"https:\/\/lavozdehellin.com\/noticias\/v08-055-la-diputacion-de-albacete-acoge-la-celebracion-conjunta-del-dia-mundial-de-la-radio\/","title":{"rendered":"LVH NOTICIAS | LA DIPUTACI\u00d3N DE ALBACETE ACOGE LA CELEBRACI\u00d3N CONJUNTA DEL D\u00cdA MUNDIAL DE LA RADIO"},"content":{"rendered":"<p style=\"text-align: justify;\">La Diputaci\u00f3n de Albacete ha sido protagonista, por partida doble, de la iniciativa organizada para conmemorar el D\u00eda Mundial de la Radio, colaborando con las radios de \u00e1mbito nacional que operan en la provincia de Albacete y que han llevado a cabo, desde el Sal\u00f3n de Actos de la propia Diputaci\u00f3n, en la emisi\u00f3n en directo de un programa especial para celebrar esta jornada tan especial.<\/p>\n<p><!--more--><br \/>\n<!--publicidad-voz01--><a href=\"https:\/\/www.facebook.com\/SoloRadioHellin\/?locale=es_ES\"><img decoding=\"async\" class=\"alignnone size-medium\" src=\"https:\/\/blogger.googleusercontent.com\/img\/b\/R29vZ2xl\/AVvXsEiNncirNnyGedv00mhjZjh5Wl4_YPdJGanoAl8tL8zH-HwqE8uHqjEfSt340RHdx-9tuCSIkZ8rFamZiGyYlgDGxCsmXjCH_1xk5eYM3ntFZRvJP_jndOKR7w1UAo9Tu0vrZyOLfqRpHIxYI5SymJJ-pfGCQw6QVpggBH-UgfjiFQ2JOxqxG0Jx94kW83c\/s1600\/logo-principal.jpg\" width=\"100%\" height=\"100\" \/><\/a><!--bestpublic-voz01--><!--desk-in-out-voz01--><br \/>\n<!--publicidad-voz02--><a href=\"https:\/\/www.hellincf.com\/\"><img decoding=\"async\" class=\"alignnone size-medium\" src=\"https:\/\/blogger.googleusercontent.com\/img\/b\/R29vZ2xl\/AVvXsEhuZ4-XfBVj3UtdP8-RZugy3WVrg-Zv28c53m4oV47qYCxL1rX_dqWX_YddsGSnpH5SRDqZ7bZeKPIfDVCDncpjVlhy3aQs2vojcJBn7Gdv9hC2_Nzct_pRFrnFE1a7KTCdY1bT_kAgnY3-iadRZrGeJf1fR2P5fu11bokx0pWjaypoy-ctwCjklldpEbA\/s1600\/logo-principal7.jpg\" width=\"100%\" height=\"100\" \/><\/a><!--bestpublic-voz02--><!--desk-in-out-voz02--><\/p>\n<p style=\"text-align: justify;\">El evento ha contado con la participaci\u00f3n directa del presidente provincial, Santi Caba\u00f1ero, que ha ejercido de anfitri\u00f3n, as\u00ed como de representantes de las instituciones que han apoyado este proyecto: el Ayuntamiento de Albacete y el Gobierno de Castilla-La Mancha, junto a m\u00faltiples protagonistas m\u00e1s que, con sus testimonios, han llenado de contenido y de historias esta actividad.<\/p>\n<p style=\"text-align: justify;\">Un presentador o presentadora por cada una de las emisoras participantes (Cristina Castellanos por Radio Albacete Cadena SER, Alicia Mart\u00ednez por COPE, Paloma Gallego por Onda Cero, Alfonso Serrano por Radio Marca y Mar\u00eda Garc\u00eda por EsRadio) se han encargado de coordinar la ma\u00f1ana capitaneando un divertido e interesante programa que ha estado abierto de forma gratuita al p\u00fablico y que ha hablado sobre el valor de la radio a lo largo del tiempo y su papel protagonista en la evoluci\u00f3n de la provincia.<\/p>\n<p style=\"text-align: justify;\">Caba\u00f1ero obsequia a quienes hacen \u2018la radio de hoy\u2019, una joya literaria firmada por S\u00e1nchez de la Rosa sobre \u2018la radio de ayer\u2019\u2026<\/p>\n<p style=\"text-align: justify;\">Durante su intervenci\u00f3n en \u00e9l, Santi Caba\u00f1ero, ha rememorado su afici\u00f3n desde ni\u00f1o a la radio: medio al que, por su oficio de pastor, su padre estaba muy vinculado encontrando ah\u00ed la compa\u00f1\u00eda en sus largas horas en el campo.<\/p>\n<p style=\"text-align: justify;\">El presidente provincial ha aprovechado el momento para hacer entrega, tanto a los presentadores y presentadoras como a los directores y directoras de las distintas radios de un ejemplar de la obra \u2018La Decana\u2019, del reconocido periodista albacetense Jos\u00e9 S\u00e1nchez de la Rosa, con quien la Diputaci\u00f3n guarda y cuida un v\u00ednculo muy especial porque, adem\u00e1s de haberle apoyado con m\u00faltiples publicaciones que son \u2018historia viva\u2019 de la provincia y de sus protagonistas, patrocina el prestigioso Premio Period\u00edstico \u2018Jos\u00e9 S\u00e1nchez de la Rosa\u2019 que, cada a\u00f1o, entrega la Asociaci\u00f3n de Periodistas de Albacete (APAB) al mejor trabajo period\u00edstico sobre la provincia que se haya publicado en el a\u00f1o previo.<\/p>\n<p style=\"text-align: justify;\">La particularidad de esta \u2018joya\u2019 que les ha regalado Caba\u00f1ero como recuerdo de la Diputaci\u00f3n es que \u2018La Decana\u2019 narra la historia y an\u00e9cdotas de E.A. J. 44 Radio Albacete (SER), primera que nac\u00eda en este territorio, en 1933, aunque fue oficialmente inaugurada en febrero de 1934. Cuevas fue el gerente y Jos\u00e9 Ram\u00edrez Beut su primer director. La primera sede se encontraba en un \u00e1tico de la calle Teodoro Camino, traslad\u00e1ndose en 1935 al Pasaje Lodares y en 1956 a un local ubicado en la calle Mayor.<\/p>\n<p style=\"text-align: justify;\">La entrega de este peque\u00f1o obsequio, que es parte vital de la historia de los medios de comunicaci\u00f3n en general y de la radio en particular, ha sido un gesto de puesta en valor, por parte Caba\u00f1ero, del periodismo local y provincial y de su papel conformador del progreso de toda este territorio al que ha ayudado y ayuda a diario a hacer mejor porque, como siempre suele resaltar, lo que se cuenta y no se conoce, no se valora&#8230;<\/p>\n<p style=\"text-align: justify;\">Una jornada para poner en valor, una vez m\u00e1s, la labor indispensable y vital del periodismo de calidad que se practica en Albacete, apelando a la ciudadan\u00eda a la b\u00fasqueda de esa profesionalidad para acercarse a la actualidad en tiempos donde la crispaci\u00f3n creciente y el desasosiego tienen gran parte de su origen en la proliferaci\u00f3n de noticias falsas y\/o sesgadas.<\/p>\n<p style=\"text-align: justify;\">Lejos de eso, el presidente ha animado a \u201cseguir protegiendo y haciendo valer el gran periodismo\u201d, y ha subrayado su orgullo, no s\u00f3lo por ser la Diputaci\u00f3n un firme apoyo para la actividad de la Asociaci\u00f3n de Periodistas de Albacete, sino por ver que \u201chay cantera y futuro en el oficio\u201d, como demuestran los talleres \u2018El Periodismo en la Escuela\u2019 que la Diputaci\u00f3n promueve cada a\u00f1o el centros educativos de la provincia junto a la propia APAB, o la existencia de colegios donde los ni\u00f1os y ni\u00f1as participan activamente en programas de radio que realizan ellos mismos, caso del CEIP Crist\u00f3bal Col\u00f3n de Albacete. No en vano, algunos de estos y estas \u2018j\u00f3venes periodistas\u2019 han \u2018sonado\u2019, con su \u2018Onda Microl\u00f3n\u2019donde, hace apenas unos d\u00edas, el propio Caba\u00f1ero ten\u00eda ocasi\u00f3n de ser entrevistado por ellos y ellas en el estudio radiof\u00f3nico que tienen en el citado colegio.<\/p>\n<p><!--publicidad-voz03--><a href=\"https:\/\/www.facebook.com\/profile.php?id=100063593791305&amp;locale=es_ES\"><img decoding=\"async\" class=\"alignnone size-medium\" src=\"https:\/\/blogger.googleusercontent.com\/img\/b\/R29vZ2xl\/AVvXsEi8_n_ll8UOcGxCqzFvb_9Io4ICczlGC990BPtPj2w9Px-u7B3oqWUW5vtjZUqPNJ-nyjiUIorE0ATsib_l5tV8BVN-UJ03RTnU__IHJF_4DgDBtY4LIqXNG-FomrO-7ywes20CBCRM2Hcm7EJSh3UUw1dO-c_uTflUrtgY1i7uBRezj_DpympmEFkfbQY\/s1600\/logo-principal2.jpg\" width=\"100%\" height=\"100\" \/><\/a><!--bestpublic-voz03--><!--desk-in-out-voz03--><br \/>\n<!--publicidad-voz04--><a href=\"https:\/\/www.facebook.com\/profile.php?id=61557370768692&amp;locale=es_ES\"><img decoding=\"async\" class=\"alignnone size-medium\" src=\"https:\/\/blogger.googleusercontent.com\/img\/b\/R29vZ2xl\/AVvXsEgy5RdcfffrnrItnYTcV9bCJjgJwldsQLWssfVfrLbyfXeBNTFKgBf0rMIvhrUaGUhiXzVr9_eQgCbi-j63ZDpfTvLIty9w7s140y-m1yHe7eKmEK7v2NAHUJDVYGdfeiQFeRCqUjdwWmN1MX_AUxxz4IVdJ4WIM0APxit8bjWkXzrnEFGqBvW_1F13H1g\/s1600\/logo-principal5.jpg\" width=\"100%\" height=\"100\" \/><\/a><!--bestpublic-voz04--><!--desk-in-out-voz04--><br \/>\n<!--publicidad-voz05--><a href=\"https:\/\/www.facebook.com\/asociaciontamborileroshellin?locale=es_ES\"><img decoding=\"async\" class=\"alignnone size-medium\" src=\"https:\/\/blogger.googleusercontent.com\/img\/b\/R29vZ2xl\/AVvXsEhHEEpZsKK1VpwiYMrS7aE2ujtqIDZoLd4B5wtbiseSU9s2HdTdQfhF84So2XwEB1fv0BLw95GADm6hUl1bkKtzh-eIgVigXONuu_5RxeIMPhjk8q6uNX4EaEHbooKkbu7pCADWPpVJjhKIH5NQSJpWqedC-YBez4QAQeJYokkLot9bhrIaUAeztsGis6M\/s1600\/logo-principal3.jpg\" width=\"100%\" height=\"100\" \/><\/a><!--bestpublic-voz05--><!--desk-in-out-voz05--><br \/>\n<!--publicidad-voz06--><!--bestpublic-voz06--><!--desk-in-out-voz06--><br \/>\n<!--publicidad-voz07--><!--bestpublic-voz07--><!--desk-in-out-voz07--><br \/>\n<!--publicidad-voz08--><!--bestpublic-voz08--><!--desk-in-out-voz08--><br \/>\n<!--publicidad-voz09--><!--bestpublic-voz09--><!--desk-in-out-voz09--><br \/>\n<!--publicidad-voz10--><!--bestpublic-voz10--><!--desk-in-out-voz10--><br \/>\n<!--publicidad-voz11--><!--bestpublic-voz11--><!--desk-in-out-voz11--><br \/>\n<!--publicidad-voz12--><!--bestpublic-voz12--><!--desk-in-out-voz12--><br \/>\n<!--publicidad-voz13--><!--bestpublic-voz13--><!--desk-in-out-voz13--><br \/>\n<!--publicidad-voz14--><!--bestpublic-voz14--><!--desk-in-out-voz14--><br \/>\n<!--publicidad-voz15--><!--bestpublic-voz15--><!--desk-in-out-voz15--><br \/>\n<!--publicidad-voz16--><!--bestpublic-voz16--><!--desk-in-out-voz16--><\/p>\n","protected":false},"excerpt":{"rendered":"<p>La Diputaci\u00f3n de Albacete ha sido protagonista, por partida doble, de la iniciativa organizada para conmemorar el D\u00eda Mundial de la Radio, colaborando con las radios de \u00e1mbito nacional que&#8230;<\/p>\n","protected":false},"author":2,"featured_media":147467,"comment_status":"closed","ping_status":"closed","sticky":false,"template":"","format":"standard","meta":{"footnotes":""},"categories":[752,718,715,716,717],"tags":[],"class_list":["post-147466","post","type-post","status-publish","format-standard","has-post-thumbnail","hentry","category-blog-lv033","category-blogger","category-la-voz-de-hellin","category-la-voz-de-hellin-la-voz-de-hellin","category-noticias"],"_links":{"self":[{"href":"https:\/\/lavozdehellin.com\/noticias\/wp-json\/wp\/v2\/posts\/147466","targetHints":{"allow":["GET"]}}],"collection":[{"href":"https:\/\/lavozdehellin.com\/noticias\/wp-json\/wp\/v2\/posts"}],"about":[{"href":"https:\/\/lavozdehellin.com\/noticias\/wp-json\/wp\/v2\/types\/post"}],"author":[{"embeddable":true,"href":"https:\/\/lavozdehellin.com\/noticias\/wp-json\/wp\/v2\/users\/2"}],"replies":[{"embeddable":true,"href":"https:\/\/lavozdehellin.com\/noticias\/wp-json\/wp\/v2\/comments?post=147466"}],"version-history":[{"count":0,"href":"https:\/\/lavozdehellin.com\/noticias\/wp-json\/wp\/v2\/posts\/147466\/revisions"}],"wp:featuredmedia":[{"embeddable":true,"href":"https:\/\/lavozdehellin.com\/noticias\/wp-json\/wp\/v2\/media\/147467"}],"wp:attachment":[{"href":"https:\/\/lavozdehellin.com\/noticias\/wp-json\/wp\/v2\/media?parent=147466"}],"wp:term":[{"taxonomy":"category","embeddable":true,"href":"https:\/\/lavozdehellin.com\/noticias\/wp-json\/wp\/v2\/categories?post=147466"},{"taxonomy":"post_tag","embeddable":true,"href":"https:\/\/lavozdehellin.com\/noticias\/wp-json\/wp\/v2\/tags?post=147466"}],"curies":[{"name":"wp","href":"https:\/\/api.w.org\/{rel}","templated":true}]}}