{"id":147469,"date":"2024-02-13T13:02:50","date_gmt":"2024-02-13T13:02:50","guid":{"rendered":"https:\/\/lavozdehellin.com\/noticias\/?p=147469"},"modified":"2024-02-20T11:31:56","modified_gmt":"2024-02-20T11:31:56","slug":"v08-054-avanzan-a-buen-ritmo-las-actuaciones-de-mejora-impulsadas-por-la-diputacion-de-albacete-en-el-tramo-ii-del-camino-natural-via-verde-sierra-de-alcaraz-con-una-inversion-de-1-700-000e","status":"publish","type":"post","link":"https:\/\/lavozdehellin.com\/noticias\/v08-054-avanzan-a-buen-ritmo-las-actuaciones-de-mejora-impulsadas-por-la-diputacion-de-albacete-en-el-tramo-ii-del-camino-natural-via-verde-sierra-de-alcaraz-con-una-inversion-de-1-700-000e\/","title":{"rendered":"LVH NOTICIAS | AVANZAN A BUEN RITMO LAS ACTUACIONES DE MEJORA IMPULSADAS POR LA DIPUTACI\u00d3N DE ALBACETE EN EL TRAMO II DEL CAMINO NATURAL V\u00cdA VERDE SIERRA DE ALCARAZ CON UNA INVERSI\u00d3N DE 1.700.000\u20ac"},"content":{"rendered":"<p style=\"text-align: justify;\">El vicepresidente de la Diputaci\u00f3n de Albacete y responsable de Obras, Fran Valera, junto a la diputada del Plan de Recuperaci\u00f3n, Transformaci\u00f3n y Resiliencia, Agenda 2030 y Fondos Europeos, Yolanda Ballesteros, ha supervisado las actuaciones de mejora que la instituci\u00f3n provincial ha impulsado en el Camino Natural V\u00eda Verde (CNVV) Sierra de Alcaraz, en el marco del trabajo que viene realizando el Gobierno de Santi Caba\u00f1ero para mejorar este espacio \u00fanico y avanzar en su dinamizaci\u00f3n y optimizaci\u00f3n \u201cdesde un claro compromiso con la potenciaci\u00f3n de los recursos tur\u00edsticos y la promoci\u00f3n de los espacios naturales\u201d<\/p>\n<p><!--more--><br \/>\n<!--publicidad-voz01--><a href=\"https:\/\/www.facebook.com\/SoloRadioHellin\/?locale=es_ES\"><img decoding=\"async\" class=\"alignnone size-medium\" src=\"https:\/\/blogger.googleusercontent.com\/img\/b\/R29vZ2xl\/AVvXsEiNncirNnyGedv00mhjZjh5Wl4_YPdJGanoAl8tL8zH-HwqE8uHqjEfSt340RHdx-9tuCSIkZ8rFamZiGyYlgDGxCsmXjCH_1xk5eYM3ntFZRvJP_jndOKR7w1UAo9Tu0vrZyOLfqRpHIxYI5SymJJ-pfGCQw6QVpggBH-UgfjiFQ2JOxqxG0Jx94kW83c\/s1600\/logo-principal.jpg\" width=\"100%\" height=\"100\" \/><\/a><!--bestpublic-voz01--><!--desk-in-out-voz01--><br \/>\n<!--publicidad-voz02--><a href=\"https:\/\/www.hellincf.com\/\"><img decoding=\"async\" class=\"alignnone size-medium\" src=\"https:\/\/blogger.googleusercontent.com\/img\/b\/R29vZ2xl\/AVvXsEhuZ4-XfBVj3UtdP8-RZugy3WVrg-Zv28c53m4oV47qYCxL1rX_dqWX_YddsGSnpH5SRDqZ7bZeKPIfDVCDncpjVlhy3aQs2vojcJBn7Gdv9hC2_Nzct_pRFrnFE1a7KTCdY1bT_kAgnY3-iadRZrGeJf1fR2P5fu11bokx0pWjaypoy-ctwCjklldpEbA\/s1600\/logo-principal7.jpg\" width=\"100%\" height=\"100\" \/><\/a><!--bestpublic-voz02--><!--desk-in-out-voz02--><\/p>\n<p style=\"text-align: justify;\">Valera y Ballesteros, junto al jefe de servicio de la subdirecci\u00f3n general de Caminos Naturales e Infraestructuras Rurales, Juan Arturo Gim\u00e9nez, han visitado las obras que se est\u00e1n acometiendo en el tramo II de este trazado, de Balazote a El Jard\u00edn, para adaptarlo a la normativa de Caminos Naturales para su uso por cicloturistas y caminantes. Esta actuaci\u00f3n alcanza cerca de 20 km y cuenta con una inversi\u00f3n superior a 1.700.000 \u20ac financiada por el Ministerio de Agricultura, Pesca y Alimentaci\u00f3n, al que los responsables provinciales han agradecido su colaboraci\u00f3n e implicaci\u00f3n.<\/p>\n<p style=\"text-align: justify;\">As\u00ed, los trabajos que se est\u00e1n llevando a cabo en esta zona, cuya finalizaci\u00f3n est\u00e1 prevista para este 2024, incluyen la mejora del firme, la construcci\u00f3n de muros y otro tipo de elementos de sujeci\u00f3n y la contenci\u00f3n de taludes en los casos necesarios, as\u00ed como la reposici\u00f3n de talanqueras da\u00f1adas o la mejora de obras hidrol\u00f3gicas.<\/p>\n<p style=\"text-align: justify;\">Adem\u00e1s, en las intersecciones con viales de tr\u00e1fico elevado se han proyectado cruces a distinto nivel, as\u00ed como la construcci\u00f3n de una pasarela elevada sobre la carretera (CM-313) para evitar que los usuarios y usuarias tengan que cruzar la calzada. Actuaciones que se completan con la demolici\u00f3n de diferentes casillas ferroviarias existentes a lo largo del trazado, favoreciendo la seguridad del mismo, al tiempo que se instalar\u00e1n hitos met\u00e1licos extra\u00edbles para impedir la entrada de veh\u00edculos al camino natural.<\/p>\n<p style=\"text-align: justify;\">En lo relativo al firme del trazado, primero se est\u00e1 actuando sobre la capa de rodadura existente realizando un perfilado y refinado previo para, posteriormente, llevar a cabo una compactaci\u00f3n del terreno, al tiempo que se est\u00e1n limpiando las cunetas. Y en cuanto a los t\u00faneles, el proyecto contempla la retirada de los restos p\u00e9treos que se acumulaban a sus entradas, ya que los interiores est\u00e1n bien conservados.<\/p>\n<p style=\"text-align: justify;\">Del mismo modo, esta obra incluye una actuaci\u00f3n espec\u00edfica en el r\u00edo Mir\u00f3n para encauzar el caudal mediante el uso de marcos prefabricados de hormig\u00f3n haciendo visible sus aleda\u00f1os.<\/p>\n<p style=\"text-align: justify;\">Finalmente, estas acciones se completan con un importante trabajo de equipamiento del propio CNVV, con la adaptaci\u00f3n de la se\u00f1alizaci\u00f3n actual y la instalaci\u00f3n de se\u00f1ales de car\u00e1cter informativo, direccional, preventivo y tem\u00e1tico.<\/p>\n<p style=\"text-align: justify;\">Valera subraya que este CNVV es un recurso tur\u00edstico \u201cclave\u201d en la comarca y reitera el compromiso de la Diputaci\u00f3n para su puesta en valor y dinamizaci\u00f3n<\/p>\n<p style=\"text-align: justify;\">Valera ha valorado muy positivamente la evoluci\u00f3n de los trabajos, apuntando que estos, sumados a los que ya se han realizado y a aquellos que se seguir\u00e1n efectuando, son claves para optimizar y potenciar \u201ceste recurso tur\u00edstico clave\u201d en la comarca Sierra de Alcaraz y Campo de Montiel, lo que, a su vez, permite afianzar mecanismos de desarrollo rural que crean oportunidades econ\u00f3micas, mejoran la calidad de vida en las comunidades locales y hacen frente a la despoblaci\u00f3n, \u201ccontribuyendo a crear una provincia viva\u201d.<\/p>\n<p style=\"text-align: justify;\">En este sentido, el responsable provincial ha explicado, a modo de ejemplo, que en los \u00faltimos tiempos la Diputaci\u00f3n ha efectuado mejoras en el CNVV Sierra de Alcaraz que, en lo relativo a la seguridad, el trazado y el mantenimiento (se\u00f1al\u00e9tica o talanqueras) han supuesto una inversi\u00f3n de unos 500.000 \u20ac. A las que se unen las labores de refuerzo de los puntos de control, instalando dos m\u00e1s en 2023 que suman un total de cuatro a lo largo de todo el recorrido, siendo claves para tener datos reales del uso de esta ruta.<\/p>\n<p style=\"text-align: justify;\">Asimismo, ha se\u00f1alado que en el \u00e1mbito de la dinamizaci\u00f3n, para la que la instituci\u00f3n provincial aumentar\u00e1 la dotaci\u00f3n presupuestaria en este 2024, se han consolidado actividades deportivas y de turismo activo diversas que crecen en popularidad (como la Mega Race, la Ruta Senderista al Santuario de Cortes, o la Gran Fondo Sierra de Alcaraz, entre otras).<\/p>\n<p style=\"text-align: justify;\">Destaca tambi\u00e9n la colaboraci\u00f3n con la \u2018Asociaci\u00f3n de Turismo Cuatro Cuencas\u2019 para hacer una mesa de trabajo conjunta donde \u00e9sta representa a Administraciones Locales y al tejido empresarial de la zona de paso del CNVV; o la celebraci\u00f3n de Jornadas con empresariado del sector en el territorio, asociaciones y administraciones de otras provincias con el fin de establecer sinergias que potencien los productos locales, generen sinergias y favorezcan proyectos conjuntos en torno a la V\u00eda Verde. Ya han tenido lugar dos ediciones de este tipo en la provincia de Albacete: el primero fue en Villapalacios; y el segundo, en San Pedro.<\/p>\n<p style=\"text-align: justify;\">La Diputaci\u00f3n trabaja para dotar de mayor visibilidad a este CNVV<\/p>\n<p style=\"text-align: justify;\">Fran Valera ha tenido la oportunidad de detallar que, en la actualidad, tambi\u00e9n se est\u00e1 trabajando para darle una mayor visibilidad a este recurso a trav\u00e9s de campa\u00f1as de promoci\u00f3n mediante las redes sociales, con contenidos actualizados donde se mostrar\u00e1n los recursos, actividades y todas sus potencialidades. \u201cHaciendo m\u00e1s atractivo, si cabe, este recorrido para los y las visitantes\u201d, como ha apuntado, a\u00f1adiendo que a lo largo de todo el a\u00f1o se llevan a cabo en la zona trabajos de mantenimiento a cargo del propio personal de la Diputaci\u00f3n (poda de las zonas, tratamiento de la procesionaria, mantenimiento del firme con las m\u00e1quinas del Parque M\u00f3vil, reparaciones y revisiones de la iluminaci\u00f3n de los t\u00faneles y vigilancia durante fines de semana y festivos).<\/p>\n<p style=\"text-align: justify;\">Valera destaca el trabajo conjunto de las Diputaciones de Albacete y Ja\u00e9n<\/p>\n<p style=\"text-align: justify;\">Adem\u00e1s, ha recordado que la Diputaci\u00f3n de Albacete, en coordinaci\u00f3n con la de Ja\u00e9n, vienen trabajando conjuntamente en este Camino Natural que conecta ambos territorios, dejando claro que a ambas provincias les une mucho m\u00e1s que este trazado, en alusi\u00f3n a la apuesta clara que vienen realizando por un desarrollo sostenible desde la igualdad de oportunidades entre personas y entre territorios.<\/p>\n<p style=\"text-align: justify;\">Cabe recordar que recientemente (durante la Feria Internacional de Turismo \u2013 FITUR) los presidentes de la instituci\u00f3n provincial de Albacete (Santi Caba\u00f1ero) y de la de Ja\u00e9n (Francisco Reyes) presentaron \u2018un frente com\u00fan\u2019 para promocionar este CNVV, dando a conocer un folleto conjunto sobre este recurso natural que enlaza ambos territorios de la mano de ese antiguo e inconcluso recorrido del ferrocarril Baeza-Utiel que, como ha confiado Valera, finalmente podr\u00e1 cumplir, al menos en parte, este cometido \u201cgracias a este trabajo conjunto que venimos realizando ambas administraciones\u201d.<\/p>\n<p><!--publicidad-voz03--><a href=\"https:\/\/www.facebook.com\/profile.php?id=100063593791305&amp;locale=es_ES\"><img decoding=\"async\" class=\"alignnone size-medium\" src=\"https:\/\/blogger.googleusercontent.com\/img\/b\/R29vZ2xl\/AVvXsEi8_n_ll8UOcGxCqzFvb_9Io4ICczlGC990BPtPj2w9Px-u7B3oqWUW5vtjZUqPNJ-nyjiUIorE0ATsib_l5tV8BVN-UJ03RTnU__IHJF_4DgDBtY4LIqXNG-FomrO-7ywes20CBCRM2Hcm7EJSh3UUw1dO-c_uTflUrtgY1i7uBRezj_DpympmEFkfbQY\/s1600\/logo-principal2.jpg\" width=\"100%\" height=\"100\" \/><\/a><!--bestpublic-voz03--><!--desk-in-out-voz03--><br \/>\n<!--publicidad-voz04--><a href=\"https:\/\/www.facebook.com\/profile.php?id=61557370768692&amp;locale=es_ES\"><img decoding=\"async\" class=\"alignnone size-medium\" src=\"https:\/\/blogger.googleusercontent.com\/img\/b\/R29vZ2xl\/AVvXsEgy5RdcfffrnrItnYTcV9bCJjgJwldsQLWssfVfrLbyfXeBNTFKgBf0rMIvhrUaGUhiXzVr9_eQgCbi-j63ZDpfTvLIty9w7s140y-m1yHe7eKmEK7v2NAHUJDVYGdfeiQFeRCqUjdwWmN1MX_AUxxz4IVdJ4WIM0APxit8bjWkXzrnEFGqBvW_1F13H1g\/s1600\/logo-principal5.jpg\" width=\"100%\" height=\"100\" \/><\/a><!--bestpublic-voz04--><!--desk-in-out-voz04--><br \/>\n<!--publicidad-voz05--><a href=\"https:\/\/www.facebook.com\/asociaciontamborileroshellin?locale=es_ES\"><img decoding=\"async\" class=\"alignnone size-medium\" src=\"https:\/\/blogger.googleusercontent.com\/img\/b\/R29vZ2xl\/AVvXsEhHEEpZsKK1VpwiYMrS7aE2ujtqIDZoLd4B5wtbiseSU9s2HdTdQfhF84So2XwEB1fv0BLw95GADm6hUl1bkKtzh-eIgVigXONuu_5RxeIMPhjk8q6uNX4EaEHbooKkbu7pCADWPpVJjhKIH5NQSJpWqedC-YBez4QAQeJYokkLot9bhrIaUAeztsGis6M\/s1600\/logo-principal3.jpg\" width=\"100%\" height=\"100\" \/><\/a><!--bestpublic-voz05--><!--desk-in-out-voz05--><br \/>\n<!--publicidad-voz06--><!--bestpublic-voz06--><!--desk-in-out-voz06--><br \/>\n<!--publicidad-voz07--><!--bestpublic-voz07--><!--desk-in-out-voz07--><br \/>\n<!--publicidad-voz08--><!--bestpublic-voz08--><!--desk-in-out-voz08--><br \/>\n<!--publicidad-voz09--><!--bestpublic-voz09--><!--desk-in-out-voz09--><br \/>\n<!--publicidad-voz10--><!--bestpublic-voz10--><!--desk-in-out-voz10--><br \/>\n<!--publicidad-voz11--><!--bestpublic-voz11--><!--desk-in-out-voz11--><br \/>\n<!--publicidad-voz12--><!--bestpublic-voz12--><!--desk-in-out-voz12--><br \/>\n<!--publicidad-voz13--><!--bestpublic-voz13--><!--desk-in-out-voz13--><br \/>\n<!--publicidad-voz14--><!--bestpublic-voz14--><!--desk-in-out-voz14--><br \/>\n<!--publicidad-voz15--><!--bestpublic-voz15--><!--desk-in-out-voz15--><br \/>\n<!--publicidad-voz16--><!--bestpublic-voz16--><!--desk-in-out-voz16--><\/p>\n","protected":false},"excerpt":{"rendered":"<p>El vicepresidente de la Diputaci\u00f3n de Albacete y responsable de Obras, Fran Valera, junto a la diputada del Plan de Recuperaci\u00f3n, Transformaci\u00f3n y Resiliencia, Agenda 2030 y Fondos Europeos, Yolanda&#8230;<\/p>\n","protected":false},"author":2,"featured_media":147470,"comment_status":"closed","ping_status":"closed","sticky":false,"template":"","format":"standard","meta":{"footnotes":""},"categories":[752,718,715,716,717],"tags":[],"class_list":["post-147469","post","type-post","status-publish","format-standard","has-post-thumbnail","hentry","category-blog-lv033","category-blogger","category-la-voz-de-hellin","category-la-voz-de-hellin-la-voz-de-hellin","category-noticias"],"_links":{"self":[{"href":"https:\/\/lavozdehellin.com\/noticias\/wp-json\/wp\/v2\/posts\/147469","targetHints":{"allow":["GET"]}}],"collection":[{"href":"https:\/\/lavozdehellin.com\/noticias\/wp-json\/wp\/v2\/posts"}],"about":[{"href":"https:\/\/lavozdehellin.com\/noticias\/wp-json\/wp\/v2\/types\/post"}],"author":[{"embeddable":true,"href":"https:\/\/lavozdehellin.com\/noticias\/wp-json\/wp\/v2\/users\/2"}],"replies":[{"embeddable":true,"href":"https:\/\/lavozdehellin.com\/noticias\/wp-json\/wp\/v2\/comments?post=147469"}],"version-history":[{"count":0,"href":"https:\/\/lavozdehellin.com\/noticias\/wp-json\/wp\/v2\/posts\/147469\/revisions"}],"wp:featuredmedia":[{"embeddable":true,"href":"https:\/\/lavozdehellin.com\/noticias\/wp-json\/wp\/v2\/media\/147470"}],"wp:attachment":[{"href":"https:\/\/lavozdehellin.com\/noticias\/wp-json\/wp\/v2\/media?parent=147469"}],"wp:term":[{"taxonomy":"category","embeddable":true,"href":"https:\/\/lavozdehellin.com\/noticias\/wp-json\/wp\/v2\/categories?post=147469"},{"taxonomy":"post_tag","embeddable":true,"href":"https:\/\/lavozdehellin.com\/noticias\/wp-json\/wp\/v2\/tags?post=147469"}],"curies":[{"name":"wp","href":"https:\/\/api.w.org\/{rel}","templated":true}]}}