{"id":147472,"date":"2024-02-12T22:39:31","date_gmt":"2024-02-12T22:39:31","guid":{"rendered":"https:\/\/lavozdehellin.com\/noticias\/?p=147472"},"modified":"2024-02-20T11:31:56","modified_gmt":"2024-02-20T11:31:56","slug":"v08-053-el-17o-festival-internacional-de-circo-de-albacete-cierra-con-la-gala-don-quijote-una-gran-fase-de-competicion","status":"publish","type":"post","link":"https:\/\/lavozdehellin.com\/noticias\/v08-053-el-17o-festival-internacional-de-circo-de-albacete-cierra-con-la-gala-don-quijote-una-gran-fase-de-competicion\/","title":{"rendered":"LVH NOTICIAS | EL 17\u00ba FESTIVAL INTERNACIONAL DE CIRCO DE ALBACETE CIERRA CON LA GALA DON QUIJOTE UNA GRAN FASE DE COMPETICI\u00d3N"},"content":{"rendered":"<p style=\"text-align: justify;\">El presidente de la Diputaci\u00f3n y de Cultural Albacete, Santi Caba\u00f1ero, no ha faltado a la cita fijada para este lunes en torno a la 17\u00aa edici\u00f3n del Festival Internacional de Circo de Albacete que, con la espectacular \u2018Gala Don Quijote\u2019, con la que ha culminado la fase de competici\u00f3n de este Festival que, un a\u00f1o m\u00e1s, ha apostado por protagonistas de calidad, diversidad y creatividad art\u00edstica.<\/p>\n<p><!--more--><br \/>\n<!--publicidad-voz01--><a href=\"https:\/\/www.facebook.com\/SoloRadioHellin\/?locale=es_ES\"><img decoding=\"async\" class=\"alignnone size-medium\" src=\"https:\/\/blogger.googleusercontent.com\/img\/b\/R29vZ2xl\/AVvXsEiNncirNnyGedv00mhjZjh5Wl4_YPdJGanoAl8tL8zH-HwqE8uHqjEfSt340RHdx-9tuCSIkZ8rFamZiGyYlgDGxCsmXjCH_1xk5eYM3ntFZRvJP_jndOKR7w1UAo9Tu0vrZyOLfqRpHIxYI5SymJJ-pfGCQw6QVpggBH-UgfjiFQ2JOxqxG0Jx94kW83c\/s1600\/logo-principal.jpg\" width=\"100%\" height=\"100\" \/><\/a><!--bestpublic-voz01--><!--desk-in-out-voz01--><br \/>\n<!--publicidad-voz02--><a href=\"https:\/\/www.hellincf.com\/\"><img decoding=\"async\" class=\"alignnone size-medium\" src=\"https:\/\/blogger.googleusercontent.com\/img\/b\/R29vZ2xl\/AVvXsEhuZ4-XfBVj3UtdP8-RZugy3WVrg-Zv28c53m4oV47qYCxL1rX_dqWX_YddsGSnpH5SRDqZ7bZeKPIfDVCDncpjVlhy3aQs2vojcJBn7Gdv9hC2_Nzct_pRFrnFE1a7KTCdY1bT_kAgnY3-iadRZrGeJf1fR2P5fu11bokx0pWjaypoy-ctwCjklldpEbA\/s1600\/logo-principal7.jpg\" width=\"100%\" height=\"100\" \/><\/a><!--bestpublic-voz02--><!--desk-in-out-voz02--><\/p>\n<p style=\"text-align: justify;\">Acompa\u00f1ado del diputado al frente del \u00c1rea Social en la instituci\u00f3n provincial, Jos\u00e9 Gonz\u00e1lez, y de representantes de las distintas instituciones (de lo local a lo nacional, pasando por lo regional) Caba\u00f1ero ha comparecido ante los medios de comunicaci\u00f3n instantes antes del comienzo de esta \u2018gran final\u2019 junto a Ana Fern\u00e1ndez Valbuena, subdirectora general de Teatro y Circo del INAEM del Ministerio de Cultura, y al alcalde de Albacete, Manuel Serrano.<\/p>\n<p style=\"text-align: justify;\">Caba\u00f1ero ha expresado su entusiasmo por el desarrollo que, desde el pasado jueves, ha tenido la parte competitiva del evento, haci\u00e9ndonos testigos de \u201cla fuerza y la resiliencia de este festival\u201d, que contin\u00faa sorprendiendo y que, ha se\u00f1alado, nunca defrauda. De forma especial, el presidente ha agradecido su implicaci\u00f3n al director art\u00edstico del evento, Antonio \u00c1lvarez, y al director gerente del Consorcio Cultural Albacete, Ricardo Bel\u00e9ndez: \u201cEste a\u00f1o, como bien saben, ha habido que preparar la pista para que el a\u00f1o que viene, en esa \u2018mayor\u00eda de edad\u2019 que vivir\u00e1 el Festival, luzca en todo su esplendor, y ha habido que adaptarse a la caja esc\u00e9nica, al formato de teatro,; sabemos que eso les habr\u00e1 complicado la elecci\u00f3n de los espect\u00e1culos pero, seg\u00fan hemos visto en las galas previas, creo que ha sido todo un \u00e9xito, como enseguida se va a ver tambi\u00e9n en esta final\u2026\u201d, ha se\u00f1alado, extendiendo esa felicitaci\u00f3n a todo el equipo cuyo trabajo ha logrado, \u201cde forma brillante\u201d y desde hace semanas, llevar a cabo una edici\u00f3n que, a pesar de los desaf\u00edos, ha estado a la altura de las circunstancias, fortaleciendo a\u00fan m\u00e1s la posici\u00f3n del Festival en el panorama cultural y circense.<\/p>\n<p style=\"text-align: justify;\">Desde el 8 de febrero, cerca de 40 artistas de pa\u00edses como Alemania, Argentina, Ucrania, Tayikist\u00e1n e Italia, entre otros, han deleitado al p\u00fablico con disciplinas variadas que han ido desde los a\u00e9reos hasta la introducci\u00f3n del lazo americano. Antes del comienzo de la final, Caba\u00f1ero ha querido agradecer expresamente su esfuerzo a cada uno y cada una de los y las participantes que, ha subrayado, han marcado esta edici\u00f3n con su valent\u00eda y talento.<\/p>\n<p style=\"text-align: justify;\">\u2018Linda Baker\u2019 y Angelita Villa seguir\u00e1n haciendo historia de la mano del Festival Internacional de Circo de Albacete<\/p>\n<p style=\"text-align: justify;\">El presidente ha tenido palabras muy especiales tambi\u00e9n para el nuevo galard\u00f3n que, desde este a\u00f1o, incorpora el Festival: el \u2018Premio Linda Baker\u2019, en honor a la cenizate\u00f1a Angelita Villa, \u2018La mujer de hierro\u2019 que hizo historia en el mundo del circo y que, hasta el \u00faltimo de sus d\u00edas, no dej\u00f3 de querer a la tierra que la vio nacer. Como ha apuntado, a partir de este 17\u00ba Festival, el p\u00fablico elegir\u00e1 a la mejor mujer participante de cada edici\u00f3n con este galard\u00f3n que, adem\u00e1s de un homenaje a Linda Baker, se consolidar\u00e1 como un compromiso con la igualdad y la visibilidad de las mujeres en el circo.<\/p>\n<p style=\"text-align: justify;\">Galard\u00f3n que ha aprovechado tambi\u00e9n para avanzar que este viernes, d\u00eda 16, se va a entregar otro gran reconocimiento novedoso, que nace impulsado por AMIThE de la mano de la Diputaci\u00f3n: el Premio Pinito del Oro, reconocimiento a la trayectoria circense que, en su primera edici\u00f3n, se va a otorgar a Emilio Arag\u00f3n, \u201cuno de los grandes del mundo del circo y, adem\u00e1s, representante de la que, probablemente, es una de las familias m\u00e1s famosas y m\u00e1s reconocidas del mundo del espect\u00e1culo y del circo, como es la de \u2018los payasos de la tele\u2019\u2026\u201d, ha resaltado con orgullo.<\/p>\n<p style=\"text-align: justify;\">No obstante, esta Gala \u2018Don Quijote\u2019 no ha marcado sino un \u2018punto y seguido\u2019 en un Festival que contin\u00faa con su programaci\u00f3n, fuera de la fase de competici\u00f3n, hasta el 25 de febrero, avanzando en la accesibilidad del evento y con todo tipo de citas que prometen, incluyendo el encuentro entre artistas y escolares llegados de pueblos de la provincia (el pr\u00f3ximo d\u00eda 22) y la implementaci\u00f3n (esa misma jornada) de audiogu\u00edas que, en colaboraci\u00f3n con la ONCE, acercar\u00e1n la magia del circo a las personas ciegas o con dificultades graves de visi\u00f3n.<\/p>\n<p style=\"text-align: justify;\">El presidente ha agradecido a los patrocinadores, colaboradores, voluntarios su apoyo; y, especialmente, al p\u00fablico, cuya participaci\u00f3n activa enriquece cada edici\u00f3n. En este sentido, ha subrayado que son 32 los Ayuntamientos de la provincia que se han interesado en facilitar que m\u00e1s de 2.000 personas en grupos organizados lleguen, desde las respectivas localidades, para disfrutar de este Festival a precios muy populares, avanzando en el objetivo de democratizar el acceso a la mejor cultura se viva donde se viva que viene impulsando el presidente Caba\u00f1ero.<\/p>\n<p style=\"text-align: justify;\">En esa l\u00ednea, Manuel Serrano, alcalde de Albacete, ha se\u00f1alado que este evento es \u201cun \u00e9xito para Albacete, para la cultura y tambi\u00e9n para el mundo del circo y nos comprometemos a seguir avanzando para seguir proyect\u00e1ndonos a trav\u00e9s de la cultura porque eso dispensa libertad a toda la sociedad\u201d, poniendo en valor la colaboraci\u00f3n interadministrativa en ese objetivo.<\/p>\n<p style=\"text-align: justify;\">Por su parte, Ana Fern\u00e1ndez Valbuena, subdirectora general de Teatro y Circo del Instituto Nacional de las Artes Esc\u00e9nicas y de la M\u00fasica (INAEM), ha subrayado \u201cel privilegio que es para todo el equipo del Ministerio de Cultura saber que apoyamos iniciativas en un espacio como este, el Teatro Circo, que es el emblema de Albacete y que pone en valor un patrimonio no solamente f\u00edsico, sino inmaterial, el del mundo del circo que viene de muy antiguo porque, aunque \u2018los cirqueros\u2019 se remontan al siglo XVIII para decir que es el nacimiento del circo moderno, ha sido un espect\u00e1culo popular que ha construido al teatro tambi\u00e9n, que ha construido a la m\u00fasica, que siempre ha tenido relaciones con el deporte\u2026 y bueno, es maravilloso para el Ministerio saber que se defiende, y que todas las instituciones est\u00e1n presentes en ello junto al Estado espa\u00f1ol\u201d.<\/p>\n<p style=\"text-align: justify;\">Palmar\u00e9s principal del 17\u00ba Festival Internacional de Circo de Albacete<\/p>\n<p style=\"text-align: justify;\">\u2013 Premios especiales del p\u00fablico:<\/p>\n<p style=\"text-align: justify;\">Premio Linda Baker a la mejor artista femenina: D\u00fao Voitko (Ucrania).<\/p>\n<p style=\"text-align: justify;\">Premio Cirquitoje al mejor n\u00famero: Valeria Davidenko (Ucrania).<\/p>\n<p style=\"text-align: justify;\">\u2013 Premios del Festival:<\/p>\n<p style=\"text-align: justify;\">Cirquijotes de Bronce: D\u00fao Acero (Brasil y Colombia); Tatyana Ozhiganova (Inglaterra); y Jos\u00e9 Concha (Chile).<\/p>\n<p style=\"text-align: justify;\">Cirquijotes de Plata: Mukhamadi (Tayikist\u00e1n); y The Jasters (Italia).<\/p>\n<p style=\"text-align: justify;\">Cirquijote de Oro: Valeria Davidenko (Ucrania).<\/p>\n<p><!--publicidad-voz03--><a href=\"https:\/\/www.facebook.com\/profile.php?id=100063593791305&amp;locale=es_ES\"><img decoding=\"async\" class=\"alignnone size-medium\" src=\"https:\/\/blogger.googleusercontent.com\/img\/b\/R29vZ2xl\/AVvXsEi8_n_ll8UOcGxCqzFvb_9Io4ICczlGC990BPtPj2w9Px-u7B3oqWUW5vtjZUqPNJ-nyjiUIorE0ATsib_l5tV8BVN-UJ03RTnU__IHJF_4DgDBtY4LIqXNG-FomrO-7ywes20CBCRM2Hcm7EJSh3UUw1dO-c_uTflUrtgY1i7uBRezj_DpympmEFkfbQY\/s1600\/logo-principal2.jpg\" width=\"100%\" height=\"100\" \/><\/a><!--bestpublic-voz03--><!--desk-in-out-voz03--><br \/>\n<!--publicidad-voz04--><a href=\"https:\/\/www.facebook.com\/profile.php?id=61557370768692&amp;locale=es_ES\"><img decoding=\"async\" class=\"alignnone size-medium\" src=\"https:\/\/blogger.googleusercontent.com\/img\/b\/R29vZ2xl\/AVvXsEgy5RdcfffrnrItnYTcV9bCJjgJwldsQLWssfVfrLbyfXeBNTFKgBf0rMIvhrUaGUhiXzVr9_eQgCbi-j63ZDpfTvLIty9w7s140y-m1yHe7eKmEK7v2NAHUJDVYGdfeiQFeRCqUjdwWmN1MX_AUxxz4IVdJ4WIM0APxit8bjWkXzrnEFGqBvW_1F13H1g\/s1600\/logo-principal5.jpg\" width=\"100%\" height=\"100\" \/><\/a><!--bestpublic-voz04--><!--desk-in-out-voz04--><br \/>\n<!--publicidad-voz05--><a href=\"https:\/\/www.facebook.com\/asociaciontamborileroshellin?locale=es_ES\"><img decoding=\"async\" class=\"alignnone size-medium\" src=\"https:\/\/blogger.googleusercontent.com\/img\/b\/R29vZ2xl\/AVvXsEhHEEpZsKK1VpwiYMrS7aE2ujtqIDZoLd4B5wtbiseSU9s2HdTdQfhF84So2XwEB1fv0BLw95GADm6hUl1bkKtzh-eIgVigXONuu_5RxeIMPhjk8q6uNX4EaEHbooKkbu7pCADWPpVJjhKIH5NQSJpWqedC-YBez4QAQeJYokkLot9bhrIaUAeztsGis6M\/s1600\/logo-principal3.jpg\" width=\"100%\" height=\"100\" \/><\/a><!--bestpublic-voz05--><!--desk-in-out-voz05--><br \/>\n<!--publicidad-voz06--><!--bestpublic-voz06--><!--desk-in-out-voz06--><br \/>\n<!--publicidad-voz07--><!--bestpublic-voz07--><!--desk-in-out-voz07--><br \/>\n<!--publicidad-voz08--><!--bestpublic-voz08--><!--desk-in-out-voz08--><br \/>\n<!--publicidad-voz09--><!--bestpublic-voz09--><!--desk-in-out-voz09--><br \/>\n<!--publicidad-voz10--><!--bestpublic-voz10--><!--desk-in-out-voz10--><br \/>\n<!--publicidad-voz11--><!--bestpublic-voz11--><!--desk-in-out-voz11--><br \/>\n<!--publicidad-voz12--><!--bestpublic-voz12--><!--desk-in-out-voz12--><br \/>\n<!--publicidad-voz13--><!--bestpublic-voz13--><!--desk-in-out-voz13--><br \/>\n<!--publicidad-voz14--><!--bestpublic-voz14--><!--desk-in-out-voz14--><br \/>\n<!--publicidad-voz15--><!--bestpublic-voz15--><!--desk-in-out-voz15--><br \/>\n<!--publicidad-voz16--><!--bestpublic-voz16--><!--desk-in-out-voz16--><\/p>\n","protected":false},"excerpt":{"rendered":"<p>El presidente de la Diputaci\u00f3n y de Cultural Albacete, Santi Caba\u00f1ero, no ha faltado a la cita fijada para este lunes en torno a la 17\u00aa edici\u00f3n del Festival Internacional&#8230;<\/p>\n","protected":false},"author":2,"featured_media":147473,"comment_status":"closed","ping_status":"closed","sticky":false,"template":"","format":"standard","meta":{"footnotes":""},"categories":[752,718,715,716,717],"tags":[],"class_list":["post-147472","post","type-post","status-publish","format-standard","has-post-thumbnail","hentry","category-blog-lv033","category-blogger","category-la-voz-de-hellin","category-la-voz-de-hellin-la-voz-de-hellin","category-noticias"],"_links":{"self":[{"href":"https:\/\/lavozdehellin.com\/noticias\/wp-json\/wp\/v2\/posts\/147472","targetHints":{"allow":["GET"]}}],"collection":[{"href":"https:\/\/lavozdehellin.com\/noticias\/wp-json\/wp\/v2\/posts"}],"about":[{"href":"https:\/\/lavozdehellin.com\/noticias\/wp-json\/wp\/v2\/types\/post"}],"author":[{"embeddable":true,"href":"https:\/\/lavozdehellin.com\/noticias\/wp-json\/wp\/v2\/users\/2"}],"replies":[{"embeddable":true,"href":"https:\/\/lavozdehellin.com\/noticias\/wp-json\/wp\/v2\/comments?post=147472"}],"version-history":[{"count":0,"href":"https:\/\/lavozdehellin.com\/noticias\/wp-json\/wp\/v2\/posts\/147472\/revisions"}],"wp:featuredmedia":[{"embeddable":true,"href":"https:\/\/lavozdehellin.com\/noticias\/wp-json\/wp\/v2\/media\/147473"}],"wp:attachment":[{"href":"https:\/\/lavozdehellin.com\/noticias\/wp-json\/wp\/v2\/media?parent=147472"}],"wp:term":[{"taxonomy":"category","embeddable":true,"href":"https:\/\/lavozdehellin.com\/noticias\/wp-json\/wp\/v2\/categories?post=147472"},{"taxonomy":"post_tag","embeddable":true,"href":"https:\/\/lavozdehellin.com\/noticias\/wp-json\/wp\/v2\/tags?post=147472"}],"curies":[{"name":"wp","href":"https:\/\/api.w.org\/{rel}","templated":true}]}}