{"id":147478,"date":"2024-02-12T11:58:24","date_gmt":"2024-02-12T11:58:24","guid":{"rendered":"https:\/\/lavozdehellin.com\/noticias\/?p=147478"},"modified":"2024-02-20T11:31:56","modified_gmt":"2024-02-20T11:31:56","slug":"v08-051-antigua-celebra-su-22a-edicion-del-16-al-18-de-febrero-sumando-un-ano-mas-el-apoyo-de-la-diputacion-de-albacete","status":"publish","type":"post","link":"https:\/\/lavozdehellin.com\/noticias\/v08-051-antigua-celebra-su-22a-edicion-del-16-al-18-de-febrero-sumando-un-ano-mas-el-apoyo-de-la-diputacion-de-albacete\/","title":{"rendered":"LVH NOTICIAS | \u2018ANTIGUA\u2019 CELEBRA SU 22\u00aa EDICI\u00d3N DEL 16 AL 18 DE FEBRERO SUMANDO, UN A\u00d1O M\u00c1S, EL APOYO DE LA DIPUTACI\u00d3N DE ALBACETE"},"content":{"rendered":"<p style=\"text-align: justify;\">La Feria de Antig\u00fcedades, Almoneda y Vintage de Albacete, \u2018Antigua\u2019, se celebrar\u00e1 los pr\u00f3ximos 16, 17 y 18 de febrero en el recinto de la Instituci\u00f3n Ferial (IFAB) en la capital.<\/p>\n<p><!--more--><br \/>\n<!--publicidad-voz01--><a href=\"https:\/\/www.facebook.com\/SoloRadioHellin\/?locale=es_ES\"><img decoding=\"async\" class=\"alignnone size-medium\" src=\"https:\/\/blogger.googleusercontent.com\/img\/b\/R29vZ2xl\/AVvXsEiNncirNnyGedv00mhjZjh5Wl4_YPdJGanoAl8tL8zH-HwqE8uHqjEfSt340RHdx-9tuCSIkZ8rFamZiGyYlgDGxCsmXjCH_1xk5eYM3ntFZRvJP_jndOKR7w1UAo9Tu0vrZyOLfqRpHIxYI5SymJJ-pfGCQw6QVpggBH-UgfjiFQ2JOxqxG0Jx94kW83c\/s1600\/logo-principal.jpg\" width=\"100%\" height=\"100\" \/><\/a><!--bestpublic-voz01--><!--desk-in-out-voz01--><br \/>\n<!--publicidad-voz02--><a href=\"https:\/\/www.hellincf.com\/\"><img decoding=\"async\" class=\"alignnone size-medium\" src=\"https:\/\/blogger.googleusercontent.com\/img\/b\/R29vZ2xl\/AVvXsEhuZ4-XfBVj3UtdP8-RZugy3WVrg-Zv28c53m4oV47qYCxL1rX_dqWX_YddsGSnpH5SRDqZ7bZeKPIfDVCDncpjVlhy3aQs2vojcJBn7Gdv9hC2_Nzct_pRFrnFE1a7KTCdY1bT_kAgnY3-iadRZrGeJf1fR2P5fu11bokx0pWjaypoy-ctwCjklldpEbA\/s1600\/logo-principal7.jpg\" width=\"100%\" height=\"100\" \/><\/a><!--bestpublic-voz02--><!--desk-in-out-voz02--><\/p>\n<p style=\"text-align: justify;\">Se trata de la 22\u00aa edici\u00f3n de una muestra que cuenta con un gran arraigo y una importante acogida en el calendario de la provincia, con m\u00e1s de 3.500 visitantes en 2023, tal y como ha puesto en valor el diputado provincial del \u00c1rea Social, Jos\u00e9 Gonz\u00e1lez, durante su presentaci\u00f3n.<\/p>\n<p style=\"text-align: justify;\">Junto a la concejala de Turismo, Rosa Gonz\u00e1lez de la Aleja, el responsable provincial ha destacado la importancia de la cita con la que se inaugura ese \u2018calendario ferial\u2019, y ha dejado claro que ferias como \u00e9sta son una oportunidad de negocio y un espacio de oportunidades para nuestro territorio y dan a conocer la provincia, convertidas \u201cen una herramienta potenciadora de un turismo muy interesante\u201d, donde se dan cita anticuarios, profesionales de la restauraci\u00f3n, amantes del arte cl\u00e1sico y tambi\u00e9n un gran n\u00famero de personas ajenas a este sector que llegan a Albacete atra\u00eddas por la gran variedad de productos y por los muchos atractivos que aqu\u00ed se encuentran.<\/p>\n<p style=\"text-align: justify;\">Este 2024, \u2018Antigua\u2019 dispondr\u00e1 de una superficie total de exposici\u00f3n, entre Anticuarios en stand y en Almoneda, de 2.600 m\u00b2, con 36 expositores procedentes del territorio nacional (Castilla-La Mancha, Madrid, Valenciana, Castilla y Le\u00f3n, La Rioja, Catalu\u00f1a, Murcia, Andaluc\u00eda y Pa\u00eds Vasco) e internacional con cuatro expositores desplazados desde Francia (dos de Saint-Palais, uno Toulouse y otro de Nantes), y, como novedad, contar\u00e1 tambi\u00e9n con un expositor de antig\u00fcedades de arte africano. Unos y otros pondr\u00e1n a la venta productos tan variados como imaginer\u00eda, pintura, mobiliario, arte gr\u00e1fico, objetos vintage, joyer\u00eda, l\u00e1mparas, decoraci\u00f3n, cristal, relojes, forja, cer\u00e1mica, numism\u00e1tica o coleccionismo.<\/p>\n<p style=\"text-align: justify;\">Adem\u00e1s, esta Feria cuenta con todas las garant\u00edas en lo relativo a la autenticidad de las piezas que se muestran. De hecho, un comit\u00e9 de expertos valora dicha autenticidad y antig\u00fcedad, y establece unas condiciones espec\u00edficas de participaci\u00f3n, con unos requisitos obligatorios que deben cumplir los expositores; garantizando que ning\u00fan art\u00edculo expuesto tiene una antig\u00fcedad inferior a 1960 y que no hay r\u00e9plicas, falsificaciones o elementos de \u2018alta decoraci\u00f3n\u2019. No obstante, es interesante recordar que s\u00ed se aceptan obras contempor\u00e1neas de autores confirmados, siempre que se adjunte su respectivo certificado de autenticidad.<\/p>\n<p style=\"text-align: justify;\">Gonz\u00e1lez subraya que \u2018Antigua\u2019 da una segunda vida a objetos, \u201cejemplo de econom\u00eda circular\u201d<\/p>\n<p style=\"text-align: justify;\">El diputado provincial tambi\u00e9n ha querido aprovechar la oportunidad para destacar otro de los atractivos de esta Feria, apuntando la \u201cdoble oportunidad\u201d que genera, en alusi\u00f3n a la compra y venta de productos \u00fanicos y tambi\u00e9n al dotar de una segunda vida a los mismos. Una cuesti\u00f3n que, como ha explicado, es muy importante para la Diputaci\u00f3n de Albacete en l\u00ednea con el trabajo que \u00e9sta viene realizando en materia de sostenibilidad y econom\u00eda circular, \u201cabogando por repensar, redise\u00f1ar, reparar, reducir, reutilizar\u2026 con el objetivo de alcanzar una econom\u00eda eficiente en el uso de los recursos, reduciendo al m\u00ednimo los residuos. Algo que \u2018Antigua\u2019 potencia, apostando por valores que son vitales para construir el futuro que queremos para nuestra tierra\u201d.<\/p>\n<p style=\"text-align: justify;\">Junto a esto, Jos\u00e9 Gonz\u00e1lez tambi\u00e9n ha puesto en valor la importancia que la IFAB tiene para la provincia de Albacete a trav\u00e9s de las diferentes ferias que organiza, \u201cgenerando sinergias socioecon\u00f3micas y territoriales y con ellas, riqueza, empleo y turismo, y proyectando una imagen positiva de nuestro territorio como un espacio de oportunidades y de negocio\u201d, y ha dejado claro que la Diputaci\u00f3n de Albacete siempre ser\u00e1 \u201cuna aliada\u201d para colaborar e impulsar cada iniciativa que sea buena para nuestra provincia, que contribuya a su desarrollo y, al mismo tiempo, que d\u00e9 a conocer Albacete, sus recursos, sus potencialidades\u2026, pero tambi\u00e9n su patrimonio hist\u00f3rico, cultural, natural, gastron\u00f3mico\u2026 como ocurre con cada iniciativa que emprende la Instituci\u00f3n Ferial.<\/p>\n<p style=\"text-align: justify;\">Finalmente, el responsable provincial ha invitado a los vecinos y vecinas del territorio albacetense a disfrutar de todo lo que esconde a plena vista \u2018Antigua\u2019.<\/p>\n<p style=\"text-align: justify;\">As\u00ed, todas las personas interesadas podr\u00e1n visitar esta Feria por 1\u20ac la entrada (con acceso gratuito para menores de 14 a\u00f1os) en el siguiente horario: viernes 16, de 12 a 21 horas; s\u00e1bado 17, de 11 a 21 horas y el d\u00eda de cierre, domingo 18 de febrero, de 11 a 20 horas.<\/p>\n<p><!--publicidad-voz03--><a href=\"https:\/\/www.facebook.com\/profile.php?id=100063593791305&amp;locale=es_ES\"><img decoding=\"async\" class=\"alignnone size-medium\" src=\"https:\/\/blogger.googleusercontent.com\/img\/b\/R29vZ2xl\/AVvXsEi8_n_ll8UOcGxCqzFvb_9Io4ICczlGC990BPtPj2w9Px-u7B3oqWUW5vtjZUqPNJ-nyjiUIorE0ATsib_l5tV8BVN-UJ03RTnU__IHJF_4DgDBtY4LIqXNG-FomrO-7ywes20CBCRM2Hcm7EJSh3UUw1dO-c_uTflUrtgY1i7uBRezj_DpympmEFkfbQY\/s1600\/logo-principal2.jpg\" width=\"100%\" height=\"100\" \/><\/a><!--bestpublic-voz03--><!--desk-in-out-voz03--><br \/>\n<!--publicidad-voz04--><a href=\"https:\/\/www.facebook.com\/profile.php?id=61557370768692&amp;locale=es_ES\"><img decoding=\"async\" class=\"alignnone size-medium\" src=\"https:\/\/blogger.googleusercontent.com\/img\/b\/R29vZ2xl\/AVvXsEgy5RdcfffrnrItnYTcV9bCJjgJwldsQLWssfVfrLbyfXeBNTFKgBf0rMIvhrUaGUhiXzVr9_eQgCbi-j63ZDpfTvLIty9w7s140y-m1yHe7eKmEK7v2NAHUJDVYGdfeiQFeRCqUjdwWmN1MX_AUxxz4IVdJ4WIM0APxit8bjWkXzrnEFGqBvW_1F13H1g\/s1600\/logo-principal5.jpg\" width=\"100%\" height=\"100\" \/><\/a><!--bestpublic-voz04--><!--desk-in-out-voz04--><br \/>\n<!--publicidad-voz05--><a href=\"https:\/\/www.facebook.com\/asociaciontamborileroshellin?locale=es_ES\"><img decoding=\"async\" class=\"alignnone size-medium\" src=\"https:\/\/blogger.googleusercontent.com\/img\/b\/R29vZ2xl\/AVvXsEhHEEpZsKK1VpwiYMrS7aE2ujtqIDZoLd4B5wtbiseSU9s2HdTdQfhF84So2XwEB1fv0BLw95GADm6hUl1bkKtzh-eIgVigXONuu_5RxeIMPhjk8q6uNX4EaEHbooKkbu7pCADWPpVJjhKIH5NQSJpWqedC-YBez4QAQeJYokkLot9bhrIaUAeztsGis6M\/s1600\/logo-principal3.jpg\" width=\"100%\" height=\"100\" \/><\/a><!--bestpublic-voz05--><!--desk-in-out-voz05--><br \/>\n<!--publicidad-voz06--><!--bestpublic-voz06--><!--desk-in-out-voz06--><br \/>\n<!--publicidad-voz07--><!--bestpublic-voz07--><!--desk-in-out-voz07--><br \/>\n<!--publicidad-voz08--><!--bestpublic-voz08--><!--desk-in-out-voz08--><br \/>\n<!--publicidad-voz09--><!--bestpublic-voz09--><!--desk-in-out-voz09--><br \/>\n<!--publicidad-voz10--><!--bestpublic-voz10--><!--desk-in-out-voz10--><br \/>\n<!--publicidad-voz11--><!--bestpublic-voz11--><!--desk-in-out-voz11--><br \/>\n<!--publicidad-voz12--><!--bestpublic-voz12--><!--desk-in-out-voz12--><br \/>\n<!--publicidad-voz13--><!--bestpublic-voz13--><!--desk-in-out-voz13--><br \/>\n<!--publicidad-voz14--><!--bestpublic-voz14--><!--desk-in-out-voz14--><br \/>\n<!--publicidad-voz15--><!--bestpublic-voz15--><!--desk-in-out-voz15--><br \/>\n<!--publicidad-voz16--><!--bestpublic-voz16--><!--desk-in-out-voz16--><\/p>\n","protected":false},"excerpt":{"rendered":"<p>La Feria de Antig\u00fcedades, Almoneda y Vintage de Albacete, \u2018Antigua\u2019, se celebrar\u00e1 los pr\u00f3ximos 16, 17 y 18 de febrero en el recinto de la Instituci\u00f3n Ferial (IFAB) en la&#8230;<\/p>\n","protected":false},"author":2,"featured_media":147479,"comment_status":"closed","ping_status":"closed","sticky":false,"template":"","format":"standard","meta":{"footnotes":""},"categories":[752,718,715,716,717],"tags":[],"class_list":["post-147478","post","type-post","status-publish","format-standard","has-post-thumbnail","hentry","category-blog-lv033","category-blogger","category-la-voz-de-hellin","category-la-voz-de-hellin-la-voz-de-hellin","category-noticias"],"_links":{"self":[{"href":"https:\/\/lavozdehellin.com\/noticias\/wp-json\/wp\/v2\/posts\/147478","targetHints":{"allow":["GET"]}}],"collection":[{"href":"https:\/\/lavozdehellin.com\/noticias\/wp-json\/wp\/v2\/posts"}],"about":[{"href":"https:\/\/lavozdehellin.com\/noticias\/wp-json\/wp\/v2\/types\/post"}],"author":[{"embeddable":true,"href":"https:\/\/lavozdehellin.com\/noticias\/wp-json\/wp\/v2\/users\/2"}],"replies":[{"embeddable":true,"href":"https:\/\/lavozdehellin.com\/noticias\/wp-json\/wp\/v2\/comments?post=147478"}],"version-history":[{"count":0,"href":"https:\/\/lavozdehellin.com\/noticias\/wp-json\/wp\/v2\/posts\/147478\/revisions"}],"wp:featuredmedia":[{"embeddable":true,"href":"https:\/\/lavozdehellin.com\/noticias\/wp-json\/wp\/v2\/media\/147479"}],"wp:attachment":[{"href":"https:\/\/lavozdehellin.com\/noticias\/wp-json\/wp\/v2\/media?parent=147478"}],"wp:term":[{"taxonomy":"category","embeddable":true,"href":"https:\/\/lavozdehellin.com\/noticias\/wp-json\/wp\/v2\/categories?post=147478"},{"taxonomy":"post_tag","embeddable":true,"href":"https:\/\/lavozdehellin.com\/noticias\/wp-json\/wp\/v2\/tags?post=147478"}],"curies":[{"name":"wp","href":"https:\/\/api.w.org\/{rel}","templated":true}]}}