{"id":147549,"date":"2024-02-20T12:56:22","date_gmt":"2024-02-20T12:56:22","guid":{"rendered":"https:\/\/lavozdehellin.com\/noticias\/?p=147549"},"modified":"2024-02-21T09:42:06","modified_gmt":"2024-02-21T09:42:06","slug":"v08-082-la-diputacion-de-albacete-aplaude-la-apuesta-del-vii-festival-del-humor-de-castilla-la-mancha-gachas-comedy-por-crecer-en-accesibilidad","status":"publish","type":"post","link":"https:\/\/lavozdehellin.com\/noticias\/v08-082-la-diputacion-de-albacete-aplaude-la-apuesta-del-vii-festival-del-humor-de-castilla-la-mancha-gachas-comedy-por-crecer-en-accesibilidad\/","title":{"rendered":"LVH NOTICIAS | LA DIPUTACI\u00d3N DE ALBACETE APLAUDE LA APUESTA DEL VII FESTIVAL DEL HUMOR DE CASTILLA-LA MANCHA, \u2018GACHA\u2019S COMEDY\u2019, POR \u201cCRECER\u201d EN ACCESIBILIDAD"},"content":{"rendered":"<p style=\"text-align: justify;\">El Festival del Humor de Castilla-La Mancha, \u2018Gacha\u2019s Comedy\u2019, celebra su VII edici\u00f3n del 23 de febrero al 23 de marzo en el marco de la programaci\u00f3n de Primavera de Cultural Albacete, y lo hace con m\u00e1s de 30 propuestas que incluyen espect\u00e1culos de humor, teatro o presentaci\u00f3n de libros, en las que participan m\u00e1s de 40 artistas, incluidos algunos de los humoristas m\u00e1s reconocidos de nuestro pa\u00eds, tal y como se ha avanzado durante su presentaci\u00f3n.<\/p>\n<p><!--more--><br \/>\n<!--publicidad-voz01--><a href=\"https:\/\/www.facebook.com\/SoloRadioHellin\/?locale=es_ES\"><img decoding=\"async\" class=\"alignnone size-medium\" src=\"https:\/\/blogger.googleusercontent.com\/img\/b\/R29vZ2xl\/AVvXsEiNncirNnyGedv00mhjZjh5Wl4_YPdJGanoAl8tL8zH-HwqE8uHqjEfSt340RHdx-9tuCSIkZ8rFamZiGyYlgDGxCsmXjCH_1xk5eYM3ntFZRvJP_jndOKR7w1UAo9Tu0vrZyOLfqRpHIxYI5SymJJ-pfGCQw6QVpggBH-UgfjiFQ2JOxqxG0Jx94kW83c\/s1600\/logo-principal.jpg\" width=\"100%\" height=\"100\" \/><\/a><!--bestpublic-voz01--><!--desk-in-out-voz01--><br \/>\n<!--publicidad-voz02--><a href=\"https:\/\/www.hellincf.com\/\"><img decoding=\"async\" class=\"alignnone size-medium\" src=\"https:\/\/blogger.googleusercontent.com\/img\/b\/R29vZ2xl\/AVvXsEhuZ4-XfBVj3UtdP8-RZugy3WVrg-Zv28c53m4oV47qYCxL1rX_dqWX_YddsGSnpH5SRDqZ7bZeKPIfDVCDncpjVlhy3aQs2vojcJBn7Gdv9hC2_Nzct_pRFrnFE1a7KTCdY1bT_kAgnY3-iadRZrGeJf1fR2P5fu11bokx0pWjaypoy-ctwCjklldpEbA\/s1600\/logo-principal7.jpg\" width=\"100%\" height=\"100\" \/><\/a><!--bestpublic-voz02--><!--desk-in-out-voz02--><\/p>\n<p style=\"text-align: justify;\">Una cita en la que ha participado el diputado provincial de Educaci\u00f3n y Cultura, Miguel Zamora, junto al delegado provincial de la JCCM, Pedro Antonio Ruiz Santos; a la concejal de Cultura en el Ayuntamiento de Albacete, Elena Serrall\u00e9; y a los directores del Festival, Jes\u00fas Arenas y Carlos Mart\u00ednez.<\/p>\n<p style=\"text-align: justify;\">Este evento contar\u00e1 con actuaciones en diferentes espacios esc\u00e9nicos (el Teatro Circo, el Auditorio Municipal o la Casa de la Cultura Jos\u00e9 Saramago), as\u00ed como con la implicaci\u00f3n de entidades privadas. Es el caso del Mes\u00f3n Sol y el Centro Comercial Imaginalia, que acoger\u00e1n las tradicionales \u2018Cata\u2019s Comedy. Humor y Maridaje\u2019 (el primero ser\u00e1 el 25 de febrero y el segundo, el 9 de marzo), o la Sala Sideral, ubicaci\u00f3n de distintos espect\u00e1culos. Adem\u00e1s, esta edici\u00f3n incorpora el \u2018Escenario Soliss\u2019, para llevar el mejor entretenimiento a diversas localidades de la provincia y la regi\u00f3n.<\/p>\n<p style=\"text-align: justify;\">De hecho, Zamora, que ha destacado que nos encontramos ante un Festival referente del humor nacional (con m\u00e1s de 10.000 asistentes en 2023) y una oportunidad \u00fanica para vivir experiencias c\u00f3micas de m\u00e1xima calidad con una clara apuesta por el humor castellano-manchego (ingenioso, \u00e1cido, surrealista, delirante, sat\u00edrico\u2026), ha puesto en valor la capacidad que \u2018Gacha\u2019s Comedy\u2019 viene demostrando para crecer \u201cen accesibilidad y democratizaci\u00f3n de la cultura\u201d.<\/p>\n<p style=\"text-align: justify;\">En este sentido, ha incidido en el af\u00e1n que desde la organizaci\u00f3n siempre han demostrado por avanzar en esa direcci\u00f3n a trav\u00e9s de entradas a precios asequibles, llevando espect\u00e1culos a diferentes localidades de la provincia y la regi\u00f3n y, en esta edici\u00f3n, incorporando una novedad en la \u2018Noche del Humor Manchego\u2019 (19 de marzo en el Teatro Circo), donde el espect\u00e1culo \u2018Cuatro Motes Manchegos\u2019 ser\u00e1 narrado en lengua de signos. Lo que lo convierte en el primer festival del humor que incorpora un int\u00e9rprete para que personas sordas o con problemas de audici\u00f3n puedan disfrutar tambi\u00e9n de este evento.<\/p>\n<p style=\"text-align: justify;\">As\u00ed, en esta edici\u00f3n \u2018Gacha\u2019s Comed\u2019 vuelve a \u2018salir\u2019 de la capital para llegar a La Roda, Casas Ib\u00e1\u00f1ez y Villarrobledo, as\u00ed como a El Provencio y Motilleja del Palancar en Cuenca; a Alcazar de San Juan en Ciudad Real; y a Quintanar de la Orden en Toledo.<\/p>\n<p style=\"text-align: justify;\">Adem\u00e1s, Zamora ha dejado claro que para la Diputaci\u00f3n de Albacete es un placer sumar su apoyo a esta iniciativa en l\u00ednea con el trabajo que desde la instituci\u00f3n vienen realizando para impulsar la actividad cultural en todos sus formatos desde un compromiso claro por hacerla llegar a toda la ciudadan\u00eda, y ha animado a la poblaci\u00f3n a disfrutar de este Festival en algunas de sus m\u00faltiples ubicaciones, apuntando que \u201clas instituciones estamos aqu\u00ed para darle horma a un proyecto impresionante, y es impresionante por quienes lo hacen posible\u201d, en alusi\u00f3n a los medios de comunicaci\u00f3n, a los colaboradores p\u00fablicos y privados y, especialmente, al p\u00fablico.<\/p>\n<p style=\"text-align: justify;\">Una programaci\u00f3n brillante<\/p>\n<p style=\"text-align: justify;\">Esta edici\u00f3n vuelve a combinar humoristas que est\u00e1n triunfando en nuestro pa\u00eds en diferentes plataformas, como Edu Soto, Pablo Chiapella, David Cepo, Bertus, Lala Chus, Ernesto Sevilla, Jaime Caravaca, Galder Varas, Fran Pati\u2026, con impulsores del humor castellano-manchego y j\u00f3venes que comienzan su carrera, a los que se les da una oportunidad. De hecho, este evento arranca con el albacete\u00f1o Ale Villaescusa y su espect\u00e1culo \u2018Flamenco\u00f1a\u2019.<\/p>\n<p style=\"text-align: justify;\">Adem\u00e1s, esta programaci\u00f3n incluye la presentaci\u00f3n del libro \u2018101 motivos\u2019 del tambi\u00e9n c\u00f3mico criptanense, Jos\u00e9 Andr\u00e9s L\u00f3pez de la Rica; el espect\u00e1culo de la actriz Antonia San Juan, \u2018Entrevista con mi hija Mari\u2019 (16 marzo, Auditorio Municipal), o dos obras de teatro: \u2018El Perro del Hortelano\u2019 (11 de marzo en el Teatro Circo) y \u2018Se\u00f1oras al Bingo\u2019 con el humorista rodense Santi Avenda\u00f1o (18 de marzo en el Teatro Circo), convirti\u00e9ndose en la primera producci\u00f3n de teatro de improvisaci\u00f3n que forma parte del Festival.<\/p>\n<p style=\"text-align: justify;\">Asimismo, durante la presentaci\u00f3n se ha avanzado que Fernando Esteso, a quien se le rinde homenaje en la Filmoteca de Albacete (13 de marzo), recibir\u00e1 la Menci\u00f3n \u2018Sancho Panza\u2019.<\/p>\n<p style=\"text-align: justify;\">Toda la informaci\u00f3n est\u00e1 disponible en la propia p\u00e1gina web del festival: https:\/\/www.gachascomedy.com<\/p>\n<p><!--publicidad-voz03--><a href=\"https:\/\/www.facebook.com\/profile.php?id=100063593791305&amp;locale=es_ES\"><img decoding=\"async\" class=\"alignnone size-medium\" src=\"https:\/\/blogger.googleusercontent.com\/img\/b\/R29vZ2xl\/AVvXsEi8_n_ll8UOcGxCqzFvb_9Io4ICczlGC990BPtPj2w9Px-u7B3oqWUW5vtjZUqPNJ-nyjiUIorE0ATsib_l5tV8BVN-UJ03RTnU__IHJF_4DgDBtY4LIqXNG-FomrO-7ywes20CBCRM2Hcm7EJSh3UUw1dO-c_uTflUrtgY1i7uBRezj_DpympmEFkfbQY\/s1600\/logo-principal2.jpg\" width=\"100%\" height=\"100\" \/><\/a><!--bestpublic-voz03--><!--desk-in-out-voz03--><br \/>\n<!--publicidad-voz04--><a href=\"https:\/\/www.facebook.com\/profile.php?id=61557370768692&amp;locale=es_ES\"><img decoding=\"async\" class=\"alignnone size-medium\" src=\"https:\/\/blogger.googleusercontent.com\/img\/b\/R29vZ2xl\/AVvXsEgy5RdcfffrnrItnYTcV9bCJjgJwldsQLWssfVfrLbyfXeBNTFKgBf0rMIvhrUaGUhiXzVr9_eQgCbi-j63ZDpfTvLIty9w7s140y-m1yHe7eKmEK7v2NAHUJDVYGdfeiQFeRCqUjdwWmN1MX_AUxxz4IVdJ4WIM0APxit8bjWkXzrnEFGqBvW_1F13H1g\/s1600\/logo-principal5.jpg\" width=\"100%\" height=\"100\" \/><\/a><!--bestpublic-voz04--><!--desk-in-out-voz04--><br \/>\n<!--publicidad-voz05--><a href=\"https:\/\/www.facebook.com\/asociaciontamborileroshellin?locale=es_ES\"><img decoding=\"async\" class=\"alignnone size-medium\" src=\"https:\/\/blogger.googleusercontent.com\/img\/b\/R29vZ2xl\/AVvXsEhHEEpZsKK1VpwiYMrS7aE2ujtqIDZoLd4B5wtbiseSU9s2HdTdQfhF84So2XwEB1fv0BLw95GADm6hUl1bkKtzh-eIgVigXONuu_5RxeIMPhjk8q6uNX4EaEHbooKkbu7pCADWPpVJjhKIH5NQSJpWqedC-YBez4QAQeJYokkLot9bhrIaUAeztsGis6M\/s1600\/logo-principal3.jpg\" width=\"100%\" height=\"100\" \/><\/a><!--bestpublic-voz05--><!--desk-in-out-voz05--><br \/>\n<!--publicidad-voz06--><!--bestpublic-voz06--><!--desk-in-out-voz06--><br \/>\n<!--publicidad-voz07--><!--bestpublic-voz07--><!--desk-in-out-voz07--><br \/>\n<!--publicidad-voz08--><!--bestpublic-voz08--><!--desk-in-out-voz08--><br \/>\n<!--publicidad-voz09--><!--bestpublic-voz09--><!--desk-in-out-voz09--><br \/>\n<!--publicidad-voz10--><!--bestpublic-voz10--><!--desk-in-out-voz10--><br \/>\n<!--publicidad-voz11--><!--bestpublic-voz11--><!--desk-in-out-voz11--><br \/>\n<!--publicidad-voz12--><!--bestpublic-voz12--><!--desk-in-out-voz12--><br \/>\n<!--publicidad-voz13--><!--bestpublic-voz13--><!--desk-in-out-voz13--><br \/>\n<!--publicidad-voz14--><!--bestpublic-voz14--><!--desk-in-out-voz14--><br \/>\n<!--publicidad-voz15--><!--bestpublic-voz15--><!--desk-in-out-voz15--><br \/>\n<!--publicidad-voz16--><!--bestpublic-voz16--><!--desk-in-out-voz16--><\/p>\n","protected":false},"excerpt":{"rendered":"<p>El Festival del Humor de Castilla-La Mancha, \u2018Gacha\u2019s Comedy\u2019, celebra su VII edici\u00f3n del 23 de febrero al 23 de marzo en el marco de la programaci\u00f3n de Primavera de&#8230;<\/p>\n","protected":false},"author":2,"featured_media":147550,"comment_status":"closed","ping_status":"closed","sticky":false,"template":"","format":"standard","meta":{"footnotes":""},"categories":[752,718,715,716,717],"tags":[],"class_list":["post-147549","post","type-post","status-publish","format-standard","has-post-thumbnail","hentry","category-blog-lv033","category-blogger","category-la-voz-de-hellin","category-la-voz-de-hellin-la-voz-de-hellin","category-noticias"],"_links":{"self":[{"href":"https:\/\/lavozdehellin.com\/noticias\/wp-json\/wp\/v2\/posts\/147549","targetHints":{"allow":["GET"]}}],"collection":[{"href":"https:\/\/lavozdehellin.com\/noticias\/wp-json\/wp\/v2\/posts"}],"about":[{"href":"https:\/\/lavozdehellin.com\/noticias\/wp-json\/wp\/v2\/types\/post"}],"author":[{"embeddable":true,"href":"https:\/\/lavozdehellin.com\/noticias\/wp-json\/wp\/v2\/users\/2"}],"replies":[{"embeddable":true,"href":"https:\/\/lavozdehellin.com\/noticias\/wp-json\/wp\/v2\/comments?post=147549"}],"version-history":[{"count":0,"href":"https:\/\/lavozdehellin.com\/noticias\/wp-json\/wp\/v2\/posts\/147549\/revisions"}],"wp:featuredmedia":[{"embeddable":true,"href":"https:\/\/lavozdehellin.com\/noticias\/wp-json\/wp\/v2\/media\/147550"}],"wp:attachment":[{"href":"https:\/\/lavozdehellin.com\/noticias\/wp-json\/wp\/v2\/media?parent=147549"}],"wp:term":[{"taxonomy":"category","embeddable":true,"href":"https:\/\/lavozdehellin.com\/noticias\/wp-json\/wp\/v2\/categories?post=147549"},{"taxonomy":"post_tag","embeddable":true,"href":"https:\/\/lavozdehellin.com\/noticias\/wp-json\/wp\/v2\/tags?post=147549"}],"curies":[{"name":"wp","href":"https:\/\/api.w.org\/{rel}","templated":true}]}}